{"id":145068,"date":"2021-11-02T13:23:46","date_gmt":"2021-11-02T10:23:46","guid":{"rendered":"https:\/\/www.enerjigazetesi.ist\/?p=145068"},"modified":"2021-11-02T13:31:13","modified_gmt":"2021-11-02T10:31:13","slug":"bursa-da-duvarlar-siddeti-onlemek-icin-renklendirildi","status":"publish","type":"post","link":"https:\/\/www.enerjigazetesi.ist\/en\/bursa-da-duvarlar-siddeti-onlemek-icin-renklendirildi\/","title":{"rendered":"(Turkish) Bursa\u2019da Duvarlar \u015eiddeti \u00d6nlemek \u0130\u00e7in Renklendirildi"},"content":{"rendered":"<p class=\"qtranxs-available-languages-message qtranxs-available-languages-message-en\">Sorry, this entry is only available in <a href=\"https:\/\/www.enerjigazetesi.ist\/tr\/wp-json\/wp\/v2\/posts\/145068\" class=\"qtranxs-available-language-link qtranxs-available-language-link-tr\" title=\"Turkish\">Turkish<\/a>. For the sake of viewer convenience, the content is shown below in the alternative language. You may click the link to switch the active language.<\/p><p><\/p>\n<h2><strong>Bursa\u2019da duvarlar, kad\u0131na \u015fiddeti \u00f6nlemek i\u00e7in renklendi. \u0130\u00e7i\u015fleri Bakanl\u0131\u011f\u0131 taraf\u0131ndan kullan\u0131ma sunulan Kad\u0131n Destek Uygulamas\u0131&#8217;na (KADES) dikkat \u00e7ekildi.<\/strong><\/h2>\n<p><em><img loading=\"lazy\" class=\"alignright wp-image-145075\" src=\"https:\/\/www.enerjigazetesi.ist\/wp-content\/uploads\/2021\/11\/bursa-da-trafo-duvarlari-siddeti-onlemek-icin-renklendirildi-2.jpg\" alt=\"\" width=\"320\" height=\"263\" srcset=\"https:\/\/www.enerjigazetesi.ist\/wp-content\/uploads\/2021\/11\/bursa-da-trafo-duvarlari-siddeti-onlemek-icin-renklendirildi-2.jpg 550w, https:\/\/www.enerjigazetesi.ist\/wp-content\/uploads\/2021\/11\/bursa-da-trafo-duvarlari-siddeti-onlemek-icin-renklendirildi-2-300x247.jpg 300w, https:\/\/www.enerjigazetesi.ist\/wp-content\/uploads\/2021\/11\/bursa-da-trafo-duvarlari-siddeti-onlemek-icin-renklendirildi-2-487x400.jpg 487w, https:\/\/www.enerjigazetesi.ist\/wp-content\/uploads\/2021\/11\/bursa-da-trafo-duvarlari-siddeti-onlemek-icin-renklendirildi-2-61x50.jpg 61w, https:\/\/www.enerjigazetesi.ist\/wp-content\/uploads\/2021\/11\/bursa-da-trafo-duvarlari-siddeti-onlemek-icin-renklendirildi-2-500x411.jpg 500w\" sizes=\"(max-width: 320px) 100vw, 320px\" \/>G\u00fcney Marmara\u2019da elektrik da\u011f\u0131t\u0131m hizmeti<\/em> veren <strong>UEDA\u015e<\/strong>, <strong>Bursa \u0130l Emniyet M\u00fcd\u00fcrl\u00fc\u011f\u00fc<\/strong> ile birlikte <strong>sosyal sorumluluk projesi<\/strong>ne imza att\u0131.<\/p>\n<p>Enerji sekt\u00f6r\u00fcnde \u00f6nc\u00fc olan <strong>Trafolar Konu\u015fuyor projesi<\/strong> ile bug\u00fcne kadar bir\u00e7ok toplumsal konuyu grafiti sanat\u0131yla trafolara yans\u0131tan <strong>UEDA\u015e<\/strong>, bu kez <strong>Asayi\u015f \u015eube M\u00fcd\u00fcrl\u00fc\u011f\u00fc&#8217;<\/strong>n\u00fcn duvarlar\u0131n\u0131 konu\u015fturdu. <strong>KADES uygulamas\u0131n\u0131n<\/strong> \u00f6nemine dikkat \u00e7ekilen \u00e7al\u0131\u015fmada <strong>kad\u0131n polisler bina duvar\u0131na<\/strong> uyar\u0131 mesajlar\u0131n\u0131 resmetti.<\/p>\n<p><strong>Kad\u0131na \u015fiddetle m\u00fccadelede<\/strong> Emniyetin b\u00fcy\u00fck g\u00f6rev ta\u015f\u0131d\u0131\u011f\u0131na dikkat \u00e7eken <em>UEDA\u015e Genel M\u00fcd\u00fcr\u00fc<\/em> G\u00f6kay Fatih Danac\u0131, \u2018<strong>Trafolar Konu\u015fuyor projemizle<\/strong> bug\u00fcne kadar bir\u00e7ok toplumsal konuyu ele alm\u0131\u015ft\u0131k. \u00dclkemizde kad\u0131na <strong>\u015fiddete kar\u015f\u0131 ba\u015flat\u0131lan kampanya<\/strong> kapsam\u0131nda Emniyet M\u00fcd\u00fcrl\u00fc\u011f\u00fcm\u00fcz\u00fcn de deste\u011fiyle iyi bir \u00e7al\u0131\u015fmaya imza att\u0131k\u2019 dedi.<\/p>","protected":false},"excerpt":{"rendered":"<p>Sorry, this entry is only available in Turkish. For the sake of viewer convenience, the content is shown below in the alternative language. You may click the link to switch the active language. Bursa\u2019da duvarlar, kad\u0131na \u015fiddeti \u00f6nlemek i\u00e7in renklendi. \u0130\u00e7i\u015fleri Bakanl\u0131\u011f\u0131 taraf\u0131ndan kullan\u0131ma sunulan Kad\u0131n Destek Uygulamas\u0131&#8217;na (KADES) dikkat \u00e7ekildi. G\u00fcney Marmara\u2019da elektrik da\u011f\u0131t\u0131m [&hellip;]<\/p>\n","protected":false},"author":1,"featured_media":145072,"comment_status":"open","ping_status":"open","sticky":false,"template":"","format":"standard","meta":[],"categories":[51,53],"tags":[47423,98112,82459,96572,98111,98113,98110,98109,1884,2227],"views":78,"_links":{"self":[{"href":"https:\/\/www.enerjigazetesi.ist\/en\/wp-json\/wp\/v2\/posts\/145068"}],"collection":[{"href":"https:\/\/www.enerjigazetesi.ist\/en\/wp-json\/wp\/v2\/posts"}],"about":[{"href":"https:\/\/www.enerjigazetesi.ist\/en\/wp-json\/wp\/v2\/types\/post"}],"author":[{"embeddable":true,"href":"https:\/\/www.enerjigazetesi.ist\/en\/wp-json\/wp\/v2\/users\/1"}],"replies":[{"embeddable":true,"href":"https:\/\/www.enerjigazetesi.ist\/en\/wp-json\/wp\/v2\/comments?post=145068"}],"version-history":[{"count":0,"href":"https:\/\/www.enerjigazetesi.ist\/en\/wp-json\/wp\/v2\/posts\/145068\/revisions"}],"wp:featuredmedia":[{"embeddable":true,"href":"https:\/\/www.enerjigazetesi.ist\/en\/wp-json\/wp\/v2\/media\/145072"}],"wp:attachment":[{"href":"https:\/\/www.enerjigazetesi.ist\/en\/wp-json\/wp\/v2\/media?parent=145068"}],"wp:term":[{"taxonomy":"category","embeddable":true,"href":"https:\/\/www.enerjigazetesi.ist\/en\/wp-json\/wp\/v2\/categories?post=145068"},{"taxonomy":"post_tag","embeddable":true,"href":"https:\/\/www.enerjigazetesi.ist\/en\/wp-json\/wp\/v2\/tags?post=145068"}],"curies":[{"name":"wp","href":"https:\/\/api.w.org\/{rel}","templated":true}]}}