{"id":144931,"date":"2021-10-31T19:24:39","date_gmt":"2021-10-31T16:24:39","guid":{"rendered":"https:\/\/www.enerjigazetesi.ist\/?p=144931"},"modified":"2021-10-31T19:24:39","modified_gmt":"2021-10-31T16:24:39","slug":"ekvator-enerji-grubu-688-mw-kurulu-gucteki-yilmaz-gesi-satin-aldi","status":"publish","type":"post","link":"https:\/\/www.enerjigazetesi.ist\/en\/ekvator-enerji-grubu-688-mw-kurulu-gucteki-yilmaz-gesi-satin-aldi\/","title":{"rendered":"(Turkish) &#8217;Ekvator Enerji Grubu&#8217; 6,88 MW Kurulu G\u00fc\u00e7teki Y\u0131lmaz GES&#8217;i Sat\u0131n Ald\u0131"},"content":{"rendered":"<p class=\"qtranxs-available-languages-message qtranxs-available-languages-message-en\">Sorry, this entry is only available in <a href=\"https:\/\/www.enerjigazetesi.ist\/tr\/wp-json\/wp\/v2\/posts\/144931\" class=\"qtranxs-available-language-link qtranxs-available-language-link-tr\" title=\"Turkish\">Turkish<\/a>. For the sake of viewer convenience, the content is shown below in the alternative language. You may click the link to switch the active language.<\/p><p><\/p>\n<h2><strong>Ekvator Enerji Grubu<\/strong>, \u015eanl\u0131urfa&#8217;da 100.272 m2 alan \u00fczerine kurulu, 25.944 adet g\u00fcne\u015f paneli ile 6,88 MW kurulu g\u00fcce sahip olan <strong>Y\u0131lmaz G\u00fcne\u015f Enerjisi Santrali <img loading=\"lazy\" class=\"alignright wp-image-144934\" src=\"https:\/\/www.enerjigazetesi.ist\/wp-content\/uploads\/2021\/10\/ekvator-enerji-grubu-688-mw-kurulu-gucteki-yilmaz-gesi-satin-aldi.jpg\" alt=\"\" width=\"320\" height=\"240\" srcset=\"https:\/\/www.enerjigazetesi.ist\/wp-content\/uploads\/2021\/10\/ekvator-enerji-grubu-688-mw-kurulu-gucteki-yilmaz-gesi-satin-aldi.jpg 550w, https:\/\/www.enerjigazetesi.ist\/wp-content\/uploads\/2021\/10\/ekvator-enerji-grubu-688-mw-kurulu-gucteki-yilmaz-gesi-satin-aldi-300x225.jpg 300w, https:\/\/www.enerjigazetesi.ist\/wp-content\/uploads\/2021\/10\/ekvator-enerji-grubu-688-mw-kurulu-gucteki-yilmaz-gesi-satin-aldi-500x375.jpg 500w, https:\/\/www.enerjigazetesi.ist\/wp-content\/uploads\/2021\/10\/ekvator-enerji-grubu-688-mw-kurulu-gucteki-yilmaz-gesi-satin-aldi-67x50.jpg 67w\" sizes=\"(max-width: 320px) 100vw, 320px\" \/>(GES)<\/strong>\u2019ni sat\u0131n ald\u0131.<\/h2>\n<p><em>Ekvator Enerji Grubu Y\u00f6netim Kurulu \u00dcyesi <\/em><strong>Hakk\u0131 Kubilay \u015eakar <\/strong>yat\u0131r\u0131mlar\u0131yla ilgili <span style=\"text-decoration: underline;\">\u015fu a\u00e7\u0131klamalar\u0131 yapt\u0131:<\/span><\/p>\n<p><em>&#8220;Konya\u2019da <strong>235.000 m2<\/strong> \u00fczerinde kurulu ve \u015eanl\u0131urfa\u2019da da <strong>60.000 m2<\/strong> \u00fczerinde kurulu santral portf\u00f6y\u00fcm\u00fcze <strong>100.000 m2<\/strong> \u00fczerinde kurulu\u00a0<strong>Y\u0131lmaz G\u00fcne\u015f Santrali<\/strong>\u2019ni dahil etmenin mutluluk ve heyecan\u0131n\u0131 ya\u015f\u0131yoruz. <strong>Yerli<\/strong> ve <strong>yenilenebilir enerji<\/strong> kaynaklar\u0131ndan <strong>g\u00fcne\u015f, r\u00fczg\u00e2r<\/strong> ve <strong>suya<\/strong> dayal\u0131 yat\u0131r\u0131mlara devam edece\u011fiz. Bu yat\u0131r\u0131m\u0131m\u0131zla birlikte toplamda <strong>21,14 MW<\/strong> kurulu g\u00fcce ula\u015ft\u0131k ve santrallerimizden elde edilen\u00a0<strong>elektrik \u00fcretimi<\/strong>\u00a0ile y\u0131lda toplam <strong>962.495 adet<\/strong> a\u011fac\u0131n \u00e7evreye sa\u011flad\u0131\u011f\u0131 faydaya denk <strong>karbon sal\u0131m\u0131n\u0131n azalt\u0131lmas\u0131na<\/strong> katk\u0131da bulunuyoruz.&#8221;<\/em><\/p>","protected":false},"excerpt":{"rendered":"<p>Sorry, this entry is only available in Turkish. For the sake of viewer convenience, the content is shown below in the alternative language. You may click the link to switch the active language. Ekvator Enerji Grubu, \u015eanl\u0131urfa&#8217;da 100.272 m2 alan \u00fczerine kurulu, 25.944 adet g\u00fcne\u015f paneli ile 6,88 MW kurulu g\u00fcce sahip olan Y\u0131lmaz G\u00fcne\u015f [&hellip;]<\/p>\n","protected":false},"author":1,"featured_media":144934,"comment_status":"open","ping_status":"open","sticky":false,"template":"","format":"standard","meta":[],"categories":[51,53,49],"tags":[97146,19,2206,98050,2097,97257],"views":131,"_links":{"self":[{"href":"https:\/\/www.enerjigazetesi.ist\/en\/wp-json\/wp\/v2\/posts\/144931"}],"collection":[{"href":"https:\/\/www.enerjigazetesi.ist\/en\/wp-json\/wp\/v2\/posts"}],"about":[{"href":"https:\/\/www.enerjigazetesi.ist\/en\/wp-json\/wp\/v2\/types\/post"}],"author":[{"embeddable":true,"href":"https:\/\/www.enerjigazetesi.ist\/en\/wp-json\/wp\/v2\/users\/1"}],"replies":[{"embeddable":true,"href":"https:\/\/www.enerjigazetesi.ist\/en\/wp-json\/wp\/v2\/comments?post=144931"}],"version-history":[{"count":0,"href":"https:\/\/www.enerjigazetesi.ist\/en\/wp-json\/wp\/v2\/posts\/144931\/revisions"}],"wp:featuredmedia":[{"embeddable":true,"href":"https:\/\/www.enerjigazetesi.ist\/en\/wp-json\/wp\/v2\/media\/144934"}],"wp:attachment":[{"href":"https:\/\/www.enerjigazetesi.ist\/en\/wp-json\/wp\/v2\/media?parent=144931"}],"wp:term":[{"taxonomy":"category","embeddable":true,"href":"https:\/\/www.enerjigazetesi.ist\/en\/wp-json\/wp\/v2\/categories?post=144931"},{"taxonomy":"post_tag","embeddable":true,"href":"https:\/\/www.enerjigazetesi.ist\/en\/wp-json\/wp\/v2\/tags?post=144931"}],"curies":[{"name":"wp","href":"https:\/\/api.w.org\/{rel}","templated":true}]}}