{"id":144857,"date":"2021-10-29T14:26:44","date_gmt":"2021-10-29T11:26:44","guid":{"rendered":"https:\/\/www.enerjigazetesi.ist\/?p=144857"},"modified":"2021-10-29T14:28:13","modified_gmt":"2021-10-29T11:28:13","slug":"kisilerin-karbon-ayak-izlerine-gore-vergi-sistemi-nin-gelecegine-vurgu-yapildi","status":"publish","type":"post","link":"https:\/\/www.enerjigazetesi.ist\/en\/kisilerin-karbon-ayak-izlerine-gore-vergi-sistemi-nin-gelecegine-vurgu-yapildi\/","title":{"rendered":"(Turkish) Ki\u015filerin Karbon Ayak \u0130zlerine G\u00f6re Vergilendirme Sisteminin Gelece\u011fine Vurgu"},"content":{"rendered":"<p class=\"qtranxs-available-languages-message qtranxs-available-languages-message-en\">Sorry, this entry is only available in <a href=\"https:\/\/www.enerjigazetesi.ist\/tr\/wp-json\/wp\/v2\/posts\/144857\" class=\"qtranxs-available-language-link qtranxs-available-language-link-tr\" title=\"Turkish\">Turkish<\/a>. For the sake of viewer convenience, the content is shown below in the alternative language. You may click the link to switch the active language.<\/p><p><\/p>\n<h2><strong>DCF i\u00e7eri\u011findeki konferanslar kapsam\u0131nda sekt\u00f6r\u00fcn \u00f6nde gelen isimleri hukuksal ve teknolojik konulardaki son geli\u015fmeleri a\u00e7\u0131klarken ger\u00e7ek ve t\u00fczel ki\u015filerin karbon ayak izlerinin art\u0131k hesaplanabiliyor olaca\u011f\u0131 ve buna g\u00f6re vergilendirme sisteminin gelece\u011fi de vurguland\u0131.<\/strong><\/h2>\n<p><strong>\u201cT\u00fcrkiye\u2019nin Verisi T\u00fcrkiye\u2019de Kalacak\u201d<\/strong> mottosu ile birbirinden <strong>\u00f6nemli teknolojileri ziyaret\u00e7ileri<\/strong> ile bulu\u015fturan <strong>DCF Veri Merkezi Fuar\u0131<\/strong> kapsam\u0131nda ger\u00e7ekle\u015ftirilen konferanslarda \u00f6nemli a\u00e7\u0131klamalarda bulunuldu.<\/p>\n<h3><strong>AKILLI TABELA PROJES\u0130 \u0130LE 1.5 M\u0130LYON FON<\/strong><\/h3>\n<h3><strong><img loading=\"lazy\" class=\"alignright wp-image-144860\" src=\"https:\/\/www.enerjigazetesi.ist\/wp-content\/uploads\/2021\/10\/kisilerin-karbon-ayak-izlerine-gore-vergi-sistemi-nin-gelecegine-vurgu-yapildi.jpg\" alt=\"\" width=\"320\" height=\"207\" srcset=\"https:\/\/www.enerjigazetesi.ist\/wp-content\/uploads\/2021\/10\/kisilerin-karbon-ayak-izlerine-gore-vergi-sistemi-nin-gelecegine-vurgu-yapildi.jpg 550w, https:\/\/www.enerjigazetesi.ist\/wp-content\/uploads\/2021\/10\/kisilerin-karbon-ayak-izlerine-gore-vergi-sistemi-nin-gelecegine-vurgu-yapildi-300x194.jpg 300w, https:\/\/www.enerjigazetesi.ist\/wp-content\/uploads\/2021\/10\/kisilerin-karbon-ayak-izlerine-gore-vergi-sistemi-nin-gelecegine-vurgu-yapildi-500x324.jpg 500w, https:\/\/www.enerjigazetesi.ist\/wp-content\/uploads\/2021\/10\/kisilerin-karbon-ayak-izlerine-gore-vergi-sistemi-nin-gelecegine-vurgu-yapildi-77x50.jpg 77w\" sizes=\"(max-width: 320px) 100vw, 320px\" \/><\/strong><\/h3>\n<p><strong>Ak\u0131ll\u0131 Kentler<\/strong> oturumunda konu\u015fan <em>Yalova Belediyesi Ak\u0131ll\u0131 Kentler Proje Y\u00fcr\u00fct\u00fcc\u00fcs\u00fc <\/em><strong>Yusuf Deniz \u0130nan<\/strong> \u00f6nemli a\u00e7\u0131klamalarda bulunurken <strong>Ak\u0131ll\u0131 tabela projesi ile 1.5 milyon fon<\/strong> ald\u0131klar\u0131n\u0131 dile getiren \u0130nan, <em>&#8220;<strong>\u0130klim de\u011fi\u015fikli\u011fi<\/strong> ve <strong>kontrols\u00fcz g\u00f6\u00e7ler<\/strong> kapsam\u0131nda <strong>krizi f\u0131rsata d\u00f6n\u00fc\u015ft\u00fcrmek<\/strong> i\u00e7in projeler geli\u015ftiriyoruz. Paris \u0130klim Anla\u015fmas\u0131 <strong>Temmuz 2021<\/strong>&#8216;de imzaland\u0131. <strong>2025\u2019te kademeli ge\u00e7i\u015f d\u00f6nemi sona erecek. Bu do\u011frultuda ger\u00e7ek ki\u015filerin ve t\u00fczel ki\u015filiklerin karbon ayak izleri <\/strong>say\u0131sal olarak<strong> hesaplanabiliyor olacak ve buna g\u00f6re vergilendirilecek.<\/strong> Buna g\u00f6re bizim en b\u00fcy\u00fck pazarlar\u0131m\u0131zdan olan <strong>ABD<\/strong> ve <strong>Avrupa<\/strong> da bizi buna g\u00f6re tan\u0131yor olacak. Buna bir an evvel h\u0131zl\u0131ca haz\u0131rlanmam\u0131z gerekiyor.&#8221;<\/em> ifadelerini kulland\u0131.<\/p>\n<h3><strong>YERL\u0130 VE M\u0130LL\u0130 S\u0130STEM \u0130LE VER\u0130 KAYIPLARI \u00d6NLEN\u0130YOR<\/strong><\/h3>\n<p>T\u00fcrkiye\u2019nin ilk ve tek seri \u00fcretimi olan <strong>% 100 yerli<\/strong> ve <strong>milli Ak\u00fc \u0130zleme ve Y\u00f6netim Sistemi (A\u0130S)<\/strong>, kendi alan\u0131 \u00e7er\u00e7evesinde<strong> Avrupa, Amerika<\/strong> ve<strong> Uzak Do\u011fu<\/strong>\u2019dan ithal edilen \u00fcr\u00fcnlerin yerini al\u0131yor. Sistem, geli\u015ftirdi\u011fi teknolojisiyle <strong>kritik enerji altyap\u0131lar\u0131<\/strong>n\u0131n ( Veri merkezi, Havaliman\u0131, End\u00fcstriyel tesis, Marin, Petrokimya ) ak\u00fc kesintisinden kaynakl\u0131 kay\u0131plar\u0131n \u00f6n\u00fcne ge\u00e7iyor. <strong>Uzaktan eri\u015fim izni<\/strong> ile <strong>her yerden y\u00f6netebilme<\/strong> ve<strong> kontrol alt\u0131nda tutabilme<\/strong> imkan\u0131 sunan <strong>A\u0130S<\/strong> ile \u00f6nleyici faaliyetler zaman\u0131nda ger\u00e7ekle\u015ftirilerek, <strong>i\u015f s\u00fcreklili\u011fi kesintisiz<\/strong> olarak sa\u011flan\u0131yor.<\/p>","protected":false},"excerpt":{"rendered":"<p>Sorry, this entry is only available in Turkish. For the sake of viewer convenience, the content is shown below in the alternative language. You may click the link to switch the active language. DCF i\u00e7eri\u011findeki konferanslar kapsam\u0131nda sekt\u00f6r\u00fcn \u00f6nde gelen isimleri hukuksal ve teknolojik konulardaki son geli\u015fmeleri a\u00e7\u0131klarken ger\u00e7ek ve t\u00fczel ki\u015filerin karbon ayak izlerinin [&hellip;]<\/p>\n","protected":false},"author":1,"featured_media":144860,"comment_status":"open","ping_status":"open","sticky":false,"template":"","format":"standard","meta":[],"categories":[51,53,52,157],"tags":[98026,38570,98024,98023,23588,37486,65918,98025],"views":236,"_links":{"self":[{"href":"https:\/\/www.enerjigazetesi.ist\/en\/wp-json\/wp\/v2\/posts\/144857"}],"collection":[{"href":"https:\/\/www.enerjigazetesi.ist\/en\/wp-json\/wp\/v2\/posts"}],"about":[{"href":"https:\/\/www.enerjigazetesi.ist\/en\/wp-json\/wp\/v2\/types\/post"}],"author":[{"embeddable":true,"href":"https:\/\/www.enerjigazetesi.ist\/en\/wp-json\/wp\/v2\/users\/1"}],"replies":[{"embeddable":true,"href":"https:\/\/www.enerjigazetesi.ist\/en\/wp-json\/wp\/v2\/comments?post=144857"}],"version-history":[{"count":0,"href":"https:\/\/www.enerjigazetesi.ist\/en\/wp-json\/wp\/v2\/posts\/144857\/revisions"}],"wp:featuredmedia":[{"embeddable":true,"href":"https:\/\/www.enerjigazetesi.ist\/en\/wp-json\/wp\/v2\/media\/144860"}],"wp:attachment":[{"href":"https:\/\/www.enerjigazetesi.ist\/en\/wp-json\/wp\/v2\/media?parent=144857"}],"wp:term":[{"taxonomy":"category","embeddable":true,"href":"https:\/\/www.enerjigazetesi.ist\/en\/wp-json\/wp\/v2\/categories?post=144857"},{"taxonomy":"post_tag","embeddable":true,"href":"https:\/\/www.enerjigazetesi.ist\/en\/wp-json\/wp\/v2\/tags?post=144857"}],"curies":[{"name":"wp","href":"https:\/\/api.w.org\/{rel}","templated":true}]}}