{"id":14485,"date":"2013-08-26T17:41:22","date_gmt":"2013-08-26T14:41:22","guid":{"rendered":"https:\/\/www.enerjigazetesi.ist\/?p=14485"},"modified":"2013-08-26T17:50:49","modified_gmt":"2013-08-26T14:50:49","slug":"yorum-dogalgaza-dolar-zammi-yolda","status":"publish","type":"post","link":"https:\/\/www.enerjigazetesi.ist\/en\/yorum-dogalgaza-dolar-zammi-yolda\/","title":{"rendered":"(Turkish) Yorum: Do\u011falgaza Dolar Zamm\u0131 Yolda&#8230;"},"content":{"rendered":"<p class=\"qtranxs-available-languages-message qtranxs-available-languages-message-en\">Sorry, this entry is only available in <a href=\"https:\/\/www.enerjigazetesi.ist\/tr\/wp-json\/wp\/v2\/posts\/14485\" class=\"qtranxs-available-language-link qtranxs-available-language-link-tr\" title=\"Turkish\">Turkish<\/a>. For the sake of viewer convenience, the content is shown below in the alternative language. You may click the link to switch the active language.<\/p><p><strong>Dolar kurunun TL kar\u015f\u0131s\u0131nda a\u015f\u0131r\u0131 y\u00fckselmesi sonucu dolar kuru ile al\u0131n\u0131p TL ile vatanda\u015fa sat\u0131lan do\u011falgaz fiyat\u0131nda zam bekleniyor. Dolar kuru 2 lira ile tarihi zirveye otururken, do\u011falgaza da \u2018kur ayarlamas\u0131\u2019 g\u00fcndeme geldi, dolar ve petrol bu seviyelerini korursa do\u011falgaz fiyatlar\u0131nda y\u00fczde 4-5 oran\u0131nda bir zam ka\u00e7\u0131n\u0131lmaz g\u00f6r\u00fcn\u00fcyor. Bota\u015f ve gaz ithalat\u00e7\u0131lar\u0131 yeni d\u00f6neme uymak i\u00e7in \u015fimdiden hesap kitap yap\u0131yor.<\/strong><\/p>\n<p>Uluslararas\u0131 konjonkt\u00fcr gere\u011fince han\u0131 petrolde art\u0131\u015f\u0131n devam edece\u011fi tahminleri yap\u0131ld\u0131\u011f\u0131n\u0131 aktaran sekt\u00f6r temsilcileri, \u201cPetrol fiyatlar\u0131n\u0131n \u00f6nce 114 dolara ard\u0131ndan da 118 dolara kadar \u00e7\u0131kaca\u011f\u0131 \u00f6ng\u00f6r\u00fcl\u00fcyor. 8u durumda 10 dolarl\u0131k bir art\u0131\u015f, ithal etti\u011fimiz her 1000 metrek\u00fcp do\u011falgazda 19 dolar art\u0131\u015f anlam\u0131na gelir Elbette, bu 9 ayl\u0131k d\u00f6nemi kapsayan petrol fiyatlar\u0131<a href=\"https:\/\/www.enerjigazetesi.ist\/wp-content\/uploads\/2013\/08\/bartin-39da-dogalgaz-aboneligi-basladi.jpg\"><img loading=\"lazy\" class=\"alignright size-medium wp-image-14238\" title=\"dogalgaza-dolar-zammi-yolda\" src=\"https:\/\/www.enerjigazetesi.ist\/wp-content\/uploads\/2013\/08\/bartin-39da-dogalgaz-aboneligi-basladi-300x207.jpg\" alt=\"\" width=\"300\" height=\"207\" srcset=\"https:\/\/www.enerjigazetesi.ist\/wp-content\/uploads\/2013\/08\/bartin-39da-dogalgaz-aboneligi-basladi-300x207.jpg 300w, https:\/\/www.enerjigazetesi.ist\/wp-content\/uploads\/2013\/08\/bartin-39da-dogalgaz-aboneligi-basladi-72x50.jpg 72w, https:\/\/www.enerjigazetesi.ist\/wp-content\/uploads\/2013\/08\/bartin-39da-dogalgaz-aboneligi-basladi.jpg 419w\" sizes=\"(max-width: 300px) 100vw, 300px\" \/><\/a>n\u0131 i\u00e7eren bir hesaplama\u201d dedi.<\/p>\n<p>Dolar kurunun h\u0131zl\u0131 bir y\u00fckseli\u015fle 2 TL\u2019ye ula\u015fmas\u0131, k\u0131\u015f i\u00e7in geri say\u0131m\u0131n ba\u015flad\u0131\u011f\u0131 bir d\u00f6nemde cepleri yakacak bir maliyet bask\u0131s\u0131 olu\u015fturdu. Habert\u00fcrk Gazetesi\u2019nden Olcay Aydilek\u2019in haberine g\u00f6re, kurun, 1. 90\u2032lar d\u00fczeyinden 2 TL\u2019ye \u00e7\u0131kmas\u0131, dolarla gaz al\u0131p TL ile m\u00fc\u015fterilerine sat\u0131\u015f yapan Bota\u015f ve ithalat\u00e7\u0131lar\u0131 etkiledi. Bu art\u0131\u015f\u0131n do\u011falgaz \u00fczerinde nihai t\u00fcketiciye, \u2018kur ayarlamas\u0131\u2019 sonucunda y\u00fczde 4-5 oran\u0131nda zam olarak yans\u0131yabilece\u011fi belirtiliyor.<\/p>\n<p>T\u00fcrkiye, y\u0131lda 45-50 milyar metrek\u00fcp dolay\u0131nda do\u011falgaz t\u00fcketiyor. Y\u00fczde 97 oran\u0131nda ithal edilen do\u011falgaz, ba\u015fta kentlerin \u0131s\u0131nmas\u0131 olmak \u00fczere sanayi ve elektrik \u00fcretiminde yo\u011fun olarak kullan\u0131lan do\u011falgaz\u0131n pay\u0131 y\u00fczde 50\u2032lere kadar ula\u015f\u0131yor.<\/p>\n<p>T\u00fcrkiye sanayi ve elektrik sekt\u00f6r\u00fc a\u00e7\u0131s\u0131ndan son derece stratejik bir konumu bulunan do\u011falgaz, ham petrol ve dolar kurundaki hareketlerden do\u011frudan etkileniyor. Son d\u00f6nemde gerek petrol fiyatlar\u0131n\u0131n, gerekse \u00f6zellikle dolar kurunun artmas\u0131, do\u011falgazda maliyetler \u00fczerinde ciddi bask\u0131 olu\u015fturdu. Enerji y\u00f6netimi ve sekt\u00f6r temsilcileri, artan petrol fiyatlar\u0131n\u0131n do\u011falgaza etkisini hesaplad\u0131. Buna g\u00f6re ham petrolde 1 dolarl\u0131k art\u0131\u015f, T\u00fcrkiye\u2019nin ithal etti\u011fi her Do\u011falgaz\u0131n fiyat\u0131 1.9 \u2013 2 dolar aras\u0131nda etkiliyor. Kur ve petrol gazda ciddi bir maliyet bask\u0131s\u0131 meydana getiriyor.<\/p>\n<p>Kaynak: <a href=\"http:\/\/enerjienstitusu.com\/2013\/08\/26\/dogalgaza-dolar-zammi-yolda\/\" target=\"_blank\">Enerji Enstit\u00fcs\u00fc<\/a><\/p>","protected":false},"excerpt":{"rendered":"<p>Sorry, this entry is only available in Turkish. For the sake of viewer convenience, the content is shown below in the alternative language. You may click the link to switch the active language.Dolar kurunun TL kar\u015f\u0131s\u0131nda a\u015f\u0131r\u0131 y\u00fckselmesi sonucu dolar kuru ile al\u0131n\u0131p TL ile vatanda\u015fa sat\u0131lan do\u011falgaz fiyat\u0131nda zam bekleniyor. Dolar kuru 2 lira [&hellip;]<\/p>\n","protected":false},"author":1,"featured_media":14238,"comment_status":"open","ping_status":"open","sticky":false,"template":"","format":"standard","meta":[],"categories":[46,53],"tags":[92,226,1363,656,63,67,1009,165],"views":517,"_links":{"self":[{"href":"https:\/\/www.enerjigazetesi.ist\/en\/wp-json\/wp\/v2\/posts\/14485"}],"collection":[{"href":"https:\/\/www.enerjigazetesi.ist\/en\/wp-json\/wp\/v2\/posts"}],"about":[{"href":"https:\/\/www.enerjigazetesi.ist\/en\/wp-json\/wp\/v2\/types\/post"}],"author":[{"embeddable":true,"href":"https:\/\/www.enerjigazetesi.ist\/en\/wp-json\/wp\/v2\/users\/1"}],"replies":[{"embeddable":true,"href":"https:\/\/www.enerjigazetesi.ist\/en\/wp-json\/wp\/v2\/comments?post=14485"}],"version-history":[{"count":3,"href":"https:\/\/www.enerjigazetesi.ist\/en\/wp-json\/wp\/v2\/posts\/14485\/revisions"}],"predecessor-version":[{"id":14491,"href":"https:\/\/www.enerjigazetesi.ist\/en\/wp-json\/wp\/v2\/posts\/14485\/revisions\/14491"}],"wp:featuredmedia":[{"embeddable":true,"href":"https:\/\/www.enerjigazetesi.ist\/en\/wp-json\/wp\/v2\/media\/14238"}],"wp:attachment":[{"href":"https:\/\/www.enerjigazetesi.ist\/en\/wp-json\/wp\/v2\/media?parent=14485"}],"wp:term":[{"taxonomy":"category","embeddable":true,"href":"https:\/\/www.enerjigazetesi.ist\/en\/wp-json\/wp\/v2\/categories?post=14485"},{"taxonomy":"post_tag","embeddable":true,"href":"https:\/\/www.enerjigazetesi.ist\/en\/wp-json\/wp\/v2\/tags?post=14485"}],"curies":[{"name":"wp","href":"https:\/\/api.w.org\/{rel}","templated":true}]}}