{"id":144849,"date":"2021-10-29T13:44:10","date_gmt":"2021-10-29T10:44:10","guid":{"rendered":"https:\/\/www.enerjigazetesi.ist\/?p=144849"},"modified":"2021-10-29T13:59:35","modified_gmt":"2021-10-29T10:59:35","slug":"veri-merkezi-iklimlendirme-altyapisinda-yapay-zeka-ile-yuzde-30-enerji-tasarrufu","status":"publish","type":"post","link":"https:\/\/www.enerjigazetesi.ist\/en\/veri-merkezi-iklimlendirme-altyapisinda-yapay-zeka-ile-yuzde-30-enerji-tasarrufu\/","title":{"rendered":"(Turkish) Veri Merkezi \u0130klimlendirme Altyap\u0131s\u0131nda Yapay Zeka ile % 30 Enerji Tasarrufu"},"content":{"rendered":"<p class=\"qtranxs-available-languages-message qtranxs-available-languages-message-en\">Sorry, this entry is only available in <a href=\"https:\/\/www.enerjigazetesi.ist\/tr\/wp-json\/wp\/v2\/posts\/144849\" class=\"qtranxs-available-language-link qtranxs-available-language-link-tr\" title=\"Turkish\">Turkish<\/a>. For the sake of viewer convenience, the content is shown below in the alternative language. You may click the link to switch the active language.<\/p><p><\/p>\n<h2>T\u00fcrkiye\u2019de hayata ge\u00e7irdi\u011fi enerji verimlili\u011fi uygulamalar\u0131na bir yenisini daha ekledi. T\u00fcrkiye\u2019de \u015febekesinin tamam\u0131nda %100 yenilenebilir enerji kullan\u0131m\u0131 ile t\u00fcm d\u00fcnyada operasyonlar\u0131ndan kaynakl\u0131 \u00e7evresel etkisini yar\u0131ya indirmeyi hedefleyen <strong>Vodafone<\/strong>, veri merkezlerinin enerji t\u00fcketiminde ana etkenlerden biri olan iklimlendirme altyap\u0131s\u0131n\u0131 optimize etmek i\u00e7in Makine \u00d6\u011frenmesi ve Yapay Zeka teknolojilerini kullan\u0131yor.<\/h2>\n<p>Veri merkezlerinde <strong>Yapay Zek\u00e2 Destekli Dijital Termal Y\u00f6netim Uygulamas\u0131\u2019n\u0131 kullanan <\/strong>\u015firket,<strong>\u00a0<\/strong>bu sayede<strong>\u00a0G\u00fc\u00e7 Kullan\u0131m Verimlili\u011fi (PUE)<\/strong> parametresini<strong> %10<\/strong> iyile\u015ftirirken, iklimlendirme <strong>altyap\u0131s\u0131nda %30 enerji tasarrufu sa\u011fl\u0131yor ve Yapay Zek\u00e2 ile y\u0131lda 8 GWh\u2019in \u00fczerinde tasarruf elde etmi\u015f oluyor.<\/strong><\/p>\n<h3><strong>Thibaud Rerolle: \u201cEnerjiyi en verimli \u015fekilde kullanmay\u0131 hedefliyoruz\u201d<\/strong><\/h3>\n<h3><strong><img loading=\"lazy\" class=\"alignright wp-image-144852\" src=\"https:\/\/www.enerjigazetesi.ist\/wp-content\/uploads\/2021\/10\/veri-merkezi-iklimlendirme-altyapisinda-yapay-zeka-ile-30-enerji-tasarrufu-1.jpg\" alt=\"\" width=\"320\" height=\"285\" srcset=\"https:\/\/www.enerjigazetesi.ist\/wp-content\/uploads\/2021\/10\/veri-merkezi-iklimlendirme-altyapisinda-yapay-zeka-ile-30-enerji-tasarrufu-1.jpg 550w, https:\/\/www.enerjigazetesi.ist\/wp-content\/uploads\/2021\/10\/veri-merkezi-iklimlendirme-altyapisinda-yapay-zeka-ile-30-enerji-tasarrufu-1-300x267.jpg 300w, https:\/\/www.enerjigazetesi.ist\/wp-content\/uploads\/2021\/10\/veri-merkezi-iklimlendirme-altyapisinda-yapay-zeka-ile-30-enerji-tasarrufu-1-450x400.jpg 450w, https:\/\/www.enerjigazetesi.ist\/wp-content\/uploads\/2021\/10\/veri-merkezi-iklimlendirme-altyapisinda-yapay-zeka-ile-30-enerji-tasarrufu-1-56x50.jpg 56w, https:\/\/www.enerjigazetesi.ist\/wp-content\/uploads\/2021\/10\/veri-merkezi-iklimlendirme-altyapisinda-yapay-zeka-ile-30-enerji-tasarrufu-1-500x445.jpg 500w\" sizes=\"(max-width: 320px) 100vw, 320px\" \/><\/strong><\/h3>\n<p>Ye\u015fil \u015febeke hedefiyle \u00e7al\u0131\u015ft\u0131klar\u0131n\u0131 belirten <em>Vodafone T\u00fcrkiye \u0130cra Kurulu Ba\u015fkan Yard\u0131mc\u0131s\u0131<\/em><strong> Thibaud Rerolle,<\/strong> <span style=\"text-decoration: underline;\">\u015funlar\u0131 s\u00f6yledi:<\/span><\/p>\n<p><em>\u201c2025 hedeflerimiz do\u011frultusunda <strong>sera gaz\u0131 emisyonlar\u0131m\u0131z\u0131 yar\u0131ya indirmek<\/strong> i\u00e7in teknolojiden<strong> en verimli \u015fekilde yararlanmaya<\/strong> devam ediyoruz. Karbon ayak izimizi azaltmak i\u00e7in toplam<strong> enerji t\u00fcketimimizi d\u00fc\u015f\u00fcrmeye<\/strong> ve <strong>yenilenebilir enerji kaynaklar\u0131n\u0131 kullanmaya<\/strong> odaklan\u0131yoruz. \u00d6zellikle<strong> Makine \u00d6\u011frenmesi<\/strong> ve <strong>Yapay Zek\u00e2 teknolojilerinden<\/strong> yayg\u0131n olarak faydalan\u0131yoruz. Bu kapsamda, gelece\u011fin \u00f6nemli teknolojilerinden <strong>Yapay Zek\u00e2 Destekli Dijital Termal Y\u00f6netim Uygulamas\u0131<\/strong>\u2019n\u0131 veri merkezlerimizde uzun s\u00fcredir ba\u015far\u0131yla kullan\u0131yoruz. Bu uygulama sayesinde, <strong>iklimlendirme i\u00e7in kulland\u0131\u011f\u0131m\u0131z<\/strong> enerji miktar\u0131nda y\u0131ll\u0131k<strong> %30<\/strong> oran\u0131nda tasarruf sa\u011flayabiliyoruz. Vodafone olarak, bir yandan mevcut altyap\u0131m\u0131z\u0131 geli\u015ftirirken, di\u011fer yandan da <strong>dijitalle\u015fme yolunda yeni teknolojileri<\/strong> uygulamaya devam edece\u011fiz.\u201d<\/em><\/p>\n<h3><strong>\u0130klimlendirme altyap\u0131s\u0131na ak\u0131ll\u0131 optimizasyon<\/strong><\/h3>\n<p>Kurulu\u015f, <strong>Yapay Zek\u00e2 Destekli Dijital Termal Y\u00f6netim Uygulamas\u0131<\/strong> ile veri merkezlerinde iklimlendirme altyap\u0131s\u0131n\u0131 ve ortam s\u0131cakl\u0131\u011f\u0131n\u0131 takip ve kontrol ederken <strong>Makine \u00d6\u011frenmesi<\/strong> ile <strong>ICT (Bilgi ve Kom\u00fcnikasyon Teknolojileri) sistemlerinin so\u011futma ihtiya\u00e7lar\u0131n\u0131<\/strong> belirliyor ve iklimlendirme \u00fcnitelerinin en verimli aral\u0131kta \u00e7al\u0131\u015fmas\u0131n\u0131 sa\u011fl\u0131yor. <strong>Yapay Zek\u00e2<\/strong> ile takip edilen sistem odalar\u0131nda, ekipmanlar s\u00fcrekli <strong>optimum s\u0131cakl\u0131kta tutularak<\/strong> iklimlendirme kaynakl\u0131 sorun ya\u015fanmas\u0131n\u0131n \u00f6n\u00fcne ge\u00e7iliyor. \u00d6te yandan, <strong>Yapay Zek\u00e2<\/strong> ile y\u00f6netilen <strong>iklimlendirme altyap\u0131s\u0131yla,<\/strong> sistem odalar\u0131nda olu\u015fabilecek <strong>ani so\u011futma<\/strong> ihtiya\u00e7lar\u0131na \u00f6\u011frenilmi\u015f <strong>makine algoritmalar\u0131<\/strong> sayesinde h\u0131zl\u0131 tepkiler verilerek <strong>veri merkezinin esnekli\u011fi<\/strong> art\u0131r\u0131l\u0131yor.<\/p>","protected":false},"excerpt":{"rendered":"<p>Sorry, this entry is only available in Turkish. For the sake of viewer convenience, the content is shown below in the alternative language. You may click the link to switch the active language. T\u00fcrkiye\u2019de hayata ge\u00e7irdi\u011fi enerji verimlili\u011fi uygulamalar\u0131na bir yenisini daha ekledi. T\u00fcrkiye\u2019de \u015febekesinin tamam\u0131nda %100 yenilenebilir enerji kullan\u0131m\u0131 ile t\u00fcm d\u00fcnyada operasyonlar\u0131ndan kaynakl\u0131 [&hellip;]<\/p>\n","protected":false},"author":1,"featured_media":144854,"comment_status":"open","ping_status":"open","sticky":false,"template":"","format":"standard","meta":[],"categories":[51,53,52],"tags":[103,44531,486,98022,98021,41437,80907,30046,5951,41382],"views":203,"_links":{"self":[{"href":"https:\/\/www.enerjigazetesi.ist\/en\/wp-json\/wp\/v2\/posts\/144849"}],"collection":[{"href":"https:\/\/www.enerjigazetesi.ist\/en\/wp-json\/wp\/v2\/posts"}],"about":[{"href":"https:\/\/www.enerjigazetesi.ist\/en\/wp-json\/wp\/v2\/types\/post"}],"author":[{"embeddable":true,"href":"https:\/\/www.enerjigazetesi.ist\/en\/wp-json\/wp\/v2\/users\/1"}],"replies":[{"embeddable":true,"href":"https:\/\/www.enerjigazetesi.ist\/en\/wp-json\/wp\/v2\/comments?post=144849"}],"version-history":[{"count":0,"href":"https:\/\/www.enerjigazetesi.ist\/en\/wp-json\/wp\/v2\/posts\/144849\/revisions"}],"wp:featuredmedia":[{"embeddable":true,"href":"https:\/\/www.enerjigazetesi.ist\/en\/wp-json\/wp\/v2\/media\/144854"}],"wp:attachment":[{"href":"https:\/\/www.enerjigazetesi.ist\/en\/wp-json\/wp\/v2\/media?parent=144849"}],"wp:term":[{"taxonomy":"category","embeddable":true,"href":"https:\/\/www.enerjigazetesi.ist\/en\/wp-json\/wp\/v2\/categories?post=144849"},{"taxonomy":"post_tag","embeddable":true,"href":"https:\/\/www.enerjigazetesi.ist\/en\/wp-json\/wp\/v2\/tags?post=144849"}],"curies":[{"name":"wp","href":"https:\/\/api.w.org\/{rel}","templated":true}]}}