{"id":144835,"date":"2021-10-28T20:28:19","date_gmt":"2021-10-28T17:28:19","guid":{"rendered":"https:\/\/www.enerjigazetesi.ist\/?p=144835"},"modified":"2021-10-28T20:28:19","modified_gmt":"2021-10-28T17:28:19","slug":"sisecam-in-ilk-9-aylik-net-satislari-21-milyar-tl-seviyesine-ulasti","status":"publish","type":"post","link":"https:\/\/www.enerjigazetesi.ist\/en\/sisecam-in-ilk-9-aylik-net-satislari-21-milyar-tl-seviyesine-ulasti\/","title":{"rendered":"(Turkish) \u015ei\u015fecam\u2019\u0131n ilk 9 Ayl\u0131k Net Sat\u0131\u015flar\u0131 21 Milyar TL Seviyesine Ula\u015ft\u0131"},"content":{"rendered":"<p class=\"qtranxs-available-languages-message qtranxs-available-languages-message-en\">Sorry, this entry is only available in <a href=\"https:\/\/www.enerjigazetesi.ist\/tr\/wp-json\/wp\/v2\/posts\/144835\" class=\"qtranxs-available-language-link qtranxs-available-language-link-tr\" title=\"Turkish\">Turkish<\/a>. For the sake of viewer convenience, the content is shown below in the alternative language. You may click the link to switch the active language.<\/p><p><\/p>\n<h2>\u015ei\u015fecam\u2019\u0131n 2021 y\u0131l\u0131 Ocak-Eyl\u00fcl d\u00f6nemine ili\u015fkin konsolide net sat\u0131\u015flar\u0131 21 milyar TL seviyesine ula\u015f\u0131rken, ilgili d\u00f6nemde yapm\u0131\u015f oldu\u011fu yat\u0131r\u0131mlar ise 1,3 milyar TL seviyesinde ger\u00e7ekle\u015fti. Y\u0131l\u0131n ilk 9 ay\u0131nda 4 milyon ton cam \u00fcreten \u015ei\u015fecam, bu d\u00f6nemde 2 milyon ton soda ve 3 milyon ton end\u00fcstriyel hammadde \u00fcretimi ger\u00e7ekle\u015ftirdi.<\/h2>\n<h3><strong>K\u00fcresel salg\u0131n nedeniyle s\u00fcren belirsizlik ortam\u0131na ra\u011fmen s\u00fcrd\u00fcr\u00fclebilir de\u011fer yaratmaya devam ettik<\/strong><\/h3>\n<p>\u015ei\u015fecam Genel M\u00fcd\u00fcr\u00fc G\u00f6rkem Elverici, <strong>Ocak-Eyl\u00fcl 2021<\/strong> d\u00f6nemi finansal sonu\u00e7lar\u0131na ili\u015fkin yapt\u0131\u011f\u0131 a\u00e7\u0131klamada, k\u00fcresel salg\u0131n\u0131n etkisiyle s\u0131ra d\u0131\u015f\u0131 ko\u015fullar\u0131n hakimiyetini korudu\u011fu ve belirsizlik ortam\u0131n\u0131n <img loading=\"lazy\" class=\"alignright wp-image-144837\" src=\"https:\/\/www.enerjigazetesi.ist\/wp-content\/uploads\/2021\/10\/sisecamin-ilk-9-aylik-net-satislari-21-milyar-tl-seviyesine-ulasti.jpg\" alt=\"\" width=\"320\" height=\"256\" srcset=\"https:\/\/www.enerjigazetesi.ist\/wp-content\/uploads\/2021\/10\/sisecamin-ilk-9-aylik-net-satislari-21-milyar-tl-seviyesine-ulasti.jpg 550w, https:\/\/www.enerjigazetesi.ist\/wp-content\/uploads\/2021\/10\/sisecamin-ilk-9-aylik-net-satislari-21-milyar-tl-seviyesine-ulasti-300x240.jpg 300w, https:\/\/www.enerjigazetesi.ist\/wp-content\/uploads\/2021\/10\/sisecamin-ilk-9-aylik-net-satislari-21-milyar-tl-seviyesine-ulasti-500x400.jpg 500w, https:\/\/www.enerjigazetesi.ist\/wp-content\/uploads\/2021\/10\/sisecamin-ilk-9-aylik-net-satislari-21-milyar-tl-seviyesine-ulasti-63x50.jpg 63w\" sizes=\"(max-width: 320px) 100vw, 320px\" \/>s\u00fcrd\u00fc\u011f\u00fc 2021 y\u0131l\u0131 <strong>Ocak-Eyl\u00fcl 2021 d\u00f6neminde<\/strong> \u015ei\u015fecam\u2019\u0131n t\u00fcm ekosistemi i\u00e7in s\u00fcrd\u00fcr\u00fclebilir de\u011fer yaratmaya devam etti\u011fini belirterek <span style=\"text-decoration: underline;\">\u015funlar\u0131 s\u00f6yledi:<\/span> <em>\u201cY\u0131l\u0131n Ocak-Eyl\u00fcl d\u00f6neminde konsolide net sat\u0131\u015flar\u0131m\u0131z 21 milyar TL seviyesine ula\u015f\u0131rken, \u00fcr\u00fcnlerimiz, yat\u0131r\u0131mlar\u0131m\u0131z ve sa\u011flad\u0131\u011f\u0131m\u0131z istihdam ile gerek \u00fclke ekonomisine gerekse girdi verdi\u011fimiz lokomotif sekt\u00f6rlerin b\u00fcy\u00fcmesine katk\u0131da bulunmaya devam ettik. K\u00fcresel salg\u0131n\u0131n etkisinin hangi boyuta ula\u015faca\u011f\u0131n\u0131n belirsizli\u011fini korudu\u011fu \u00f6n\u00fcm\u00fczdeki d\u00f6nemde de faaliyetlerimizi g\u00fc\u00e7l\u00fc yetkinlik ve reflekslerimizi kullanarak y\u00f6netmeye, i\u015f s\u00fcre\u00e7lerimiz ve planlar\u0131m\u0131zda gerekli g\u00fcncellemeleri yaparak t\u00fcm payda\u015flar\u0131m\u0131z i\u00e7in de\u011fer yaratmaya devam edece\u011fiz.\u201d<\/em><\/p>\n<p>T\u00fcrk cam sanayinin kurucusu \u015ei\u015fecam\u2019\u0131n t\u00fcm payda\u015flar\u0131 i\u00e7in de girdi verdi\u011fi sekt\u00f6rlerin b\u00fcy\u00fcmesini destekleyecek ve 2021 y\u0131l\u0131 <strong>Ocak-Eyl\u00fcl d\u00f6nemi<\/strong>nde <strong>1,3 milyar TL<\/strong>\u2019ye ula\u015fan yat\u0131r\u0131mlara h\u0131z vererek devam edece\u011fini belirten Elverici, <span style=\"text-decoration: underline;\">a\u00e7\u0131klamas\u0131n\u0131 \u015f\u00f6yle s\u00fcrd\u00fcrd\u00fc:<\/span><em> \u201cGe\u00e7ti\u011fimiz d\u00f6nemde k\u00fcresel salg\u0131n\u0131n yaratt\u0131\u011f\u0131 belirsizlik ortam\u0131na ve ola\u011fand\u0131\u015f\u0131 ko\u015fullar\u0131na ra\u011fmen \u00fclkemizin cam talebini kar\u015f\u0131lama ve ekonomisi i\u00e7in de\u011fer yaratma \u00f6nceli\u011fimiz kapsam\u0131nda yat\u0131r\u0131mlar\u0131m\u0131z\u0131 ara vermeden s\u00fcrd\u00fcrd\u00fck. \u00d6n\u00fcm\u00fczdeki d\u00f6nemde de ayn\u0131 yakla\u015f\u0131m ile yat\u0131r\u0131mlar\u0131m\u0131za devam ederek do\u011fru alanlarda yapaca\u011f\u0131m\u0131z hamlelerle \u015eirketimizin \u00fclkemiz \u00fczerinden <strong>k\u00fcresel ayak izini geni\u015fletmeye<\/strong> devam edece\u011fiz. Bu kapsamda da <strong>T\u00fcrkiye&#8217;de<\/strong> h\u0131zla y\u00fckselen <strong>cam talebini kar\u015f\u0131lama<\/strong> ve t\u00fcm payda\u015flar\u0131 i\u00e7in s\u00fcrd\u00fcr\u00fclebilir de\u011fer yaratma hedefi do\u011frultusunda da <strong>mimari camlar<\/strong> ve<strong> otomotiv cam<\/strong> ihtiya\u00e7lar\u0131na y\u00f6nelik 4 milyar liray\u0131 a\u015fan <strong>iki yeni d\u00fczcam hatt\u0131 yat\u0131r\u0131m\u0131<\/strong> yap\u0131lmas\u0131na karar verilmi\u015f olup, bu yat\u0131r\u0131mlar ile T\u00fcrkiye&#8217;deki mevcut y\u0131ll\u0131k d\u00fczcam \u00fcretim kapasitesinin <strong>%30<\/strong> oran\u0131nda art\u0131r\u0131larak <strong>2,6 milyon tona<\/strong> y\u00fckseltilmesi hedeflenmektedir.\u201d<\/em><\/p>\n<h3><strong>Stratejik kararlar\u0131m\u0131z\u0131n ve iyi uygulamalar\u0131m\u0131z\u0131n sonu\u00e7lar\u0131n\u0131 ba\u015far\u0131yla ald\u0131k<\/strong><\/h3>\n<p><strong>K\u00fcresel salg\u0131n etkisiyle<\/strong> i\u015f yap\u0131\u015f \u015fekillerinin b\u00fcy\u00fck \u00f6l\u00e7\u00fcde de\u011fi\u015fti\u011fi bir d\u00f6nemde \u015ei\u015fecam\u2019\u0131n hayata ge\u00e7irdi\u011fi d\u00f6n\u00fc\u015f\u00fcm projeleri, dijitalle\u015fme uygulamalar\u0131 ve stratejik kararlar\u0131n\u0131n ba\u015far\u0131l\u0131 sonu\u00e7lar\u0131n\u0131 alma \u015fans\u0131 buldu\u011funu dile getiren Elverici <span style=\"text-decoration: underline;\">\u015funlar\u0131 ifade etti: <\/span><em>\u201cK\u00fcresel salg\u0131n beraberinde getirdi\u011fi zorluklar ile t\u00fcm kurumlar i\u00e7in karar ve uygulamalar\u0131n\u0131 test edebilecekleri, kendilerini yeni ko\u015fullara g\u00f6re g\u00fcncelleyebilecekleri \u00f6nemli bir imk\u00e2n sundu.<strong> Dijitalle\u015fme yolculu\u011fumuzda<\/strong> ortaya koydu\u011fumuz ba\u015far\u0131l\u0131 projeler ve geli\u015ftirdi\u011fimiz yetkinlikler, bu s\u00fcreci y\u00f6netmemizde kritik bir rol oynad\u0131. Ayr\u0131ca, <strong>4 k\u0131tada<\/strong>, <strong>14 \u00fclkeye<\/strong> yay\u0131lan \u00fcretim faaliyetlerimizdeki konumland\u0131rmam\u0131z, bozulan tedarik zincirinin olumsuz etkilerini \u00e7ok daha kolay <strong>bertaraf etmemize imk\u00e2n<\/strong> sa\u011flad\u0131. \u00d6n\u00fcm\u00fczdeki d\u00f6nemde de \u015ei\u015fecam\u2019\u0131 gelece\u011fe haz\u0131rlayacak<strong> yat\u0131r\u0131m<\/strong> ve<strong> projeler<\/strong> ile yaratt\u0131\u011f\u0131m\u0131z ekonomik de\u011feri ve k\u00fcresel rekabet g\u00fcc\u00fcm\u00fcz\u00fc art\u0131rmaya kararl\u0131l\u0131kla devam edece\u011fiz.\u201d<\/em><\/p>","protected":false},"excerpt":{"rendered":"<p>Sorry, this entry is only available in Turkish. For the sake of viewer convenience, the content is shown below in the alternative language. You may click the link to switch the active language. \u015ei\u015fecam\u2019\u0131n 2021 y\u0131l\u0131 Ocak-Eyl\u00fcl d\u00f6nemine ili\u015fkin konsolide net sat\u0131\u015flar\u0131 21 milyar TL seviyesine ula\u015f\u0131rken, ilgili d\u00f6nemde yapm\u0131\u015f oldu\u011fu yat\u0131r\u0131mlar ise 1,3 milyar [&hellip;]<\/p>\n","protected":false},"author":1,"featured_media":144839,"comment_status":"open","ping_status":"open","sticky":false,"template":"","format":"standard","meta":[],"categories":[53,52],"tags":[95636,98016,98013,98015,98014,32733],"views":144,"_links":{"self":[{"href":"https:\/\/www.enerjigazetesi.ist\/en\/wp-json\/wp\/v2\/posts\/144835"}],"collection":[{"href":"https:\/\/www.enerjigazetesi.ist\/en\/wp-json\/wp\/v2\/posts"}],"about":[{"href":"https:\/\/www.enerjigazetesi.ist\/en\/wp-json\/wp\/v2\/types\/post"}],"author":[{"embeddable":true,"href":"https:\/\/www.enerjigazetesi.ist\/en\/wp-json\/wp\/v2\/users\/1"}],"replies":[{"embeddable":true,"href":"https:\/\/www.enerjigazetesi.ist\/en\/wp-json\/wp\/v2\/comments?post=144835"}],"version-history":[{"count":0,"href":"https:\/\/www.enerjigazetesi.ist\/en\/wp-json\/wp\/v2\/posts\/144835\/revisions"}],"wp:featuredmedia":[{"embeddable":true,"href":"https:\/\/www.enerjigazetesi.ist\/en\/wp-json\/wp\/v2\/media\/144839"}],"wp:attachment":[{"href":"https:\/\/www.enerjigazetesi.ist\/en\/wp-json\/wp\/v2\/media?parent=144835"}],"wp:term":[{"taxonomy":"category","embeddable":true,"href":"https:\/\/www.enerjigazetesi.ist\/en\/wp-json\/wp\/v2\/categories?post=144835"},{"taxonomy":"post_tag","embeddable":true,"href":"https:\/\/www.enerjigazetesi.ist\/en\/wp-json\/wp\/v2\/tags?post=144835"}],"curies":[{"name":"wp","href":"https:\/\/api.w.org\/{rel}","templated":true}]}}