{"id":144826,"date":"2021-10-28T19:36:57","date_gmt":"2021-10-28T16:36:57","guid":{"rendered":"https:\/\/www.enerjigazetesi.ist\/?p=144826"},"modified":"2021-10-28T19:36:57","modified_gmt":"2021-10-28T16:36:57","slug":"cagdas-turkiyenin-98inci-yilina-taniklik-etmenin-gururunu-yasiyoruz","status":"publish","type":"post","link":"https:\/\/www.enerjigazetesi.ist\/en\/cagdas-turkiyenin-98inci-yilina-taniklik-etmenin-gururunu-yasiyoruz\/","title":{"rendered":"(Turkish) \u00c7a\u011fda\u015f T\u00fcrkiye\u2019nin 98&#8217;inci Y\u0131l\u0131na Tan\u0131kl\u0131k Etmenin Gururunu Ya\u015f\u0131yoruz&#8230;"},"content":{"rendered":"<p class=\"qtranxs-available-languages-message qtranxs-available-languages-message-en\">Sorry, this entry is only available in <a href=\"https:\/\/www.enerjigazetesi.ist\/tr\/wp-json\/wp\/v2\/posts\/144826\" class=\"qtranxs-available-language-link qtranxs-available-language-link-tr\" title=\"Turkish\">Turkish<\/a>. For the sake of viewer convenience, the content is shown below in the alternative language. You may click the link to switch the active language.<\/p><p><\/p>\n<h2><img loading=\"lazy\" class=\"alignright wp-image-144828\" src=\"https:\/\/www.enerjigazetesi.ist\/wp-content\/uploads\/2021\/10\/cagdas-turkiyenin-98inci-yilina-taniklik-etmenin-gururunu-yasiyoruz-1.jpg\" alt=\"\" width=\"320\" height=\"216\" srcset=\"https:\/\/www.enerjigazetesi.ist\/wp-content\/uploads\/2021\/10\/cagdas-turkiyenin-98inci-yilina-taniklik-etmenin-gururunu-yasiyoruz-1.jpg 550w, https:\/\/www.enerjigazetesi.ist\/wp-content\/uploads\/2021\/10\/cagdas-turkiyenin-98inci-yilina-taniklik-etmenin-gururunu-yasiyoruz-1-300x202.jpg 300w, https:\/\/www.enerjigazetesi.ist\/wp-content\/uploads\/2021\/10\/cagdas-turkiyenin-98inci-yilina-taniklik-etmenin-gururunu-yasiyoruz-1-500x337.jpg 500w, https:\/\/www.enerjigazetesi.ist\/wp-content\/uploads\/2021\/10\/cagdas-turkiyenin-98inci-yilina-taniklik-etmenin-gururunu-yasiyoruz-1-74x50.jpg 74w\" sizes=\"(max-width: 320px) 100vw, 320px\" \/>Uluslararas\u0131 Yat\u0131r\u0131mc\u0131lar Derne\u011fi (YASED) Ba\u015fkan\u0131 Ay\u015fem Sarg\u0131n, 29 Ekim Cumhuriyet Bayram\u0131 nedeniyle yay\u0131nlad\u0131\u011f\u0131 yaz\u0131l\u0131 mesaj\u0131nda <em>\u201c<strong>\u00c7a\u011fda\u015f T\u00fcrkiye\u2019nin temellerini atan Mustafa Kemal Atat\u00fcrk ve Cumhuriyetimizin kurucular\u0131n\u0131 minnetle an\u0131yoruz. Cumhuriyetle birlikte gelen demokrasi ve \u00f6zg\u00fcrl\u00fck, T\u00fcrkiye\u2019nin uluslararas\u0131 arenada g\u00fcc\u00fcn\u00fcn ve rekabet\u00e7ili\u011fininin en temel dayana\u011f\u0131d\u0131r<\/strong>\u201d<\/em> ifadelerini kulland\u0131.<\/h2>\n<p>Sarg\u0131n, mesaj\u0131na <span style=\"text-decoration: underline;\">\u015f\u00f6yle devam etti:<\/span><\/p>\n<p><em>\u201cYASED \u00fcyeleri olarak, T\u00fcrkiye\u2019de T\u00fcrkiye ile birlikte b\u00fcy\u00fcd\u00fc\u011f\u00fcm\u00fcz <strong>98 y\u0131la<\/strong> ve fazlas\u0131na<strong> tan\u0131kl\u0131k etmenin gururunu<\/strong> ve <strong>mutlulu\u011funu<\/strong> ya\u015f\u0131yoruz. T\u00fcrkiye\u2019nin uluslararas\u0131 yat\u0131r\u0131mc\u0131lar\u0131 olarak \u00fclkemizin <strong>s\u00fcrd\u00fcr\u00fclebilir kalk\u0131nmas\u0131n\u0131<\/strong> ve<strong> rekabet\u00e7ili\u011fini geli\u015ftirmek<\/strong> i\u00e7in <strong>t\u00fcm g\u00fcc\u00fcm\u00fczle \u00e7al\u0131\u015fmaya<\/strong> devam ediyoruz.\u201d<\/em><\/p>","protected":false},"excerpt":{"rendered":"<p>Sorry, this entry is only available in Turkish. For the sake of viewer convenience, the content is shown below in the alternative language. You may click the link to switch the active language. Uluslararas\u0131 Yat\u0131r\u0131mc\u0131lar Derne\u011fi (YASED) Ba\u015fkan\u0131 Ay\u015fem Sarg\u0131n, 29 Ekim Cumhuriyet Bayram\u0131 nedeniyle yay\u0131nlad\u0131\u011f\u0131 yaz\u0131l\u0131 mesaj\u0131nda \u201c\u00c7a\u011fda\u015f T\u00fcrkiye\u2019nin temellerini atan Mustafa Kemal Atat\u00fcrk [&hellip;]<\/p>\n","protected":false},"author":1,"featured_media":144829,"comment_status":"open","ping_status":"open","sticky":false,"template":"","format":"standard","meta":[],"categories":[53],"tags":[19201,98010,72225],"views":102,"_links":{"self":[{"href":"https:\/\/www.enerjigazetesi.ist\/en\/wp-json\/wp\/v2\/posts\/144826"}],"collection":[{"href":"https:\/\/www.enerjigazetesi.ist\/en\/wp-json\/wp\/v2\/posts"}],"about":[{"href":"https:\/\/www.enerjigazetesi.ist\/en\/wp-json\/wp\/v2\/types\/post"}],"author":[{"embeddable":true,"href":"https:\/\/www.enerjigazetesi.ist\/en\/wp-json\/wp\/v2\/users\/1"}],"replies":[{"embeddable":true,"href":"https:\/\/www.enerjigazetesi.ist\/en\/wp-json\/wp\/v2\/comments?post=144826"}],"version-history":[{"count":0,"href":"https:\/\/www.enerjigazetesi.ist\/en\/wp-json\/wp\/v2\/posts\/144826\/revisions"}],"wp:featuredmedia":[{"embeddable":true,"href":"https:\/\/www.enerjigazetesi.ist\/en\/wp-json\/wp\/v2\/media\/144829"}],"wp:attachment":[{"href":"https:\/\/www.enerjigazetesi.ist\/en\/wp-json\/wp\/v2\/media?parent=144826"}],"wp:term":[{"taxonomy":"category","embeddable":true,"href":"https:\/\/www.enerjigazetesi.ist\/en\/wp-json\/wp\/v2\/categories?post=144826"},{"taxonomy":"post_tag","embeddable":true,"href":"https:\/\/www.enerjigazetesi.ist\/en\/wp-json\/wp\/v2\/tags?post=144826"}],"curies":[{"name":"wp","href":"https:\/\/api.w.org\/{rel}","templated":true}]}}