{"id":144778,"date":"2021-10-28T12:11:42","date_gmt":"2021-10-28T09:11:42","guid":{"rendered":"https:\/\/www.enerjigazetesi.ist\/?p=144778"},"modified":"2021-10-28T12:11:59","modified_gmt":"2021-10-28T09:11:59","slug":"egiad-cumhuriyet-laiklik-ve-demokrasi-vurgusu-yapti","status":"publish","type":"post","link":"https:\/\/www.enerjigazetesi.ist\/en\/egiad-cumhuriyet-laiklik-ve-demokrasi-vurgusu-yapti\/","title":{"rendered":"(Turkish) &#8217;EG\u0130AD&#8217; Cumhuriyet, Laiklik ve Demokrasi Vurgusu Yapt\u0131"},"content":{"rendered":"<p class=\"qtranxs-available-languages-message qtranxs-available-languages-message-en\">Sorry, this entry is only available in <a href=\"https:\/\/www.enerjigazetesi.ist\/tr\/wp-json\/wp\/v2\/posts\/144778\" class=\"qtranxs-available-language-link qtranxs-available-language-link-tr\" title=\"Turkish\">Turkish<\/a>. For the sake of viewer convenience, the content is shown below in the alternative language. You may click the link to switch the active language.<\/p><p><\/p>\n<h2>Ege Gen\u00e7 \u0130\u015f \u0130nsanlar\u0131 Derne\u011fi, 29 Ekim Cumhuriyet Bayram\u0131\u2019n\u0131 EG\u0130AD Sosyal K\u00fclt\u00fcrel Etkinlikler Merkezi\u2019nde d\u00fczenledi\u011fi g\u00f6rkemli bir resepsiyon ile kutlad\u0131. K\u00fclt\u00fcr ve sanat\u0131 her zaman \u00f6n planda tutan EG\u0130AD, Cumhuriyet Resepsiyonunda Gazeteci \u2013 Yazar \u2013 Piyano Sanat\u00e7\u0131s\u0131 Nihat Demirkol\u2019u a\u011f\u0131rlad\u0131. \u201cAllaturca\u2019n\u0131n Efelenen B\u00fcy\u00fcs\u00fc: Zeybekler\u201d temal\u0131 resepsiyonda, sohbet ve piyano e\u015fli\u011finde do\u011fa\u00e7lamalar ve unutulmaz eserler, ESKEM \u2013 Eski Portekiz Sinegogu\u2019nda davetlilerle bulu\u015ftu.<\/h2>\n<h3><strong>Cumhuriyet Yolunda \u0130lerlemek Boynumuzun Borcudur<\/strong><\/h3>\n<p>T\u00fcrk m\u00fczi\u011fi eserlerinin piyanonun notalar\u0131yla \u00f6l\u00fcms\u00fcz na\u011fmelere d\u00f6n\u00fc\u015ft\u00fc\u011f\u00fc gecede, a\u00e7\u0131l\u0131\u015f konu\u015fmas\u0131n\u0131 yapan EG\u0130AD Ege Gen\u00e7 \u0130\u015f \u0130nsanlar\u0131 Derne\u011fi Y\u00f6netim Kurulu Ba\u015fkan\u0131 <strong>Alp Avni Yelkenbi\u00e7er<\/strong>, <img loading=\"lazy\" class=\"alignright wp-image-144780\" src=\"https:\/\/www.enerjigazetesi.ist\/wp-content\/uploads\/2021\/10\/egiad-cumhuriyet-laiklik-ve-demokrasi-vurgusu-yapti-2.jpg\" alt=\"\" width=\"320\" height=\"212\" srcset=\"https:\/\/www.enerjigazetesi.ist\/wp-content\/uploads\/2021\/10\/egiad-cumhuriyet-laiklik-ve-demokrasi-vurgusu-yapti-2.jpg 550w, https:\/\/www.enerjigazetesi.ist\/wp-content\/uploads\/2021\/10\/egiad-cumhuriyet-laiklik-ve-demokrasi-vurgusu-yapti-2-300x199.jpg 300w, https:\/\/www.enerjigazetesi.ist\/wp-content\/uploads\/2021\/10\/egiad-cumhuriyet-laiklik-ve-demokrasi-vurgusu-yapti-2-500x332.jpg 500w, https:\/\/www.enerjigazetesi.ist\/wp-content\/uploads\/2021\/10\/egiad-cumhuriyet-laiklik-ve-demokrasi-vurgusu-yapti-2-75x50.jpg 75w, https:\/\/www.enerjigazetesi.ist\/wp-content\/uploads\/2021\/10\/egiad-cumhuriyet-laiklik-ve-demokrasi-vurgusu-yapti-2-450x300.jpg 450w\" sizes=\"(max-width: 320px) 100vw, 320px\" \/>Cumhuriyet\u2019in hem toplumlar\u0131n hem bireylerin ba\u011f\u0131ms\u0131zla\u015ft\u0131\u011f\u0131, \u00f6zg\u00fcrle\u015fti\u011fi en \u00f6nemli ba\u015flang\u0131\u00e7 oldu\u011funu belirterek, <em>\u201cKurtulu\u015f Sava\u015f\u0131 sonunda d\u00fc\u015fmandan kurtar\u0131lm\u0131\u015f \u0130zmir\u2019imizdeyiz. Bu \u015fehrin b\u00fcy\u00fck yang\u0131ndan sonra ayakta kalm\u0131\u015f tarihi mekanlar\u0131ndan birindeyiz. Kendi dilimize sahibiz; hepimiz milli e\u011fitim sistemimizden ge\u00e7erek yeti\u015ftik. Ku\u015faklard\u0131r yeti\u015ftirdi\u011fi bilim insanlar\u0131yla kendi tarihini yazabilen, bunun i\u00e7in yabanc\u0131 kaynaklara muhta\u00e7 olmayan, gururlu ve ba\u015f\u0131 dik insanlar\u0131z. Aram\u0131zda kendi teknolojilerini \u00fcreten ve \u00fcr\u00fcnlerini t\u00fcm d\u00fcnyaya sunan ihracat\u00e7\u0131lar\u0131m\u0131z var; d\u00fcnya \u00e7ap\u0131nda<strong> \u201cMade in Turkey\u201d<\/strong> giri\u015fimlerimiz var. Ve hep birlikte bu mevcudiyetimizi ilelebet korumaya and i\u00e7mi\u015f bir halk\u0131z. Benim i\u00e7in Cumhuriyet t\u00fcm bunlar\u0131n ba\u015flang\u0131\u00e7 noktas\u0131d\u0131r. Bir basama\u011f\u0131n\u0131 da her g\u00fcn benim t\u0131rmanmaya \u00e7al\u0131\u015ft\u0131\u011f\u0131m, ucu buca\u011f\u0131 g\u00f6r\u00fcnmeyen, g\u00f6klere uzanan bir merdivendir. Ancak durmamak gerekir; t\u0131rmanmaya devam etmek, duraksayana el vermek, hep birlikte ilerlemek boynumuzun borcudur\u201d<\/em> dedi.<\/p>\n<h3><strong>Ulu \u00d6nder, \u00c7o\u011fulculu\u011fa ve Demokrasiye \u0130nanm\u0131\u015ft\u0131r<\/strong><\/h3>\n<p>Kurtulu\u015f Sava\u015f\u0131 zaferinden sonra y\u0131llarca imparatorlu\u011fun y\u0131k\u0131c\u0131l\u0131\u011f\u0131yla u\u011fra\u015fm\u0131\u015f ve ba\u011f\u0131ms\u0131zl\u0131k m\u00fccadelesi yorgunu bir toplumun Cumhuriyet ve onun ba\u011fl\u0131 oldu\u011fu ilkelerle aya\u011fa kalkt\u0131\u011f\u0131n\u0131 belirten Yelkenbi\u00e7er, <em>\u201c<strong>Ulu \u00d6nderimiz Mustafa Kemal<\/strong> tek adam y\u00f6netim \u015feklini benimsemektense, \u00e7o\u011fulculu\u011fa ve demokrasiye inanarak ayd\u0131nlanma yolunu se\u00e7mi\u015f, bunlar\u0131 yaparken de etraf\u0131ndaki z\u00fcmrenin kalk\u0131nmas\u0131ndan \u00e7ok toplumsal kalk\u0131nma prensiplerine inanm\u0131\u015f, d\u0131\u015f ili\u015fkilerinde kavgadan \u00e7ok diplomas\u0131 ve bar\u0131\u015f yolunu se\u00e7mi\u015ftir. Bug\u00fcn <strong>98. Y\u0131l\u0131nda<\/strong> dimdik durmam\u0131z\u0131n en b\u00fcy\u00fck sebebi de <strong>Cumhuriyetimizin kurucu iradesi<\/strong> ve <strong>prensipleridir.<\/strong> Bu prensiplerin ve ilkelerin \u00e7imentosu da <strong>laiklik<\/strong> ilkesidir\u201d<\/em> diye konu\u015ftu.<\/p>\n<p>Laiklik ilkesinin i\u00e7selle\u015ftirilmemesi ve toplumun hassasiyetlerini kullanarak yay\u0131lmas\u0131n\u0131n engellenmesi durumunda demokrasinin sekteye u\u011frayaca\u011f\u0131na dikkat \u00e7eken Yelkenbi\u00e7er, <em>\u201cBu durum, toplumsal e\u015fitli\u011fin asla sa\u011flanamad\u0131\u011f\u0131, \u00e7o\u011fulculu\u011fun zenginlik olarak g\u00f6r\u00fclmesinden \u00e7ok bir tehdit olarak alg\u0131land\u0131\u011f\u0131, toplumda kad\u0131n\u0131n g\u00fc\u00e7lendirilmedi\u011fi bir gelecek yaratacakt\u0131r. Bu bilin\u00e7lerin olmad\u0131\u011f\u0131 yerlerde de maalesef modern bir toplum kurmak ve demokrasimizi demokratikle\u015ftirmek imkans\u0131zd\u0131r. <strong>Cumhuriyetimizin 100\u2019\u00fcnc\u00fc y\u0131l\u0131na do\u011fru<\/strong> ilerlerken, gen\u00e7 i\u015f insanlar\u0131 olarak bizler, bir arada birlikte ya\u015fama k\u00fclt\u00fcr\u00fcm\u00fczle, Cumhuriyetin de\u011ferlerini ekonomiyi, katma de\u011ferli \u00fcretimi, e\u011fitimi, bilimi ve sanat\u0131, sivil toplumdaki etkinli\u011fimizle desteklemeye devam edece\u011fiz\u201d<\/em> dedi.<\/p>\n<p>Yelkenbi\u00e7er s\u00f6zlerini<strong> Atat\u00fcrk<\/strong>\u2019\u00fcn <strong>10.Y\u0131l Nutku<\/strong>\u2019ndan bir <span style=\"text-decoration: underline;\">al\u0131nt\u0131 yaparak noktalad\u0131:<\/span><em> \u201c \u2018Fakat yapt\u0131klar\u0131m\u0131z\u0131 asla k\u00e2fi g\u00f6remeyiz. \u00c7\u00fcnk\u00fc daha \u00e7ok ve daha b\u00fcy\u00fck i\u015fler yapmak mecburiyetinde ve azmindeyiz. Yurdumuzu d\u00fcnyan\u0131n en m\u00e2mur ve en meden\u00ee memleketleri seviyesine \u00e7\u0131karaca\u011f\u0131z. Milletimizi en geni\u015f refah vas\u0131ta ve kaynaklar\u0131na sahip k\u0131laca\u011f\u0131z. Mill\u00ee k\u00fclt\u00fcr\u00fcm\u00fcz\u00fc muas\u0131r medeniyet seviyesinin \u00fcst\u00fcne \u00e7\u0131karaca\u011f\u0131z.\u2019 Atam\u0131z\u0131n bizlere verdi\u011fi \u2018Muas\u0131r medeniyet seviyesinin \u00fcst\u00fcne \u00e7\u0131karma\u2019 hedefi bug\u00fcn de g\u00fcnceldir ve hepimiz i\u00e7in ge\u00e7erlidir. T\u00fcm T\u00fcrk Milleti\u2019nin ortak hedefidir. Derne\u011fimiz \u00e7at\u0131s\u0131 alt\u0131nda yapaca\u011f\u0131m\u0131z her i\u015fte de bize gururla y\u00f6n g\u00f6stermeye devam edecektir.\u201d<\/em><\/p>","protected":false},"excerpt":{"rendered":"<p>Sorry, this entry is only available in Turkish. For the sake of viewer convenience, the content is shown below in the alternative language. You may click the link to switch the active language. Ege Gen\u00e7 \u0130\u015f \u0130nsanlar\u0131 Derne\u011fi, 29 Ekim Cumhuriyet Bayram\u0131\u2019n\u0131 EG\u0130AD Sosyal K\u00fclt\u00fcrel Etkinlikler Merkezi\u2019nde d\u00fczenledi\u011fi g\u00f6rkemli bir resepsiyon ile kutlad\u0131. K\u00fclt\u00fcr ve [&hellip;]<\/p>\n","protected":false},"author":1,"featured_media":144781,"comment_status":"open","ping_status":"open","sticky":false,"template":"","format":"standard","meta":[],"categories":[53,4],"tags":[19201,88252,59743,59744,59503,59515,97992],"views":80,"_links":{"self":[{"href":"https:\/\/www.enerjigazetesi.ist\/en\/wp-json\/wp\/v2\/posts\/144778"}],"collection":[{"href":"https:\/\/www.enerjigazetesi.ist\/en\/wp-json\/wp\/v2\/posts"}],"about":[{"href":"https:\/\/www.enerjigazetesi.ist\/en\/wp-json\/wp\/v2\/types\/post"}],"author":[{"embeddable":true,"href":"https:\/\/www.enerjigazetesi.ist\/en\/wp-json\/wp\/v2\/users\/1"}],"replies":[{"embeddable":true,"href":"https:\/\/www.enerjigazetesi.ist\/en\/wp-json\/wp\/v2\/comments?post=144778"}],"version-history":[{"count":0,"href":"https:\/\/www.enerjigazetesi.ist\/en\/wp-json\/wp\/v2\/posts\/144778\/revisions"}],"wp:featuredmedia":[{"embeddable":true,"href":"https:\/\/www.enerjigazetesi.ist\/en\/wp-json\/wp\/v2\/media\/144781"}],"wp:attachment":[{"href":"https:\/\/www.enerjigazetesi.ist\/en\/wp-json\/wp\/v2\/media?parent=144778"}],"wp:term":[{"taxonomy":"category","embeddable":true,"href":"https:\/\/www.enerjigazetesi.ist\/en\/wp-json\/wp\/v2\/categories?post=144778"},{"taxonomy":"post_tag","embeddable":true,"href":"https:\/\/www.enerjigazetesi.ist\/en\/wp-json\/wp\/v2\/tags?post=144778"}],"curies":[{"name":"wp","href":"https:\/\/api.w.org\/{rel}","templated":true}]}}