{"id":144771,"date":"2021-10-28T11:26:43","date_gmt":"2021-10-28T08:26:43","guid":{"rendered":"https:\/\/www.enerjigazetesi.ist\/?p=144771"},"modified":"2021-10-28T11:31:57","modified_gmt":"2021-10-28T08:31:57","slug":"dunya-tasarruf-gunu-nde-dogalgaz-tasarruf-onerileri","status":"publish","type":"post","link":"https:\/\/www.enerjigazetesi.ist\/en\/dunya-tasarruf-gunu-nde-dogalgaz-tasarruf-onerileri\/","title":{"rendered":"(Turkish) D\u00fcnya Tasarruf G\u00fcn\u00fc&#8217;nde Do\u011falgaz Tasarruf \u00d6nerileri&#8230;"},"content":{"rendered":"<p class=\"qtranxs-available-languages-message qtranxs-available-languages-message-en\">Sorry, this entry is only available in <a href=\"https:\/\/www.enerjigazetesi.ist\/tr\/wp-json\/wp\/v2\/posts\/144771\" class=\"qtranxs-available-language-link qtranxs-available-language-link-tr\" title=\"Turkish\">Turkish<\/a>. For the sake of viewer convenience, the content is shown below in the alternative language. You may click the link to switch the active language.<\/p><p><\/p>\n<h2><strong>K\u00fcresel \u0131s\u0131nman\u0131n \u00f6n\u00fcne ge\u00e7mek i\u00e7in do\u011fal gaz kullan\u0131m\u0131n\u0131n yayg\u0131nla\u015ft\u0131r\u0131lmas\u0131 gerekirken kurumlar\u0131n ve ki\u015filerin do\u011falgaz\u0131 daha tasarruflu kullanmas\u0131 i\u00e7in almas\u0131 gereken baz\u0131 \u00f6nemler mevcut. Ekonomik bir enerji kayna\u011f\u0131 olan do\u011fal gaz\u0131 daha verimli kullanmak i\u00e7in yap\u0131lmas\u0131 gerekenler ise olduk\u00e7a basit.<\/strong><\/h2>\n<p><strong>Enerji verimlili\u011fi<\/strong> ve <strong>tasarrufu<\/strong> son d\u00f6nemde \u00f6ne \u00e7\u0131kan konular aras\u0131nda yer al\u0131yor. K\u00fcresel \u0131s\u0131nman\u0131n olumsuz etkilerinin \u00f6n\u00fcne ge\u00e7mek i\u00e7in hem <strong>temiz enerji kaynaklar\u0131n\u0131 kullanmak<\/strong> hem <img loading=\"lazy\" class=\"alignright wp-image-144774\" src=\"https:\/\/www.enerjigazetesi.ist\/wp-content\/uploads\/2021\/10\/dunya-tasarruf-gunu-nde-dogalgaz-tasarruf-onerileri-1.jpg\" alt=\"\" width=\"320\" height=\"204\" srcset=\"https:\/\/www.enerjigazetesi.ist\/wp-content\/uploads\/2021\/10\/dunya-tasarruf-gunu-nde-dogalgaz-tasarruf-onerileri-1.jpg 550w, https:\/\/www.enerjigazetesi.ist\/wp-content\/uploads\/2021\/10\/dunya-tasarruf-gunu-nde-dogalgaz-tasarruf-onerileri-1-300x191.jpg 300w, https:\/\/www.enerjigazetesi.ist\/wp-content\/uploads\/2021\/10\/dunya-tasarruf-gunu-nde-dogalgaz-tasarruf-onerileri-1-500x318.jpg 500w, https:\/\/www.enerjigazetesi.ist\/wp-content\/uploads\/2021\/10\/dunya-tasarruf-gunu-nde-dogalgaz-tasarruf-onerileri-1-80x50.jpg 80w\" sizes=\"(max-width: 320px) 100vw, 320px\" \/>de bu enerji kaynaklar\u0131n\u0131 <strong>daha verimli<\/strong> bir \u015fekilde t\u00fcketerek <strong>s\u00fcrd\u00fcr\u00fclebilir<\/strong> bir <strong>\u00e7evre politikas\u0131na<\/strong> destek olmak m\u00fcmk\u00fcn.<\/p>\n<p>En sa\u011fl\u0131kl\u0131 \u0131s\u0131nma sistemi olan temiz enerji kayna\u011f\u0131 <strong>do\u011fal gaz<\/strong>, <em>hava, ortam ve \u00e7evre kirlili\u011fine <\/em>yol a\u00e7m\u0131yor. Do\u011fal gaz t\u00fcm <strong>d\u00fcnyada en g\u00fcvenli yak\u0131t<\/strong> olarak kabul edilirken, <strong>alternatif \u0131s\u0131nma y\u00f6ntemlerine<\/strong> g\u00f6re de tasarruf sa\u011fl\u0131yor.<\/p>\n<p>Ekonomik bir enerji kayna\u011f\u0131 olan <strong>do\u011fal gaz\u0131 daha verimli kullanmak<\/strong> i\u00e7in ise baz\u0131 \u00f6nlemler almak gerekiyor. <strong>\u2018Do\u011fal gazs\u0131z ev kalmayacak\u2019<\/strong> anlay\u0131\u015f\u0131yla \u00e7al\u0131\u015fmalar\u0131n\u0131 s\u00fcrd\u00fcren Enerya, <strong>31 Ekim D\u00fcnya Tasarruf G\u00fcn\u00fc<\/strong>&#8216;ne \u00f6zel, <strong>verimli do\u011fal gaz kullan\u0131m\u0131<\/strong> konusunda t\u00fcketicileri bilgilendirdi.<\/p>\n<h3><strong>Faturalarda \u00f6nemli oranda tasarruf sa\u011flanabilir<\/strong><\/h3>\n<p>Do\u011falgaz kullan\u0131c\u0131lar\u0131n\u0131n alaca\u011f\u0131 k\u00fc\u00e7\u00fck \u00f6nlemlerle hem <strong>do\u011falgaz faturalar\u0131nda<\/strong> \u00f6nemli oranda<strong> tasarruf<\/strong> sa\u011flayabileceklerinin hem de <strong>enerji kaynaklar\u0131n\u0131n verimli kullan\u0131lmas\u0131na<\/strong> destek olabileceklerinin alt\u0131 \u00e7izilirken t\u00fcketicilerin ekonomik bir yak\u0131t olan <strong>do\u011fal gaz\u0131 verimli kullanabilmeleri<\/strong> i\u00e7in tavsiyelerde bulunuluyor.<\/p>\n<h3><strong>Kombilerin bak\u0131m\u0131 d\u00fczenli olarak yap\u0131lmal\u0131<\/strong><\/h3>\n<p><strong>Do\u011fal gaz\u0131n verimli kullan\u0131lmas\u0131<\/strong>nda kombilerin d\u00fczenli bak\u0131m\u0131n\u0131n olduk\u00e7a \u00f6nemli oldu\u011funu vurgulayan Enerya, bu sayede <strong>enerji tasarrufu sa\u011flanabilece\u011fini<\/strong> ve <strong>kombilerin performans\u0131n\u0131n<\/strong> korunabilece\u011fini belirtirken kombi kullan\u0131m\u0131 s\u0131ras\u0131nda <strong>kombi bas\u0131nc\u0131n\u0131n<\/strong> da d\u00fczenli aral\u0131klarda kontrol edilmesi gerekti\u011finin de alt\u0131n\u0131 \u00e7izdi.<\/p>\n<h3><strong>Kombiyi kapatmak yerine d\u00fc\u015f\u00fck s\u0131cakl\u0131kta \u00e7al\u0131\u015ft\u0131r\u0131n<\/strong><\/h3>\n<p>K\u0131\u015f aylar\u0131nda do\u011fal gaz t\u00fcketimini minimize etmek i\u00e7in evden \u00e7\u0131karken kombiyi kapatmak yerine d\u00fc\u015f\u00fck s\u0131cakl\u0131kta \u00e7al\u0131\u015ft\u0131rman\u0131n<strong> yak\u0131t t\u00fcketiminin azalt\u0131lmas\u0131na<\/strong> yard\u0131mc\u0131 olaca\u011f\u0131n\u0131n alt\u0131 \u00e7izilirken radyat\u00f6rlerin \u00f6n\u00fcn\u00fc e\u015fya ile kapatmaman\u0131n, evin kullan\u0131lmayan alanlar\u0131ndaki<strong> radyat\u00f6rleri kapal\u0131 tutman\u0131n<\/strong> ve <strong>oda termostat\u0131 kullanman\u0131n<\/strong> tasarruf sa\u011flamada yard\u0131mc\u0131 olabilecek di\u011fer \u00f6nlemler oldu\u011fu da aktar\u0131ld\u0131.<\/p>\n<h3><strong>Do\u011falgaz tasarrufu i\u00e7in yapman\u0131z gerekenler:\u00a0<\/strong><\/h3>\n<p>&#8211; Radyat\u00f6rlerin \u00f6n\u00fcn\u00fc e\u015fya ile kapatmay\u0131n.<\/p>\n<p>&#8211; Kap\u0131 ve pencerelerin \u00e7ift cam ya da PVC olmas\u0131na dikkat edin.<\/p>\n<p>&#8211; Evin kullan\u0131lmayan b\u00f6l\u00fcmlerindeki radyat\u00f6rleri kapat\u0131n.<\/p>\n<p>&#8211; S\u0131cak su borular\u0131n\u0131 izole ettirin.<\/p>\n<p>&#8211; Oda termostat\u0131 kullan\u0131n.<\/p>\n<p>&#8211; Bacal\u0131 cihazlar\u0131 dolap i\u00e7ine yerle\u015ftirmeyin.<\/p>\n<p>&#8211; Radyat\u00f6rlerin arkas\u0131na \u0131s\u0131 yal\u0131t\u0131m levhalar\u0131 yerle\u015ftirin.<\/p>\n<p>&#8211; Kapal\u0131 perdelerin \u0131s\u0131 kayb\u0131n\u0131 y\u00fczde 25 oran\u0131nda \u00f6nledi\u011fini unutmay\u0131n.<\/p>\n<p>&#8211; Kombinizi s\u00fcrekli a\u00e7\u0131p kapatmay\u0131n.<\/p>\n<p>&#8211; Yemek pi\u015firirken f\u0131r\u0131n\u0131n kapa\u011f\u0131n\u0131 a\u00e7may\u0131n.<\/p>\n<p>&#8211; Menfezleri kapatmay\u0131n.<\/p>\n<p>&#8211; Kombi bak\u0131m\u0131n\u0131z\u0131 d\u00fczenli yapt\u0131r\u0131n.<\/p>\n<p>&#8211; Yo\u011fu\u015fmal\u0131 kombileri tercih edin.<\/p>","protected":false},"excerpt":{"rendered":"<p>Sorry, this entry is only available in Turkish. For the sake of viewer convenience, the content is shown below in the alternative language. You may click the link to switch the active language. K\u00fcresel \u0131s\u0131nman\u0131n \u00f6n\u00fcne ge\u00e7mek i\u00e7in do\u011fal gaz kullan\u0131m\u0131n\u0131n yayg\u0131nla\u015ft\u0131r\u0131lmas\u0131 gerekirken kurumlar\u0131n ve ki\u015filerin do\u011falgaz\u0131 daha tasarruflu kullanmas\u0131 i\u00e7in almas\u0131 gereken baz\u0131 \u00f6nemler [&hellip;]<\/p>\n","protected":false},"author":1,"featured_media":144774,"comment_status":"open","ping_status":"open","sticky":false,"template":"","format":"standard","meta":[],"categories":[46,53],"tags":[92,43848,59734,59720,60162,26761,103,49436,69291,13837,59667,41408,81570],"views":421,"_links":{"self":[{"href":"https:\/\/www.enerjigazetesi.ist\/en\/wp-json\/wp\/v2\/posts\/144771"}],"collection":[{"href":"https:\/\/www.enerjigazetesi.ist\/en\/wp-json\/wp\/v2\/posts"}],"about":[{"href":"https:\/\/www.enerjigazetesi.ist\/en\/wp-json\/wp\/v2\/types\/post"}],"author":[{"embeddable":true,"href":"https:\/\/www.enerjigazetesi.ist\/en\/wp-json\/wp\/v2\/users\/1"}],"replies":[{"embeddable":true,"href":"https:\/\/www.enerjigazetesi.ist\/en\/wp-json\/wp\/v2\/comments?post=144771"}],"version-history":[{"count":0,"href":"https:\/\/www.enerjigazetesi.ist\/en\/wp-json\/wp\/v2\/posts\/144771\/revisions"}],"wp:featuredmedia":[{"embeddable":true,"href":"https:\/\/www.enerjigazetesi.ist\/en\/wp-json\/wp\/v2\/media\/144774"}],"wp:attachment":[{"href":"https:\/\/www.enerjigazetesi.ist\/en\/wp-json\/wp\/v2\/media?parent=144771"}],"wp:term":[{"taxonomy":"category","embeddable":true,"href":"https:\/\/www.enerjigazetesi.ist\/en\/wp-json\/wp\/v2\/categories?post=144771"},{"taxonomy":"post_tag","embeddable":true,"href":"https:\/\/www.enerjigazetesi.ist\/en\/wp-json\/wp\/v2\/tags?post=144771"}],"curies":[{"name":"wp","href":"https:\/\/api.w.org\/{rel}","templated":true}]}}