{"id":144702,"date":"2021-10-27T12:09:30","date_gmt":"2021-10-27T09:09:30","guid":{"rendered":"https:\/\/www.enerjigazetesi.ist\/?p=144702"},"modified":"2021-10-27T12:46:09","modified_gmt":"2021-10-27T09:46:09","slug":"elektrik-faturamiz-da-yer-alan-kalemlere-yonelik-aciklamalar","status":"publish","type":"post","link":"https:\/\/www.enerjigazetesi.ist\/en\/elektrik-faturamiz-da-yer-alan-kalemlere-yonelik-aciklamalar\/","title":{"rendered":"(Turkish) Elektrik Faturam\u0131z da Yer Alan Kalemlere Y\u00f6nelik A\u00e7\u0131klamalar&#8230;"},"content":{"rendered":"<p class=\"qtranxs-available-languages-message qtranxs-available-languages-message-en\">Sorry, this entry is only available in <a href=\"https:\/\/www.enerjigazetesi.ist\/tr\/wp-json\/wp\/v2\/posts\/144702\" class=\"qtranxs-available-language-link qtranxs-available-language-link-tr\" title=\"Turkish\">Turkish<\/a>. For the sake of viewer convenience, the content is shown below in the alternative language. You may click the link to switch the active language.<\/p><p><\/p>\n<h2>G\u00fcnl\u00fck hayatta herkesin enerji t\u00fcketimi sonras\u0131 her ay d\u00fczenli eline ge\u00e7erek \u00f6dedi\u011fi elektrik faturalar\u0131m\u0131zda bir \u00e7ok kalem madde ve bunun kar\u015f\u0131s\u0131nda bir say\u0131sal de\u011fer g\u00f6r\u00fcyoruz. Enerji Gazetesi siz okurlar\u0131 i\u00e7in bu elektrik faturas\u0131nda yer alan kalemlerin a\u00e7\u0131klamalar\u0131n\u0131 sizlerle payla\u015f\u0131yor&#8230;<\/h2>\n<p><strong>Elektrik da\u011f\u0131t\u0131m \u015firketinin bilgileri : <\/strong>Da\u011f\u0131t\u0131m \u015firketinin ticari unvan\u0131, kay\u0131tl\u0131 adresi, vergi dairesi, vergi numaras\u0131, mersis numaras\u0131 ticaret sicil numaras\u0131, telefon numaras\u0131, fax numaras\u0131 ve internet adres <img loading=\"lazy\" class=\"alignright wp-image-144704\" src=\"https:\/\/www.enerjigazetesi.ist\/wp-content\/uploads\/2021\/10\/elektrik-faturamiz-da-yer-alan-kalemlere-yonelik-aciklamalar.jpg\" alt=\"\" width=\"300\" height=\"563\" srcset=\"https:\/\/www.enerjigazetesi.ist\/wp-content\/uploads\/2021\/10\/elektrik-faturamiz-da-yer-alan-kalemlere-yonelik-aciklamalar.jpg 377w, https:\/\/www.enerjigazetesi.ist\/wp-content\/uploads\/2021\/10\/elektrik-faturamiz-da-yer-alan-kalemlere-yonelik-aciklamalar-160x300.jpg 160w, https:\/\/www.enerjigazetesi.ist\/wp-content\/uploads\/2021\/10\/elektrik-faturamiz-da-yer-alan-kalemlere-yonelik-aciklamalar-213x400.jpg 213w, https:\/\/www.enerjigazetesi.ist\/wp-content\/uploads\/2021\/10\/elektrik-faturamiz-da-yer-alan-kalemlere-yonelik-aciklamalar-27x50.jpg 27w\" sizes=\"(max-width: 300px) 100vw, 300px\" \/>bilgileri bu k\u0131s\u0131mda yer al\u0131r.<\/p>\n<p><strong>Elektrik s\u00f6zle\u015fme numaras\u0131<\/strong>, abone numaras\u0131, tesisat numaras\u0131 ya da m\u00fc\u015fteri numaras\u0131 olarak isimlendirilen kavram, elektrik t\u00fcketicileri ile tedarik\u00e7ileri aras\u0131ndaki abonelikler i\u00e7in verilen numarad\u0131r.<\/p>\n<p><strong>Tekil Kod\/ Tesisat No:<\/strong> Da\u011f\u0131t\u0131m \u015firketleri taraf\u0131ndan da\u011f\u0131t\u0131m b\u00f6lgesinde yer alan her bir t\u00fcketim noktas\u0131 i\u00e7in belirlenen ve t\u00fcketim noktas\u0131n\u0131n piyasa y\u00f6netim sistemine kay\u0131t yapt\u0131r\u0131lmas\u0131 s\u0131ras\u0131nda olu\u015fturulan abone numaras\u0131na \u00f6zel olu\u015fturulan numarad\u0131r.<\/p>\n<p><strong>T\u00fcketici No: <\/strong>S\u00f6zle\u015fme s\u0131ras\u0131nda t\u00fcketiciye ait olan tesisat i\u00e7in verilen abonelik numaras\u0131.<\/p>\n<p><strong>T\u00fcketici Grubu:<\/strong> Tarife grubunu ve abone tipini ifade eder. (Tek terimli tek zamanl\u0131 mesken AG, Tek terimli tek zamanl\u0131 ticarethane, \u00fc\u00e7 zamanl\u0131 sanayi, \u00fc\u00e7 zamanl\u0131 ticarethane vb.)<\/p>\n<p><strong>\u0130lk Okuma: <\/strong>M\u00fc\u015fterinin bir \u00f6nceki d\u00f6nemde sayac\u0131n\u0131n okundu\u011fu tarihtir.<\/p>\n<p><strong>Son okuma: <\/strong>M\u00fc\u015fterinin sayac\u0131n\u0131n fatura d\u00f6neminde okundu\u011fu tarihtir.<\/p>\n<p><strong>Okuma Saati: <\/strong>Sayac\u0131n okundu\u011fu zaman\u0131 g\u00f6sterir.<\/p>\n<p><strong>Tek zamanl\u0131 tarife<\/strong>: elektrik t\u00fcketiminin g\u00fcn\u00fcn her saatinde sabit bir fiyattan \u00fccretlendirilmesidir.<\/p>\n<p><strong>\u00c7ok zamanl\u0131 tarife<\/strong>: g\u00fcnd\u00fcz, puant ve gece olmak \u00fczere 3 farkl\u0131 zaman dilimi vard\u0131r. G\u00fcnd\u00fcz tarifesinin saatleri; <strong>06:00-17:00<\/strong>, puant tarifesinin saatleri; <strong>17:00-22:00<\/strong>, gece tarifesinin saatleri; <strong>22:00-06:00<\/strong> zaman aral\u0131klar\u0131nda <strong>3 ayr\u0131 birim fiyat<\/strong> \u00fczerinden fiyatland\u0131r\u0131lan tarifedir.<\/p>\n<p><strong>\u00a0Trafo Bo\u015fta Kay\u0131p Bedeli<\/strong>: Trafosu bulunan m\u00fc\u015fterilere ait<strong> trafo kayb\u0131 t\u00fcketimi<\/strong>dir. Trafo kapat\u0131lm\u0131\u015f veya kullan\u0131lmad\u0131\u011f\u0131 zamanlarda da elektrik \u00e7ekmeye devam eder. Bu <strong>elektrik kayb\u0131n\u0131n faturaland\u0131r\u0131lmas\u0131<\/strong>na bo\u015fta kay\u0131p bedeli denir.<\/p>\n<p><strong>End\u00fcktif-Kapasitif Bedeli:<\/strong> Oranlar\u0131n\u0131n\u00a0 belli de\u011ferlerde olmas\u0131 istenir. Bu oranlar istenilen aral\u0131\u011f\u0131n d\u0131\u015f\u0131na \u00e7\u0131kt\u0131\u011f\u0131nda, abonelere yaz\u0131lan bedeldir.<\/p>\n<p><strong>Fatura Edilen Reaktif:<\/strong> Abonenin aktif t\u00fcketim miktar\u0131n\u0131n <strong>T.C. Enerji Piyasas\u0131 D\u00fczenleme Kurumu<\/strong>\u2019nun belirledi\u011fi <strong>aktif\/reaktif oranlar\u0131n\u0131n<\/strong> istenilen aral\u0131\u011f\u0131n a\u015f\u0131lmas\u0131 halinde tahakkuk ettirilen bedeldir.<\/p>\n<p><strong>Da\u011f\u0131t\u0131m Bedeli:<\/strong> Elektrik sat\u0131\u015f\u0131 i\u00e7in gerekli olan harcamalar\u0131n tamam\u0131d\u0131r. T\u00fcm t\u00fcketicilerden tahsil edilir.<\/p>\n<p><strong>Elektrik Enerji Fonu: <\/strong>Elektrik altyap\u0131s\u0131n\u0131 iyile\u015ftirmek amac\u0131yla Enerji ve Tabii Kaynaklar Bakanl\u0131\u011f\u0131\u2019nda yap\u0131lan \u00e7al\u0131\u015fmalar i\u00e7in aktar\u0131lan bedeldir.<\/p>\n<p><strong>TRT Pay\u0131:<\/strong> 3093 Say\u0131l\u0131 T\u00fcrkiye Radyo-Televizyon Gelirleri Kanunu gere\u011fi, <strong>T\u00fcrkiye Radyo Televizyon Kurumu<\/strong>\u2019nun giderlerinin kar\u015f\u0131lanabilmesi i\u00e7in al\u0131nan <strong>vergi bedelidir.<\/strong><\/p>\n<p><strong>Elektrik ve <\/strong><strong>Havagaz\u0131 T\u00fcketim Vergisi (ETV veya BTV): <\/strong>Aboneli\u011fin bulundu\u011fu b\u00f6lge i\u00e7erisinde hizmet veren belediye i\u00e7in <strong>Belediye Gelirleri Kanunu<\/strong> h\u00fck\u00fcmleri gere\u011fi al\u0131nan <strong>vergi bedelidir.<\/strong><\/p>\n<p><strong>KDV:<\/strong> Abonenin t\u00fcketim tutar\u0131 \u00fczerine t\u00fcm eklemeler yap\u0131ld\u0131ktan sonra \u00e7\u0131kan tutar\u0131n <strong>%18<\/strong>\u2019i kadar <strong>Katma De\u011fer Vergisi Kanunu<\/strong> h\u00fck\u00fcmleri gere\u011fi al\u0131nan vergi bedelidir.<\/p>\n<p><strong>Muhtelif Mahsup:<\/strong> Abonenin t\u00fcrk liras\u0131 olarak iade alaca\u011f\u0131n\u0131n olu\u015fan faturas\u0131ndan d\u00fc\u015f\u00fclen bedelidir.<\/p>\n<p><strong>\u00d6nceki D\u00f6nem Yuvarlama Fark\u0131:<\/strong> Bir \u00f6nceki d\u00f6nem faturas\u0131nda uygulan\u0131lan ve bir sonraki aya devredecek olan yuvarlama bedelinden kalan <strong>bor\u00e7<\/strong> veya<strong> alacak<\/strong> miktar tutar\u0131d\u0131r.<\/p>\n<p><strong>Yuvarlama Fark\u0131: <\/strong>Fatura tutar\u0131n\u0131n kuru\u015f hanesinin <strong>yukar\u0131<\/strong> veya <strong>a\u015fa\u011f\u0131ya<\/strong> yuvarlanarak tutara e\u015fitlenecek bedeldir.<\/p>\n<p><strong>\u00d6denecek Tutar:<\/strong> Elektrik faturas\u0131ndaki \u00f6denecek toplam bedeldir.<\/p>\n<p><strong>Eski Bor\u00e7\/Bakiye (TL):<\/strong> \u00d6nceki aylara ait \u00f6denmeyen elektrik faturalar\u0131 bulunuyorsa o faturalar\u0131n toplam tutar\u0131d\u0131r.<\/p>\n<p><strong>\u00d6demelerinini zaman\u0131nda yapt\u0131\u011f\u0131n\u0131z i\u00e7in te\u015fekk\u00fcr ederim:<\/strong> Da\u011f\u0131t\u0131m \u015firketinin te\u015fekk\u00fcr b\u00f6l\u00fcm\u00fcd\u00fcr.<\/p>\n<p><strong>Sonraki Okuma D\u00f6nemi:<\/strong> Sayac\u0131n bir sonraki okuma d\u00f6nemini<\/p>\n<p><strong>Otomatik \u00d6deme Talimat\u0131: <\/strong>M\u00fc\u015fterinin anla\u015fmal\u0131 bankalardan otomatik \u00f6deme talimat\u0131n\u0131n olup olmad\u0131\u011f\u0131 hakk\u0131nda bilgi veren k\u0131s\u0131md\u0131r.<\/p>\n<p><strong>Demand:<\/strong> Faturada yazan ay i\u00e7erisinde \u00e7ekilen maksimum g\u00fc\u00e7 g\u00f6stergesidir.<\/p>\n<p><strong>Demand \u00c7arpan:<\/strong> Faturada yazan ay i\u00e7erisinde \u00e7ekilen maksimum g\u00fc\u00e7 g\u00f6stergesini belirlemek \u00fczere demand g\u00f6stergesinin \u00e7arp\u0131m katsay\u0131s\u0131d\u0131r.<\/p>\n<p><strong>Demand G\u00f6sterge:<\/strong> Saya\u00e7tan okunan \u00e7arpan katsay\u0131s\u0131 ile d\u00fczeltilmemi\u015f ham g\u00f6stergedir.<\/p>\n<p><strong>G\u00fc\u00e7 Birim Fiyat\u0131:<\/strong> \u00c7ift terimli tarifeden elektrik alan t\u00fcketicilerin s\u00f6zle\u015fme g\u00fc\u00e7leri ile \u00e7arp\u0131larak tarife birim fiyat\u0131d\u0131r.<\/p>\n<p><strong>Anl.G\u00fcc\u00fc:<\/strong> M\u00fc\u015fterinin ba\u011flant\u0131 anla\u015fmas\u0131na g\u00f6re perakende sat\u0131\u015f s\u00f6zle\u015fmesinde belirlenen anla\u015fma g\u00fcc\u00fcd\u00fcr.<\/p>\n<p><strong>Say. Marka\/ Tip\/ Seri No: <\/strong>Tesisatta tak\u0131l\u0131 olan aktif sayaca ait marka, tip ve seri numara bilgisi k\u0131sm\u0131 yer al\u0131r.<\/p>\n<p><strong>G\u00fc\u00e7 A\u015f\u0131m\u0131 Birim Fiyat\u0131: <\/strong>\u00c7ift terimli tarifeden elektrik alan abonelerin belirli aral\u0131klarda olmas\u0131 istenen g\u00fc\u00e7lerinin fazla olmas\u0131 durumunda, s\u00f6zle\u015fme g\u00fcc\u00fcn\u00fc a\u015fan g\u00fcc\u00fcn fiyatland\u0131r\u0131laca\u011f\u0131 tarifedir.<\/p>\n<p><strong>Saya\u00e7 Okuma Birimi (ATO \/ GTO): <\/strong><\/p>\n<p><strong>ATO:<\/strong> \u00d6l\u00e7\u00fc h\u00fccresindeki saya\u00e7 i\u00e7in kullan\u0131lan ak\u0131m trafosunun d\u00f6n\u00fc\u015ft\u00fcrme oran\u0131d\u0131r.<\/p>\n<p><strong>GTO:<\/strong> \u00d6l\u00e7\u00fc h\u00fccresindeki saya\u00e7 i\u00e7in kullan\u0131lan gerilim trafosunun d\u00f6n\u00fc\u015ft\u00fcrme oran\u0131d\u0131r.<\/p>\n<p><strong>Fatura Belge No:<\/strong> Faturan\u0131n sistem takibi i\u00e7in tahsis edilen numarad\u0131r.<\/p>\n<p><strong>\u00d6nceki Takvim Y\u0131l\u0131 T\u00fcketim Toplam \/ G\u00fcn: <\/strong>\u0130\u00e7inde bulunulan y\u0131l\u0131n bir \u00f6nceki y\u0131la ait t\u00fcketim ve g\u00fcnl\u00fck ortalamas\u0131d\u0131r.<\/p>\n<p><strong>Cari Y\u0131l T\u00fcketim Toplam \/ G\u00fcn:<\/strong> \u0130\u00e7inde bulunulan y\u0131la ait t\u00fcketim ve ortalamas\u0131d\u0131r.<\/p>\n<p>Beyza ERSAN \u2013 Enerji Sistemleri M\u00fchendisi \u2013\u00a0<a href=\"https:\/\/www.enerjigazetesi.ist\/gunes-enerjisi-santrallerinde-ges-panel-temizliginin-onemi\/ersannbeyza@gmail.com\" target=\"_blank\" rel=\"noopener\">ersannbeyza@gmail.com<\/a><\/p>","protected":false},"excerpt":{"rendered":"<p>Sorry, this entry is only available in Turkish. For the sake of viewer convenience, the content is shown below in the alternative language. You may click the link to switch the active language. G\u00fcnl\u00fck hayatta herkesin enerji t\u00fcketimi sonras\u0131 her ay d\u00fczenli eline ge\u00e7erek \u00f6dedi\u011fi elektrik faturalar\u0131m\u0131zda bir \u00e7ok kalem madde ve bunun kar\u015f\u0131s\u0131nda bir [&hellip;]<\/p>\n","protected":false},"author":1,"featured_media":144706,"comment_status":"open","ping_status":"open","sticky":false,"template":"","format":"standard","meta":[],"categories":[51,53],"tags":[1229,96572,97950,97951],"views":920,"_links":{"self":[{"href":"https:\/\/www.enerjigazetesi.ist\/en\/wp-json\/wp\/v2\/posts\/144702"}],"collection":[{"href":"https:\/\/www.enerjigazetesi.ist\/en\/wp-json\/wp\/v2\/posts"}],"about":[{"href":"https:\/\/www.enerjigazetesi.ist\/en\/wp-json\/wp\/v2\/types\/post"}],"author":[{"embeddable":true,"href":"https:\/\/www.enerjigazetesi.ist\/en\/wp-json\/wp\/v2\/users\/1"}],"replies":[{"embeddable":true,"href":"https:\/\/www.enerjigazetesi.ist\/en\/wp-json\/wp\/v2\/comments?post=144702"}],"version-history":[{"count":0,"href":"https:\/\/www.enerjigazetesi.ist\/en\/wp-json\/wp\/v2\/posts\/144702\/revisions"}],"wp:featuredmedia":[{"embeddable":true,"href":"https:\/\/www.enerjigazetesi.ist\/en\/wp-json\/wp\/v2\/media\/144706"}],"wp:attachment":[{"href":"https:\/\/www.enerjigazetesi.ist\/en\/wp-json\/wp\/v2\/media?parent=144702"}],"wp:term":[{"taxonomy":"category","embeddable":true,"href":"https:\/\/www.enerjigazetesi.ist\/en\/wp-json\/wp\/v2\/categories?post=144702"},{"taxonomy":"post_tag","embeddable":true,"href":"https:\/\/www.enerjigazetesi.ist\/en\/wp-json\/wp\/v2\/tags?post=144702"}],"curies":[{"name":"wp","href":"https:\/\/api.w.org\/{rel}","templated":true}]}}