{"id":144686,"date":"2021-10-26T19:38:41","date_gmt":"2021-10-26T16:38:41","guid":{"rendered":"https:\/\/www.enerjigazetesi.ist\/?p=144686"},"modified":"2021-10-26T19:39:08","modified_gmt":"2021-10-26T16:39:08","slug":"otogar-elektrikli-otobuslerinin-tanitimini-italyada-surduruyor","status":"publish","type":"post","link":"https:\/\/www.enerjigazetesi.ist\/en\/otogar-elektrikli-otobuslerinin-tanitimini-italyada-surduruyor\/","title":{"rendered":"(Turkish) &#8217;Otogar&#8217; Elektrikli Otob\u00fcslerinin Tan\u0131t\u0131m\u0131n\u0131 \u0130talya\u2019da S\u00fcrd\u00fcr\u00fcyor&#8230;"},"content":{"rendered":"<p class=\"qtranxs-available-languages-message qtranxs-available-languages-message-en\">Sorry, this entry is only available in <a href=\"https:\/\/www.enerjigazetesi.ist\/tr\/wp-json\/wp\/v2\/posts\/144686\" class=\"qtranxs-available-language-link qtranxs-available-language-link-tr\" title=\"Turkish\">Turkish<\/a>. For the sake of viewer convenience, the content is shown below in the alternative language. You may click the link to switch the active language.<\/p><p><\/p>\n<h2><strong>T\u00fcrkiye&#8217;de ve farkl\u0131 k\u0131talarda \u00f6nemli teslimatlar ger\u00e7ekle\u015ftiren Otokar, y\u0131l\u0131n ilk 9 ay\u0131nda cirosunu ge\u00e7en y\u0131l\u0131n ayn\u0131 d\u00f6nemine k\u0131yasla y\u00fczde 53 art\u0131rd\u0131. \u0130hracatta % 41 b\u00fcy\u00fcme elde eden \u015firketin, ilk 9 aydaki net kar\u0131 ise 516.4 milyon TL oldu.<\/strong><\/h2>\n<p><img loading=\"lazy\" class=\"alignright wp-image-144688\" src=\"https:\/\/www.enerjigazetesi.ist\/wp-content\/uploads\/2021\/10\/otogar-elektrikli-otobuslerinin-tanitimini-italyada-surduruyor.jpg\" alt=\"\" width=\"320\" height=\"213\" srcset=\"https:\/\/www.enerjigazetesi.ist\/wp-content\/uploads\/2021\/10\/otogar-elektrikli-otobuslerinin-tanitimini-italyada-surduruyor.jpg 550w, https:\/\/www.enerjigazetesi.ist\/wp-content\/uploads\/2021\/10\/otogar-elektrikli-otobuslerinin-tanitimini-italyada-surduruyor-300x200.jpg 300w, https:\/\/www.enerjigazetesi.ist\/wp-content\/uploads\/2021\/10\/otogar-elektrikli-otobuslerinin-tanitimini-italyada-surduruyor-500x333.jpg 500w, https:\/\/www.enerjigazetesi.ist\/wp-content\/uploads\/2021\/10\/otogar-elektrikli-otobuslerinin-tanitimini-italyada-surduruyor-75x50.jpg 75w, https:\/\/www.enerjigazetesi.ist\/wp-content\/uploads\/2021\/10\/otogar-elektrikli-otobuslerinin-tanitimini-italyada-surduruyor-450x300.jpg 450w\" sizes=\"(max-width: 320px) 100vw, 320px\" \/><\/p>\n<p>Otokar&#8217;\u0131n y\u0131l i\u00e7inde kazand\u0131\u011f\u0131 ihalelerin ve ald\u0131\u011f\u0131 sipari\u015flerin \u00f6n\u00fcm\u00fczdeki d\u00f6nemde Otokar&#8217;\u0131n ba\u015far\u0131s\u0131n\u0131 tamamlayacak i\u015fler oldu\u011funa dikkat \u00e7eken <strong>G\u00f6rg\u00fc\u00e7<\/strong><span style=\"text-decoration: underline;\">;<\/span><em> \u201cOtob\u00fcs alan\u0131nda<strong> ilk 9 ayda<\/strong> Ankara ve \u0130stanbul\u2019un <strong>toplu ta\u015f\u0131mac\u0131l\u0131k ihaleleri<\/strong>nin kazanan\u0131 olduk. Slovakya, \u00dcrd\u00fcn gibi farkl\u0131 co\u011frafyalardan yeni sipari\u015fler ald\u0131k. Eyl\u00fcl ay\u0131ndan itibaren elektrikli otob\u00fcs\u00fcm\u00fcz Kent Electra&#8217;n\u0131n Avrupa\u2019daki tan\u0131t\u0131m \u00e7al\u0131\u015fmalar\u0131na h\u0131z verdik. Daha<strong> temiz<\/strong> bir<strong> \u00e7evre<\/strong> ve daha<strong> sessiz trafik<\/strong> vaadeden elektrikli otob\u00fcs\u00fcm\u00fcz\u00fc <strong>Almanya, \u0130spanya, Romanya\u2019<\/strong>da ba\u015flayan tan\u0131t\u0131mlar\u0131 \u015fu an<strong> \u0130talya\u2019da<\/strong> devam ediyor. Bir sonraki dura\u011f\u0131 ise <strong>Fransa<\/strong> olacak.\u201d ifadelerini kulland\u0131.<\/em><\/p>\n<p>Teknoloji konusundaki geli\u015fmelere de de\u011finen <strong>G\u00f6rg\u00fc\u00e7<\/strong>; <em>&#8220;Teknoloji alan\u0131nda da Otokar&#8217;\u0131 k\u00fcresel \u00e7apta <strong>bir \u00fcst lige<\/strong> \u00e7\u0131karacak \u00e7al\u0131\u015fmalar\u0131m\u0131za a\u011f\u0131rl\u0131k veriyoruz. T\u00fcrkiye&#8217;nin ilk <strong>hibrit otob\u00fcs\u00fcn\u00fcn<\/strong> ard\u0131ndan 2011\u2019de T\u00fcrkiye\u2019nin ilk elektrikli otob\u00fcs\u00fcn\u00fc tan\u0131tm\u0131\u015ft\u0131k. Y\u0131l\u0131n ba\u015f\u0131nda duyurdu\u011fumuz <strong>otonom otob\u00fcs\u00fcm\u00fcz<\/strong> i\u00e7in y\u00fcr\u00fctt\u00fc\u011f\u00fcm\u00fcz \u00e7al\u0131\u015fmalara da h\u0131z kesmeden devam ediyoruz. Di\u011fer taraftan savunma sanayii alan\u0131nda <strong>insans\u0131z<\/strong> ve <strong>uzaktan komutal\u0131<\/strong> kara sistemlerinin geli\u015ftirilmesi konusunda \u00e7al\u0131\u015fmalar\u0131m\u0131z s\u00fcr\u00fcyor\u201d<\/em> dedi.<\/p>","protected":false},"excerpt":{"rendered":"<p>Sorry, this entry is only available in Turkish. For the sake of viewer convenience, the content is shown below in the alternative language. You may click the link to switch the active language. T\u00fcrkiye&#8217;de ve farkl\u0131 k\u0131talarda \u00f6nemli teslimatlar ger\u00e7ekle\u015ftiren Otokar, y\u0131l\u0131n ilk 9 ay\u0131nda cirosunu ge\u00e7en y\u0131l\u0131n ayn\u0131 d\u00f6nemine k\u0131yasla y\u00fczde 53 art\u0131rd\u0131. \u0130hracatta [&hellip;]<\/p>\n","protected":false},"author":1,"featured_media":144688,"comment_status":"open","ping_status":"open","sticky":false,"template":"","format":"standard","meta":[],"categories":[51,53],"tags":[13859,97947,97946,2269,85083,97948],"views":147,"_links":{"self":[{"href":"https:\/\/www.enerjigazetesi.ist\/en\/wp-json\/wp\/v2\/posts\/144686"}],"collection":[{"href":"https:\/\/www.enerjigazetesi.ist\/en\/wp-json\/wp\/v2\/posts"}],"about":[{"href":"https:\/\/www.enerjigazetesi.ist\/en\/wp-json\/wp\/v2\/types\/post"}],"author":[{"embeddable":true,"href":"https:\/\/www.enerjigazetesi.ist\/en\/wp-json\/wp\/v2\/users\/1"}],"replies":[{"embeddable":true,"href":"https:\/\/www.enerjigazetesi.ist\/en\/wp-json\/wp\/v2\/comments?post=144686"}],"version-history":[{"count":0,"href":"https:\/\/www.enerjigazetesi.ist\/en\/wp-json\/wp\/v2\/posts\/144686\/revisions"}],"wp:featuredmedia":[{"embeddable":true,"href":"https:\/\/www.enerjigazetesi.ist\/en\/wp-json\/wp\/v2\/media\/144688"}],"wp:attachment":[{"href":"https:\/\/www.enerjigazetesi.ist\/en\/wp-json\/wp\/v2\/media?parent=144686"}],"wp:term":[{"taxonomy":"category","embeddable":true,"href":"https:\/\/www.enerjigazetesi.ist\/en\/wp-json\/wp\/v2\/categories?post=144686"},{"taxonomy":"post_tag","embeddable":true,"href":"https:\/\/www.enerjigazetesi.ist\/en\/wp-json\/wp\/v2\/tags?post=144686"}],"curies":[{"name":"wp","href":"https:\/\/api.w.org\/{rel}","templated":true}]}}