{"id":144682,"date":"2021-10-26T19:22:42","date_gmt":"2021-10-26T16:22:42","guid":{"rendered":"https:\/\/www.enerjigazetesi.ist\/?p=144682"},"modified":"2021-10-26T19:22:42","modified_gmt":"2021-10-26T16:22:42","slug":"icimdeki-kahraman-filmi-nin-9-bogazici-film-festivali-gosterimi-gerceklesti","status":"publish","type":"post","link":"https:\/\/www.enerjigazetesi.ist\/en\/icimdeki-kahraman-filmi-nin-9-bogazici-film-festivali-gosterimi-gerceklesti\/","title":{"rendered":"(Turkish) \u0130\u00e7imdeki Kahraman Filmi&#8217;nin Atlas 1948 Sinemas\u0131\u2019nda G\u00f6sterimi Yap\u0131ld\u0131"},"content":{"rendered":"<p class=\"qtranxs-available-languages-message qtranxs-available-languages-message-en\">Sorry, this entry is only available in <a href=\"https:\/\/www.enerjigazetesi.ist\/tr\/wp-json\/wp\/v2\/posts\/144682\" class=\"qtranxs-available-language-link qtranxs-available-language-link-tr\" title=\"Turkish\">Turkish<\/a>. For the sake of viewer convenience, the content is shown below in the alternative language. You may click the link to switch the active language.<\/p><p><\/p>\n<h2><strong>\u0130\u00e7imdeki Kahraman filminin, 9. Bo\u011fazi\u00e7i Film Festivali Ulusal Uzun Metraj Yar\u0131\u015fmas\u0131 kapsam\u0131nda ger\u00e7ekle\u015fen \u0130stanbul pr\u00f6miyerinden sonra film ekibi d\u00fczenlenen s\u00f6yle\u015fiye kat\u0131ld\u0131.<\/strong><\/h2>\n<p>Ulusal Uzun Metraj Yar\u0131\u015fmas\u0131 filmlerinden <strong>\u201c\u0130\u00e7imdeki Kahraman\u201d<\/strong> filminin g\u00f6sterimi <strong>25 Ekim Pazartesi<\/strong> g\u00fcn\u00fc, <strong>Atlas 1948 Sinemas\u0131<\/strong>\u2019nda ger\u00e7ekle\u015fti. Filmden sonra, ekibin kat\u0131l\u0131m\u0131yla bir s\u00f6yle\u015fi d\u00fczenlendi. \u0130zleyicilerin yo\u011fun ilgi g\u00f6sterdi\u011fi s\u00f6yle\u015fiye filmin y\u00f6netmeni Sinan Sertel, senaristlerinden \u00dcmit Cihan, oyunculardan C\u00fcneyt Yalaz, Ulvi Kahyao\u011flu ve film ekibi kat\u0131ld\u0131. S\u00f6yle\u015finin moderat\u00f6rl\u00fc\u011f\u00fcn\u00fc ise Arya <img loading=\"lazy\" class=\"alignright wp-image-144684\" src=\"https:\/\/www.enerjigazetesi.ist\/wp-content\/uploads\/2021\/10\/icimdeki-kahraman-filmi-nin-9-bogazici-film-festivali-gosterimi-gerceklesti-2.jpg\" alt=\"\" width=\"320\" height=\"213\" srcset=\"https:\/\/www.enerjigazetesi.ist\/wp-content\/uploads\/2021\/10\/icimdeki-kahraman-filmi-nin-9-bogazici-film-festivali-gosterimi-gerceklesti-2.jpg 512w, https:\/\/www.enerjigazetesi.ist\/wp-content\/uploads\/2021\/10\/icimdeki-kahraman-filmi-nin-9-bogazici-film-festivali-gosterimi-gerceklesti-2-300x199.jpg 300w, https:\/\/www.enerjigazetesi.ist\/wp-content\/uploads\/2021\/10\/icimdeki-kahraman-filmi-nin-9-bogazici-film-festivali-gosterimi-gerceklesti-2-500x332.jpg 500w, https:\/\/www.enerjigazetesi.ist\/wp-content\/uploads\/2021\/10\/icimdeki-kahraman-filmi-nin-9-bogazici-film-festivali-gosterimi-gerceklesti-2-75x50.jpg 75w, https:\/\/www.enerjigazetesi.ist\/wp-content\/uploads\/2021\/10\/icimdeki-kahraman-filmi-nin-9-bogazici-film-festivali-gosterimi-gerceklesti-2-450x300.jpg 450w\" sizes=\"(max-width: 320px) 100vw, 320px\" \/>Su Alt\u0131oklar \u00fcstlendi.<\/p>\n<p>Filmde, babas\u0131 taraf\u0131ndan bir s\u00fcper kahraman oldu\u011funa inand\u0131r\u0131lan Kahraman\u2019\u0131n, kaza sonucu kaybetti\u011fi babas\u0131n\u0131, s\u00fcper g\u00fc\u00e7lerini ke\u015ffedip, geri d\u00f6nd\u00fcrmek i\u00e7in <strong>giri\u015fti\u011fi m\u00fccadele<\/strong> anlat\u0131l\u0131yor.<\/p>\n<p>\u0130lk olarak s\u00f6z alan y\u00f6netmen Sinan Sertel, \u0130\u00e7imdeki Kahraman\u2019\u0131n bir gi\u015fe filmine daha uygun olup olmad\u0131\u011f\u0131 hakk\u0131ndaki soruya; \u201cZor bir soru. Ne yaz\u0131k ki sinemay\u0131 bir araya s\u0131k\u0131\u015ft\u0131rmak istemiyorum. Seyirciyi \u00e7ok ciddiye alan biriyim. Seyirci ne der, onunla ilgileniyorum. Biz ortaya ne \u00e7\u0131kmamas\u0131 gerekti\u011fini daha \u00e7ok konu\u015ftuk, dikkat ettik.\u201d dedi ve filmi daha komik unsurlarla doldurabileceklerini ama bunu tercih etmediklerini ve bir denge tutturmaya \u00e7al\u0131\u015ft\u0131klar\u0131n\u0131 s\u00f6zlerine ekledi.<\/p>\n<p>Bir izleyicinin; <strong>\u201c\u00c7ok zor bir \u015fey denemi\u015fsiniz, nas\u0131l bir yol takip ettiniz?\u201d<\/strong> sorusuna C\u00fcneyt Yalaz, bir oyuncunun farkl\u0131 potansiyellerini a\u00e7\u0131\u011fa \u00e7\u0131karabilecek bir rol oldu\u011funu ve bu a\u00e7\u0131dan bir oyuncu i\u00e7in e\u015fsiz bir tecr\u00fcbe oldu\u011funu s\u00f6yledi. Ulvi Kahyao\u011flu ise;<em> \u201cBenim i\u00e7in \u00c7a\u011fda\u015f karakteri \u00fczerine \u00e7ok \u00e7al\u0131\u015ft\u0131k, s\u00fcrekli ara\u015farak, tart\u0131\u015farak ilerledik. \u00c7ok kolay olmad\u0131 ama g\u00fczel bir \u015fey \u00e7\u0131kt\u0131 ortaya, ben mutluyum.\u201d<\/em> dedi.<\/p>\n<h3><strong>Festivalde 26 Ekim Sal\u0131<\/strong><\/h3>\n<p>9. Bo\u011fazi\u00e7i Film Festivali\u2019nin d\u00f6rd\u00fcnc\u00fc g\u00fcn\u00fcnde <strong>Ulusal Uzun Metraj Film Yar\u0131\u015fmas\u0131<\/strong> ve <strong>Uluslararas\u0131 Uzun Metraj Film Yar\u0131\u015fmas\u0131<\/strong>\u2019nda yer alan <strong>filmlerin g\u00f6sterimi<\/strong> yap\u0131lacak.<\/p>\n<p>Atlas 1948 Sinemas\u0131\u2019nda <strong>13.00<\/strong> seans\u0131nda <strong>Juja Dobrachkous<\/strong>\u2019un <strong>\u201cElveda B\u00fcy\u00fckanne\u201d<\/strong>, <strong>16.00<\/strong> seans\u0131nda <strong>Danis Tanovic<\/strong>\u2019in <strong>\u201cKom\u015fuluk Halleri\u201d<\/strong>, <strong>18.30<\/strong> seans\u0131nda <strong>Cemil A\u011fac\u0131ko\u011flu<\/strong>\u2019nun <strong>\u201cKafes\u201d<\/strong> ve<strong> 21.00<\/strong> seans\u0131ndaki <strong>Selman Nacar<\/strong>\u2019\u0131n <strong>\u201c\u0130ki \u015eafak Aras\u0131nda\u201d<\/strong> filmlerinin g\u00f6sterimi ger\u00e7ekle\u015fecek.<\/p>\n<p>Sinemaseverler <strong>Kad\u0131k\u00f6y Sinemas\u0131<\/strong>\u2019nda ise <strong>13.00<\/strong> seans\u0131nda <strong>Will Sharpe<\/strong>\u2019\u0131n <strong>\u201cLouis Wain\u2019in Renkli D\u00fcnyas\u0131\u201d<\/strong>,<strong> 16.00<\/strong> seans\u0131nda <strong>Ferit Karahan<\/strong>\u2019\u0131n <strong>\u201cOkul T\u0131ra\u015f\u0131\u201d<\/strong>, <strong>18.30<\/strong> seans\u0131nda<strong> Muhammet \u00c7ak\u0131ral<\/strong>\u2019\u0131n <strong>\u201cLacivert Gece\u201d<\/strong> ve <strong>21.00 <\/strong>seans\u0131nda <strong>Erkan Tahhu\u015fo\u011flu<\/strong>\u2019nun<strong> \u201cKoridor\u201d<\/strong> filmlerini izleyecekler.<\/p>\n<p>Bosphorus Film Lab b\u00fcnyesinde ger\u00e7ekle\u015ftirilecek bir di\u011fer etkinlik ise <strong>saat 15:30<\/strong>\u2019da ba\u015flayacak olan <strong>\u201cT\u00fcrkiye&#8217;de Minority Co-Production\u201d\u00a0<\/strong>ba\u015fl\u0131kl\u0131 konu\u015fma<strong>\u00a0Akademi Beyo\u011flu Konferans Salonu<\/strong>\u2019nda ger\u00e7ekle\u015fecek etkinlikte TRT Sinema M\u00fcd\u00fcr\u00fc <strong>Faruk G\u00fcven<\/strong>, Eurimages T\u00fcrkiye Temsilcisi <strong>Ece Tarlan<\/strong> ile yap\u0131mc\u0131lar <strong>Enes Erbay<\/strong> ve <strong>Zeynep Koray<\/strong>, T\u00fcrkiye\u2019den k\u00fc\u00e7\u00fck ortak olarak yer al\u0131nabilecek<strong> film yap\u0131m fonlar\u0131<\/strong> hakk\u0131nda bilgilerini aktaracaklar.<\/p>\n<p>T.C. K\u00fclt\u00fcr ve Turizm Bakanl\u0131\u011f\u0131 Sinema Genel M\u00fcd\u00fcrl\u00fc\u011f\u00fc\u2019n\u00fcn katk\u0131lar\u0131, TRT\u2019nin Kurumsal \u0130\u015f Ortakl\u0131\u011f\u0131, Global \u0130leti\u015fim Orta\u011f\u0131 Anadolu Ajans\u0131&#8217;n\u0131n destekleri ve Beyo\u011flu Belediyesi\u2019nin Kurumsal Ev Sahipli\u011fi\u2019nde <strong>Bo\u011fazi\u00e7i K\u00fclt\u00fcr Sanat Vakf\u0131<\/strong> taraf\u0131ndan d\u00fczenlenen <strong>9. Bo\u011fazi\u00e7i Film Festivali<\/strong>, sekt\u00f6r\u00fcn birbirinden de\u011ferli isimlerinin yan\u0131 s\u0131ra d\u00fcnya \u00e7ap\u0131nda sinema profesyonellerini \u0130stanbul\u2019da a\u011f\u0131rl\u0131yor. Filmler ve etkinlikler hakk\u0131nda detayl\u0131 bilgiler ile t\u00fcm sinema salonlar\u0131ndaki g\u00f6sterimler <a href=\"http:\/\/www.bogazicifilmfestivali.com\" target=\"_blank\" rel=\"noopener\">www.bogazicifilmfestivali.com<\/a> internet sitesi ve festivalin sosyal medya hesaplar\u0131ndan takip edilebilir.<\/p>\n<p>T.C. K\u00fclt\u00fcr ve Turizm Bakanl\u0131\u011f\u0131 Sinema Genel M\u00fcd\u00fcrl\u00fc\u011f\u00fc\u2019n\u00fcn katk\u0131lar\u0131, TRT\u2019nin Kurumsal \u0130\u015f Ortakl\u0131\u011f\u0131, Global \u0130leti\u015fim Orta\u011f\u0131 Anadolu Ajans\u0131&#8217;n\u0131n destekleri ve Beyo\u011flu Belediyesi\u2019nin Kurumsal Ev Sahipli\u011fi\u2019nde <strong>Bo\u011fazi\u00e7i K\u00fclt\u00fcr Sanat Vakf\u0131<\/strong> taraf\u0131ndan d\u00fczenlenen<strong> 9. Bo\u011fazi\u00e7i Film Festivali<\/strong>, sekt\u00f6r\u00fcn birbirinden de\u011ferli isimlerinin yan\u0131 s\u0131ra d\u00fcnya \u00e7ap\u0131nda sinema profesyonellerini \u0130stanbul\u2019da a\u011f\u0131rlayacak. <strong>Filmler<\/strong> ve <strong>etkinlikler<\/strong> hakk\u0131nda detayl\u0131 bilgiler ile <strong>t\u00fcm sinema salonlar\u0131ndaki g\u00f6sterimler<\/strong> <a href=\"http:\/\/www.bogazicifilmfestivali.com\">www.bogazicifilmfestivali.com<\/a> internet sitesi ve festivalin <strong>sosyal medya hesaplar\u0131ndan<\/strong> takip edilebilirler.<\/p>","protected":false},"excerpt":{"rendered":"<p>Sorry, this entry is only available in Turkish. For the sake of viewer convenience, the content is shown below in the alternative language. You may click the link to switch the active language. \u0130\u00e7imdeki Kahraman filminin, 9. Bo\u011fazi\u00e7i Film Festivali Ulusal Uzun Metraj Yar\u0131\u015fmas\u0131 kapsam\u0131nda ger\u00e7ekle\u015fen \u0130stanbul pr\u00f6miyerinden sonra film ekibi d\u00fczenlenen s\u00f6yle\u015fiye kat\u0131ld\u0131. Ulusal [&hellip;]<\/p>\n","protected":false},"author":1,"featured_media":144684,"comment_status":"open","ping_status":"open","sticky":false,"template":"","format":"standard","meta":[],"categories":[53,4],"tags":[97468,97892,97082,97945,97944,97894,97943],"views":149,"_links":{"self":[{"href":"https:\/\/www.enerjigazetesi.ist\/en\/wp-json\/wp\/v2\/posts\/144682"}],"collection":[{"href":"https:\/\/www.enerjigazetesi.ist\/en\/wp-json\/wp\/v2\/posts"}],"about":[{"href":"https:\/\/www.enerjigazetesi.ist\/en\/wp-json\/wp\/v2\/types\/post"}],"author":[{"embeddable":true,"href":"https:\/\/www.enerjigazetesi.ist\/en\/wp-json\/wp\/v2\/users\/1"}],"replies":[{"embeddable":true,"href":"https:\/\/www.enerjigazetesi.ist\/en\/wp-json\/wp\/v2\/comments?post=144682"}],"version-history":[{"count":0,"href":"https:\/\/www.enerjigazetesi.ist\/en\/wp-json\/wp\/v2\/posts\/144682\/revisions"}],"wp:featuredmedia":[{"embeddable":true,"href":"https:\/\/www.enerjigazetesi.ist\/en\/wp-json\/wp\/v2\/media\/144684"}],"wp:attachment":[{"href":"https:\/\/www.enerjigazetesi.ist\/en\/wp-json\/wp\/v2\/media?parent=144682"}],"wp:term":[{"taxonomy":"category","embeddable":true,"href":"https:\/\/www.enerjigazetesi.ist\/en\/wp-json\/wp\/v2\/categories?post=144682"},{"taxonomy":"post_tag","embeddable":true,"href":"https:\/\/www.enerjigazetesi.ist\/en\/wp-json\/wp\/v2\/tags?post=144682"}],"curies":[{"name":"wp","href":"https:\/\/api.w.org\/{rel}","templated":true}]}}