{"id":144670,"date":"2021-10-26T18:44:05","date_gmt":"2021-10-26T15:44:05","guid":{"rendered":"https:\/\/www.enerjigazetesi.ist\/?p=144670"},"modified":"2021-10-26T18:44:05","modified_gmt":"2021-10-26T15:44:05","slug":"elazig-belediyesi-nin-gunes-santrali-enerjisini-uretmeye-basladi","status":"publish","type":"post","link":"https:\/\/www.enerjigazetesi.ist\/en\/elazig-belediyesi-nin-gunes-santrali-enerjisini-uretmeye-basladi\/","title":{"rendered":"(Turkish) Elaz\u0131\u011f Belediyesi\u2019nin G\u00fcne\u015f Santrali Enerjisini \u00dcretmeye Ba\u015flad\u0131"},"content":{"rendered":"<p class=\"qtranxs-available-languages-message qtranxs-available-languages-message-en\">Sorry, this entry is only available in <a href=\"https:\/\/www.enerjigazetesi.ist\/tr\/wp-json\/wp\/v2\/posts\/144670\" class=\"qtranxs-available-language-link qtranxs-available-language-link-tr\" title=\"Turkish\">Turkish<\/a>. For the sake of viewer convenience, the content is shown below in the alternative language. You may click the link to switch the active language.<\/p><p><\/p>\n<h2><strong>Elaz\u0131\u011f&#8217;\u0131n M\u00fcr\u00fc (Y\u00fcnl\u00fcce) k\u00f6y\u00fc Akp\u0131nar mevkiinde 990 kWe g\u00fcce sahip fotovoltaik panelli arazi uygulamas\u0131 olan g\u00fcne\u015f enerji santralinin kurulum \u00e7al\u0131\u015fmas\u0131 tamamlanarak enerji <img loading=\"lazy\" class=\"alignright wp-image-144673\" src=\"https:\/\/www.enerjigazetesi.ist\/wp-content\/uploads\/2021\/10\/elazig-belediyesi-nin-gunes-santrali-enerjisini-uretmeye-basladi.jpg\" alt=\"\" width=\"320\" height=\"213\" srcset=\"https:\/\/www.enerjigazetesi.ist\/wp-content\/uploads\/2021\/10\/elazig-belediyesi-nin-gunes-santrali-enerjisini-uretmeye-basladi.jpg 550w, https:\/\/www.enerjigazetesi.ist\/wp-content\/uploads\/2021\/10\/elazig-belediyesi-nin-gunes-santrali-enerjisini-uretmeye-basladi-300x200.jpg 300w, https:\/\/www.enerjigazetesi.ist\/wp-content\/uploads\/2021\/10\/elazig-belediyesi-nin-gunes-santrali-enerjisini-uretmeye-basladi-500x333.jpg 500w, https:\/\/www.enerjigazetesi.ist\/wp-content\/uploads\/2021\/10\/elazig-belediyesi-nin-gunes-santrali-enerjisini-uretmeye-basladi-75x50.jpg 75w, https:\/\/www.enerjigazetesi.ist\/wp-content\/uploads\/2021\/10\/elazig-belediyesi-nin-gunes-santrali-enerjisini-uretmeye-basladi-450x300.jpg 450w\" sizes=\"(max-width: 320px) 100vw, 320px\" \/>\u00fcretimine ba\u015flad\u0131.<\/strong><\/h2>\n<p>Elaz\u0131\u011f Belediyesi <strong>Bas\u0131n-Yay\u0131n ve Halkla \u0130li\u015fkiler M\u00fcd\u00fcrl\u00fc\u011f\u00fc<\/strong>\u2019nden konuya y\u00f6nelik <span style=\"text-decoration: underline;\">yap\u0131lan a\u00e7\u0131klamada;<\/span><\/p>\n<p><em>\u201cElaz\u0131\u011f Belediye Ba\u015fkan\u0131 \u015eahin \u015eerifo\u011fullar\u0131\u2019n\u0131n talimatlar\u0131yla ba\u015flat\u0131lan ve kendilerinin de yak\u0131ndan takip etti\u011fi \u00e7evresel bir yat\u0131r\u0131m\u0131 hayata ge\u00e7irmekten mutluluk duyuyoruz. <strong>19.000 m\u00b2<\/strong> alan \u00fczerine in\u015fa etti\u011fimiz ve y\u0131lda <strong>1 milyon 800 bin kilowatt saat<\/strong> enerji \u00fcretecek GES (G\u00fcne\u015f Enerji Santrali) projemiz faaliyete ba\u015flad\u0131. Bu projemize ek olarak yine \u015eahinkaya mevkiinde <strong>5 megawatt kapasiteli<\/strong> yeni bir <strong>GES projemiz<\/strong> i\u00e7in \u00e7al\u0131\u015fmalar\u0131m\u0131z devam ediyor. Bu projemizin de<strong> 2022 y\u0131l\u0131nda<\/strong> ihalesini ger\u00e7ekle\u015ftirmeyi planl\u0131yoruz. \u00c7al\u0131\u015fmalar\u0131m\u0131z\u0131n <strong>t\u00fcm \u015fehrimize hay\u0131rl\u0131 olmas\u0131n\u0131<\/strong> diliyoruz.\u201d<\/em> ifadeleri kullan\u0131ld\u0131.<\/p>","protected":false},"excerpt":{"rendered":"<p>Sorry, this entry is only available in Turkish. For the sake of viewer convenience, the content is shown below in the alternative language. You may click the link to switch the active language. Elaz\u0131\u011f&#8217;\u0131n M\u00fcr\u00fc (Y\u00fcnl\u00fcce) k\u00f6y\u00fc Akp\u0131nar mevkiinde 990 kWe g\u00fcce sahip fotovoltaik panelli arazi uygulamas\u0131 olan g\u00fcne\u015f enerji santralinin kurulum \u00e7al\u0131\u015fmas\u0131 tamamlanarak enerji [&hellip;]<\/p>\n","protected":false},"author":1,"featured_media":144673,"comment_status":"open","ping_status":"open","sticky":false,"template":"","format":"standard","meta":[],"categories":[51,53,49],"tags":[32832,5070,2206,97633],"views":188,"_links":{"self":[{"href":"https:\/\/www.enerjigazetesi.ist\/en\/wp-json\/wp\/v2\/posts\/144670"}],"collection":[{"href":"https:\/\/www.enerjigazetesi.ist\/en\/wp-json\/wp\/v2\/posts"}],"about":[{"href":"https:\/\/www.enerjigazetesi.ist\/en\/wp-json\/wp\/v2\/types\/post"}],"author":[{"embeddable":true,"href":"https:\/\/www.enerjigazetesi.ist\/en\/wp-json\/wp\/v2\/users\/1"}],"replies":[{"embeddable":true,"href":"https:\/\/www.enerjigazetesi.ist\/en\/wp-json\/wp\/v2\/comments?post=144670"}],"version-history":[{"count":0,"href":"https:\/\/www.enerjigazetesi.ist\/en\/wp-json\/wp\/v2\/posts\/144670\/revisions"}],"wp:featuredmedia":[{"embeddable":true,"href":"https:\/\/www.enerjigazetesi.ist\/en\/wp-json\/wp\/v2\/media\/144673"}],"wp:attachment":[{"href":"https:\/\/www.enerjigazetesi.ist\/en\/wp-json\/wp\/v2\/media?parent=144670"}],"wp:term":[{"taxonomy":"category","embeddable":true,"href":"https:\/\/www.enerjigazetesi.ist\/en\/wp-json\/wp\/v2\/categories?post=144670"},{"taxonomy":"post_tag","embeddable":true,"href":"https:\/\/www.enerjigazetesi.ist\/en\/wp-json\/wp\/v2\/tags?post=144670"}],"curies":[{"name":"wp","href":"https:\/\/api.w.org\/{rel}","templated":true}]}}