{"id":144645,"date":"2021-10-26T14:02:22","date_gmt":"2021-10-26T11:02:22","guid":{"rendered":"https:\/\/www.enerjigazetesi.ist\/?p=144645"},"modified":"2021-10-26T14:02:59","modified_gmt":"2021-10-26T11:02:59","slug":"enerjisa-dan-cocuklara-yonelik-enerji-tasarrufu-konulu-oyku-yarismasi","status":"publish","type":"post","link":"https:\/\/www.enerjigazetesi.ist\/en\/enerjisa-dan-cocuklara-yonelik-enerji-tasarrufu-konulu-oyku-yarismasi\/","title":{"rendered":"(Turkish) Enerjisa&#8217;dan \u00c7ocuklara Y\u00f6nelik Enerji Tasarrufu Konulu \u00d6yk\u00fc Yar\u0131\u015fmas\u0131&#8230;"},"content":{"rendered":"<p class=\"qtranxs-available-languages-message qtranxs-available-languages-message-en\">Sorry, this entry is only available in <a href=\"https:\/\/www.enerjigazetesi.ist\/tr\/wp-json\/wp\/v2\/posts\/144645\" class=\"qtranxs-available-language-link qtranxs-available-language-link-tr\" title=\"Turkish\">Turkish<\/a>. For the sake of viewer convenience, the content is shown below in the alternative language. You may click the link to switch the active language.<\/p><p><\/p>\n<h2><strong>T\u00fcm T\u00fcrkiye\u2019den 3. ve 4. S\u0131n\u0131flarda okuyan \u00e7ocuklar\u0131n kat\u0131laca\u011f\u0131 \u00f6zel bir \u00f6yk\u00fc yar\u0131\u015fmas\u0131 Enerjisa Da\u011f\u0131t\u0131m \u015eirketleri taraf\u0131ndan d\u00fczenlenecek. Do\u011fal enerji kaynaklar\u0131m\u0131z\u0131 korumak i\u00e7in enerji kaynaklar\u0131m\u0131z\u0131n verimli kullan\u0131lmas\u0131 temal\u0131 k\u0131sa \u00f6yk\u00fclerin yar\u0131\u015faca\u011f\u0131 yar\u0131\u015fmada belirlenen 10 \u00f6yk\u00fc \u00f6zel olarak tasarlanm\u0131\u015f ve seslendirme sanat\u00e7\u0131lar\u0131n\u0131n anlat\u0131m\u0131 ile zenginle\u015ftirilmi\u015f bir hik\u00e2ye kitab\u0131na d\u00f6n\u00fc\u015fecek. Son ba\u015fvuru tarihinin 15 Kas\u0131m 2021 oldu\u011fu yar\u0131\u015fma kapsam\u0131nda haz\u0131rlanan \u00f6zel kitap ise 23 Nisan 2022\u2019de \u00e7ocuklara arma\u011fan edilecek.<\/strong><\/h2>\n<p>Enerjisa da\u011f\u0131t\u0131m \u015firketleri<strong> Ba\u015fkent EDA\u015e, Ayeda\u015f<\/strong> ve<strong> Toroslar EDA\u015e<\/strong> taraf\u0131ndan, \u00e7ocuklara <strong>enerji tasarrufunu<\/strong> <strong>e\u011flenceli<\/strong> ve <strong>\u00f6\u011fretici<\/strong> bir yol ile anlatmay\u0131, enerji verimlili\u011fi ve tasarruf bilincini benimsetmeyi ama\u00e7layan <strong>Enerjimi Koruyorum Projesi<\/strong>\u2019nin 11. y\u0131l\u0131nda <strong>\u201cK\u0131sa \u00d6yk\u00fc Yar\u0131\u015fmas\u0131\u201d<\/strong> <img loading=\"lazy\" class=\"alignright wp-image-144647\" src=\"https:\/\/www.enerjigazetesi.ist\/wp-content\/uploads\/2021\/10\/enerjisa-dan-cocuklara-yonelik-enerji-tasarrufu-konulu-oyku-yarismasi-2.jpg\" alt=\"\" width=\"320\" height=\"275\" srcset=\"https:\/\/www.enerjigazetesi.ist\/wp-content\/uploads\/2021\/10\/enerjisa-dan-cocuklara-yonelik-enerji-tasarrufu-konulu-oyku-yarismasi-2.jpg 550w, https:\/\/www.enerjigazetesi.ist\/wp-content\/uploads\/2021\/10\/enerjisa-dan-cocuklara-yonelik-enerji-tasarrufu-konulu-oyku-yarismasi-2-300x257.jpg 300w, https:\/\/www.enerjigazetesi.ist\/wp-content\/uploads\/2021\/10\/enerjisa-dan-cocuklara-yonelik-enerji-tasarrufu-konulu-oyku-yarismasi-2-466x400.jpg 466w, https:\/\/www.enerjigazetesi.ist\/wp-content\/uploads\/2021\/10\/enerjisa-dan-cocuklara-yonelik-enerji-tasarrufu-konulu-oyku-yarismasi-2-58x50.jpg 58w, https:\/\/www.enerjigazetesi.ist\/wp-content\/uploads\/2021\/10\/enerjisa-dan-cocuklara-yonelik-enerji-tasarrufu-konulu-oyku-yarismasi-2-500x429.jpg 500w\" sizes=\"(max-width: 320px) 100vw, 320px\" \/>d\u00fczenleniyor.<\/p>\n<p>T\u00fcrkiye \u00e7ap\u0131nda d\u00fczenlenecek yar\u0131\u015fmaya, ilkokul <strong>\u00fc\u00e7\u00fcnc\u00fc<\/strong> ve <strong>d\u00f6rd\u00fcnc\u00fc<\/strong> s\u0131n\u0131f \u00f6\u011frencileri kat\u0131labilecek. D\u00fcnyay\u0131 kendilerinin kurtarabilece\u011fini d\u00fc\u015fleyerek yazacaklar\u0131 do\u011fal enerji kaynaklar\u0131m\u0131z\u0131 korumak i\u00e7in enerji kaynaklar\u0131m\u0131z\u0131n verimli kullan\u0131lmas\u0131 temal\u0131 k\u0131sa \u00f6yk\u00fclerini <strong>15 Kas\u0131m 2022\u2019ye<\/strong> kadar yar\u0131\u015fma j\u00fcrisinin de\u011ferlendirmesi i\u00e7in<strong> e-posta yoluyla<\/strong> g\u00f6nderecekler.<\/p>\n<p>Se\u00e7ici kurul taraf\u0131ndan belirlenecek olan <strong>10 \u00f6yk\u00fcn\u00fcn<\/strong> g\u00f6rsel versiyonlar\u0131ndan olu\u015fan resimli kitap <strong>23 Nisan 2022<\/strong> tarihinde \u00e7ocuklara arma\u011fan edilecek. \u00d6yk\u00fcler, <strong>seslendirme sanat\u00e7\u0131lar\u0131<\/strong> taraf\u0131ndan da seslendirilip <strong>sesli kitap format\u0131na<\/strong> d\u00f6n\u00fc\u015ft\u00fcr\u00fclecek.<\/p>\n<h3><strong>\u00d6yk\u00fcler Resme D\u00f6n\u00fc\u015fecek<\/strong><\/h3>\n<p><strong>Enerjimi Koruyorum projesi<\/strong> kapsam\u0131nda, \u00e7ocuklar\u0131m\u0131z\u0131n<strong> enerjiyi verimli kullanmay\u0131 \u00f6\u011frenmesi<\/strong> ve yar\u0131n\u0131n yeti\u015fkinleri olarak <strong>enerji verimlili\u011fi<\/strong> konseptini benimsemeleri i\u00e7in \u015fimdiye dek <strong>14<\/strong> ildeki<strong> 580<\/strong> okulda, <strong>280.000 \u00e7ocuk<\/strong> taraf\u0131ndan izlenen<strong> \u2018K\u00fcsmesin Y\u0131ld\u0131zlar\u2019 oyunu<\/strong> sergilenmi\u015f ve ge\u00e7ti\u011fimiz y\u0131l y\u00fcr\u00fcrl\u00fc\u011fe giren ve <strong>100.000<\/strong>&#8216;den fazla indirilen <strong>mobil oyun<\/strong> geli\u015ftirmi\u015fti.<\/p>\n<p><strong>\u0130klim sorunlar\u0131<\/strong> ve <strong>enerji tasarrufu<\/strong> konular\u0131nda \u00e7ocuklara y\u00f6nelik projenin devaml\u0131l\u0131\u011f\u0131 s\u00f6z konusu oldu\u011funda, bulundu\u011fumuz d\u00f6nem i\u00e7erisinde \u00e7ocuklar\u0131m\u0131z\u0131n dijital ba\u011f\u0131ml\u0131l\u0131klar\u0131n\u0131n fazlala\u015fmas\u0131 ve bu sebeple de kendilerini yaz\u0131l\u0131 olarak ifade etme al\u0131\u015fkanl\u0131klar\u0131n\u0131n azald\u0131\u011f\u0131 \u00f6ng\u00f6r\u00fcs\u00fcyle, hayal g\u00fc\u00e7lerini kullanarak olu\u015fturacaklar\u0131 hikayelerini yaz\u0131ya d\u00f6kmelerinin te\u015fvik edilmesi konusu g\u00fcndeme geldi.<\/p>\n<p>Bu vizyon paralelinde d\u00fczenlenecek olan Enerjisa K\u0131sa \u00d6yk\u00fc Yar\u0131\u015fmas\u0131\u2019nda se\u00e7ici kurul taraf\u0131ndan belirlenecek 10 \u00f6yk\u00fc, \u00f6zel \u00e7izimlerle haz\u0131rlanan bir hikaye kitab\u0131na d\u00f6n\u00fc\u015fecek. <strong>23 Nisan Ulusal Egemenlik ve \u00c7ocuk Bayram\u0131\u2019nda<\/strong> \u00e7ocuklara da\u011f\u0131t\u0131lmas\u0131 planlanan kitapta, hikayeler seslendirme sanat\u00e7\u0131lar\u0131 taraf\u0131ndan da<strong> seslendirilip sesli kitap format\u0131na<\/strong> d\u00f6n\u00fc\u015ft\u00fcr\u00fclecek.<\/p>\n<p><center><iframe loading=\"lazy\" title=\"YouTube video player\" src=\"https:\/\/www.youtube.com\/embed\/5UVYPfbtfV4\" width=\"560\" height=\"315\" frameborder=\"0\" allowfullscreen=\"allowfullscreen\"><\/iframe><\/center><\/p>","protected":false},"excerpt":{"rendered":"<p>Sorry, this entry is only available in Turkish. For the sake of viewer convenience, the content is shown below in the alternative language. You may click the link to switch the active language. T\u00fcm T\u00fcrkiye\u2019den 3. ve 4. S\u0131n\u0131flarda okuyan \u00e7ocuklar\u0131n kat\u0131laca\u011f\u0131 \u00f6zel bir \u00f6yk\u00fc yar\u0131\u015fmas\u0131 Enerjisa Da\u011f\u0131t\u0131m \u015eirketleri taraf\u0131ndan d\u00fczenlenecek. Do\u011fal enerji kaynaklar\u0131m\u0131z\u0131 korumak [&hellip;]<\/p>\n","protected":false},"author":1,"featured_media":144647,"comment_status":"open","ping_status":"open","sticky":false,"template":"","format":"standard","meta":[],"categories":[51,53,52],"tags":[50232,2320,19261,97923,97924,1884,3558],"views":257,"_links":{"self":[{"href":"https:\/\/www.enerjigazetesi.ist\/en\/wp-json\/wp\/v2\/posts\/144645"}],"collection":[{"href":"https:\/\/www.enerjigazetesi.ist\/en\/wp-json\/wp\/v2\/posts"}],"about":[{"href":"https:\/\/www.enerjigazetesi.ist\/en\/wp-json\/wp\/v2\/types\/post"}],"author":[{"embeddable":true,"href":"https:\/\/www.enerjigazetesi.ist\/en\/wp-json\/wp\/v2\/users\/1"}],"replies":[{"embeddable":true,"href":"https:\/\/www.enerjigazetesi.ist\/en\/wp-json\/wp\/v2\/comments?post=144645"}],"version-history":[{"count":0,"href":"https:\/\/www.enerjigazetesi.ist\/en\/wp-json\/wp\/v2\/posts\/144645\/revisions"}],"wp:featuredmedia":[{"embeddable":true,"href":"https:\/\/www.enerjigazetesi.ist\/en\/wp-json\/wp\/v2\/media\/144647"}],"wp:attachment":[{"href":"https:\/\/www.enerjigazetesi.ist\/en\/wp-json\/wp\/v2\/media?parent=144645"}],"wp:term":[{"taxonomy":"category","embeddable":true,"href":"https:\/\/www.enerjigazetesi.ist\/en\/wp-json\/wp\/v2\/categories?post=144645"},{"taxonomy":"post_tag","embeddable":true,"href":"https:\/\/www.enerjigazetesi.ist\/en\/wp-json\/wp\/v2\/tags?post=144645"}],"curies":[{"name":"wp","href":"https:\/\/api.w.org\/{rel}","templated":true}]}}