{"id":14464,"date":"2013-08-26T09:42:56","date_gmt":"2013-08-26T06:42:56","guid":{"rendered":"https:\/\/www.enerjigazetesi.ist\/?p=14464"},"modified":"2013-08-26T09:42:56","modified_gmt":"2013-08-26T06:42:56","slug":"sarkoy-dogalgaz-kombine-cevrim-termik-santraline-inceleme","status":"publish","type":"post","link":"https:\/\/www.enerjigazetesi.ist\/en\/sarkoy-dogalgaz-kombine-cevrim-termik-santraline-inceleme\/","title":{"rendered":"(Turkish) \u015eark\u00f6y Do\u011falgaz Kombine \u00c7evrim Termik Santrali\u2019ne \u0130nceleme"},"content":{"rendered":"<p class=\"qtranxs-available-languages-message qtranxs-available-languages-message-en\">Sorry, this entry is only available in <a href=\"https:\/\/www.enerjigazetesi.ist\/tr\/wp-json\/wp\/v2\/posts\/14464\" class=\"qtranxs-available-language-link qtranxs-available-language-link-tr\" title=\"Turkish\">Turkish<\/a>. For the sake of viewer convenience, the content is shown below in the alternative language. You may click the link to switch the active language.<\/p><p><strong>Tekirda\u011f\u2019\u0131n \u015eark\u00f6y il\u00e7esine ba\u011fl\u0131 K\u0131z\u0131lcaterzik\u00f6y\u2019de, Sarp Elektrik\u2019in kurmak istedi\u011fi Do\u011falgaz Kombine \u00c7evrim Termik Santrali\u2019nde incelemeler yap\u0131ld\u0131. \u015eark\u00f6y Do\u011fay\u0131 ve \u00c7evreyi Koruma Derne\u011fi taraf\u0131ndan santrale y\u00f6nelik verilen \u00c7evresel Etki De\u011ferlendirme (\u00c7ED) raporu olumlu karar\u0131n\u0131n iptali i\u00e7in dava a\u00e7\u0131lmas\u0131 ard\u0131ndan, ilgili ikinci bilirki\u015fi heyeti, mahkeme heyeti ile birlikte b\u00f6lgede incelemelerde bulundu.<\/strong><\/p>\n<p><strong>\u015e\u0130RKET B\u0130L\u0130RK\u0130\u015e\u0130 HEYET\u0130 RAPORUNA \u0130T\u0130RAZ ETT\u0130<\/strong><\/p>\n<p>\u00c7evre ve \u015eehircilik Bakanl\u0131\u011f\u0131 aleyhine a\u00e7\u0131lan davayla ilgili Bilirki\u015fi Heyeti haz\u0131rlad\u0131\u011f\u0131 raporda, \u00c7ED raporunun, olumlu karar\u0131n\u0131n iptal edilmesini ve k\u0131y\u0131dan 1,5-2 metre daha kuzeye \u00e7ekilecek \u015fekilde yeniden haz\u0131rlanmas\u0131 gerekti\u011fini belirtmi\u015fti.<br \/>\n\u015eirketin rapora itiraz etmesi \u00fczerine, ikin<a href=\"https:\/\/www.enerjigazetesi.ist\/wp-content\/uploads\/2013\/08\/sarkoy-dogalgaz-kombine-cevrim-termik-santraline-inceleme.jpg\"><img loading=\"lazy\" class=\"alignleft size-medium wp-image-14465\" title=\"sarkoy-dogalgaz-kombine-cevrim-termik-santraline-inceleme\" src=\"https:\/\/www.enerjigazetesi.ist\/wp-content\/uploads\/2013\/08\/sarkoy-dogalgaz-kombine-cevrim-termik-santraline-inceleme-300x209.jpg\" alt=\"\" width=\"300\" height=\"209\" srcset=\"https:\/\/www.enerjigazetesi.ist\/wp-content\/uploads\/2013\/08\/sarkoy-dogalgaz-kombine-cevrim-termik-santraline-inceleme-300x209.jpg 300w, https:\/\/www.enerjigazetesi.ist\/wp-content\/uploads\/2013\/08\/sarkoy-dogalgaz-kombine-cevrim-termik-santraline-inceleme-500x349.jpg 500w, https:\/\/www.enerjigazetesi.ist\/wp-content\/uploads\/2013\/08\/sarkoy-dogalgaz-kombine-cevrim-termik-santraline-inceleme-71x50.jpg 71w, https:\/\/www.enerjigazetesi.ist\/wp-content\/uploads\/2013\/08\/sarkoy-dogalgaz-kombine-cevrim-termik-santraline-inceleme.jpg 560w\" sizes=\"(max-width: 300px) 100vw, 300px\" \/><\/a>ci bilirki\u015fi heyeti, mahkeme heyeti ile birlikte b\u00f6lgede incelemelerde bulundu.<br \/>\nTekirda\u011f \u0130dare Mahkemesi Hakimi Abdurrahim Ay, bir \u00f6nceki bilirki\u015fi raporunun yeterli olmad\u0131\u011f\u0131n\u0131 ifade ederek \u201cBiz, burada yap\u0131lacak santralin al\u0131nacak \u00f6nlemlerle, \u00e7evreye olumsuz etkileri giderilebilecek mi ona bakaca\u011f\u0131z\u201d dedi.<\/p>\n<p><strong>B\u00d6LGE HALKI SANTRAL \u0130STEM\u0130YOR<\/strong><\/p>\n<p>\u00c7evre Derne\u011fi Ba\u015fkan\u0131 Hakan Saduno\u011flu \u015funlar\u0131 s\u00f6yledi;<br \/>\n\u201cBirinci derece sit alan\u0131 olan, \u00f6n\u00fcm\u00fczdeki 30 y\u0131l i\u00e7inde deprem ve tsunami riski bulundu\u011fu bilim insanlar\u0131nca a\u00e7\u0131klanm\u0131\u015f bir b\u00f6lgeye, b\u00f6yle b\u00fcy\u00fck bir yat\u0131r\u0131m yap\u0131lmas\u0131 g\u00f6zden ka\u00e7m\u0131\u015f olamaz. Santralin so\u011futulmas\u0131 i\u00e7in saatte 60 bin m3 su \u00e7ekilecek. Deniz suyunda ortalama 3 derece \u0131s\u0131nma s\u00f6z konusu olacak. Bir derece bile denizin \u0131s\u0131nmas\u0131, i\u00e7indeki canl\u0131lar\u0131 olumsuz olarak etkiliyor.<br \/>\nB\u00f6lge tar\u0131m, turizm ve hayvanc\u0131l\u0131kla ge\u00e7inirken, b\u00f6lge halk\u0131n\u0131n kabul etmedi\u011fi bu yat\u0131r\u0131m\u0131n yap\u0131lmas\u0131n\u0131 do\u011fru bulmuyoruz. B\u00f6lge halk\u0131 hi\u00e7bir \u015fekilde termik santral istemiyor. Santral kurulmak istenilen sahaya yak\u0131n binden fazla yerle\u015fim alan\u0131 var. Santralden \u00e7\u0131kacak asit ya\u011fmurlar\u0131 do\u011fay\u0131 etkileyecek.\u201d<\/p>\n<p><strong>\u201c\u00c7EVREYE ZARAR VERME DURUMUMUZ YOK\u201d<\/strong><\/p>\n<p>Sarp Elektrik A.\u015e. \u015eirket Yetkilisi Fatih Mehmet Cavl\u0131, arazilerinin 100 metre a\u015fa\u011f\u0131s\u0131ndan ge\u00e7en T\u00fcrkiye-Yunanistan do\u011falgaz boru hatt\u0131ndan gaz\u0131 alacaklar\u0131n\u0131 ifade ederek, \u015f\u00f6yle konu\u015ftu: \u201cBizim yat\u0131r\u0131m\u0131m\u0131z \u00e7ok daha modern ve depolamam\u0131z olmamas\u0131 nedeniyle etrafa bir zarar verme gibi bir durumumuz yok. Bu b\u00f6lgeye b\u00f6yle bir santral kurulmas\u0131n\u0131 istiyorlar. EPDK ona g\u00f6re bize lisans veriyor.\u201d<\/p>\n<p>Kaynak: <a href=\"http:\/\/enerjigunlugu.net\/sarkoy-dogalgaz-kombine-cevrim-termik-santraline-i_4661.html\" target=\"_blank\">Enerji G\u00fcnl\u00fc\u011f\u00fc<\/a><\/p>","protected":false},"excerpt":{"rendered":"<p>Sorry, this entry is only available in Turkish. For the sake of viewer convenience, the content is shown below in the alternative language. You may click the link to switch the active language.Tekirda\u011f\u2019\u0131n \u015eark\u00f6y il\u00e7esine ba\u011fl\u0131 K\u0131z\u0131lcaterzik\u00f6y\u2019de, Sarp Elektrik\u2019in kurmak istedi\u011fi Do\u011falgaz Kombine \u00c7evrim Termik Santrali\u2019nde incelemeler yap\u0131ld\u0131. \u015eark\u00f6y Do\u011fay\u0131 ve \u00c7evreyi Koruma Derne\u011fi taraf\u0131ndan [&hellip;]<\/p>\n","protected":false},"author":1,"featured_media":14465,"comment_status":"open","ping_status":"open","sticky":false,"template":"","format":"standard","meta":[],"categories":[46,51,53],"tags":[5465,4275,7896,63,67,1009,165,750,4057,7897,7900,7899,7901,7894,7895,4513,7898],"views":1575,"_links":{"self":[{"href":"https:\/\/www.enerjigazetesi.ist\/en\/wp-json\/wp\/v2\/posts\/14464"}],"collection":[{"href":"https:\/\/www.enerjigazetesi.ist\/en\/wp-json\/wp\/v2\/posts"}],"about":[{"href":"https:\/\/www.enerjigazetesi.ist\/en\/wp-json\/wp\/v2\/types\/post"}],"author":[{"embeddable":true,"href":"https:\/\/www.enerjigazetesi.ist\/en\/wp-json\/wp\/v2\/users\/1"}],"replies":[{"embeddable":true,"href":"https:\/\/www.enerjigazetesi.ist\/en\/wp-json\/wp\/v2\/comments?post=14464"}],"version-history":[{"count":1,"href":"https:\/\/www.enerjigazetesi.ist\/en\/wp-json\/wp\/v2\/posts\/14464\/revisions"}],"predecessor-version":[{"id":14466,"href":"https:\/\/www.enerjigazetesi.ist\/en\/wp-json\/wp\/v2\/posts\/14464\/revisions\/14466"}],"wp:featuredmedia":[{"embeddable":true,"href":"https:\/\/www.enerjigazetesi.ist\/en\/wp-json\/wp\/v2\/media\/14465"}],"wp:attachment":[{"href":"https:\/\/www.enerjigazetesi.ist\/en\/wp-json\/wp\/v2\/media?parent=14464"}],"wp:term":[{"taxonomy":"category","embeddable":true,"href":"https:\/\/www.enerjigazetesi.ist\/en\/wp-json\/wp\/v2\/categories?post=14464"},{"taxonomy":"post_tag","embeddable":true,"href":"https:\/\/www.enerjigazetesi.ist\/en\/wp-json\/wp\/v2\/tags?post=14464"}],"curies":[{"name":"wp","href":"https:\/\/api.w.org\/{rel}","templated":true}]}}