{"id":144633,"date":"2021-10-26T13:12:16","date_gmt":"2021-10-26T10:12:16","guid":{"rendered":"https:\/\/www.enerjigazetesi.ist\/?p=144633"},"modified":"2021-10-26T13:12:38","modified_gmt":"2021-10-26T10:12:38","slug":"yusuf-gunay-3s-kale-enerji-yonetim-kurulu-uyeligine-atandi","status":"publish","type":"post","link":"https:\/\/www.enerjigazetesi.ist\/en\/yusuf-gunay-3s-kale-enerji-yonetim-kurulu-uyeligine-atandi\/","title":{"rendered":"(Turkish) &#8217;Yusuf G\u00fcnay&#8217; 3S Kale Enerji Y\u00f6netim Kurulu \u00dcyeli\u011fine Atand\u0131"},"content":{"rendered":"<p class=\"qtranxs-available-languages-message qtranxs-available-languages-message-en\">Sorry, this entry is only available in <a href=\"https:\/\/www.enerjigazetesi.ist\/tr\/wp-json\/wp\/v2\/posts\/144633\" class=\"qtranxs-available-language-link qtranxs-available-language-link-tr\" title=\"Turkish\">Turkish<\/a>. For the sake of viewer convenience, the content is shown below in the alternative language. You may click the link to switch the active language.<\/p><p><\/p>\n<h2><strong>Enerji sekt\u00f6r\u00fcnde deneyimli isim, Enerji Piyasas\u0131 D\u00fczenleme Kurumu&#8217;nun da Kurucu Ba\u015fkanl\u0131\u011f\u0131 g\u00f6revini yapm\u0131\u015f Yusuf G\u00fcnay, k\u00f6kl\u00fc ge\u00e7mi\u015finden gelen g\u00fcven ve kalite anlay\u0131\u015f\u0131n\u0131 imza att\u0131\u011f\u0131 projelere yans\u0131tan 3S Kale Enerji\u2019nin Y\u00f6netim Kurulu \u00dcyeli\u011fine atand\u0131. G\u00fcnay\u2019\u0131n, enerji sekt\u00f6r\u00fcnde 20 y\u0131l\u0131 a\u015fk\u0131n deneyimi bulunuyor.<\/strong><\/h2>\n<p>Yenilenebilir enerji<strong> arama<\/strong> ve <strong>\u00fcretimi<\/strong> konusunda<strong> \u00f6zellikle jeotermal enerji<\/strong> \u00fczerine yo\u011funla\u015fan<strong> 3S <img loading=\"lazy\" class=\"alignright wp-image-144635\" src=\"https:\/\/www.enerjigazetesi.ist\/wp-content\/uploads\/2021\/10\/yusuf-gunay-3s-kale-enerji-yonetim-kurulu-uyeligine-atandi-1.jpg\" alt=\"\" width=\"320\" height=\"211\" srcset=\"https:\/\/www.enerjigazetesi.ist\/wp-content\/uploads\/2021\/10\/yusuf-gunay-3s-kale-enerji-yonetim-kurulu-uyeligine-atandi-1.jpg 550w, https:\/\/www.enerjigazetesi.ist\/wp-content\/uploads\/2021\/10\/yusuf-gunay-3s-kale-enerji-yonetim-kurulu-uyeligine-atandi-1-300x198.jpg 300w, https:\/\/www.enerjigazetesi.ist\/wp-content\/uploads\/2021\/10\/yusuf-gunay-3s-kale-enerji-yonetim-kurulu-uyeligine-atandi-1-500x330.jpg 500w, https:\/\/www.enerjigazetesi.ist\/wp-content\/uploads\/2021\/10\/yusuf-gunay-3s-kale-enerji-yonetim-kurulu-uyeligine-atandi-1-76x50.jpg 76w\" sizes=\"(max-width: 320px) 100vw, 320px\" \/>Kale Enerji<\/strong>, b\u00fcnyesine sekt\u00f6rde g\u00fc\u00e7l\u00fc bir ismi daha katt\u0131. Enerji sekt\u00f6r\u00fcnde deneyimli isim <strong>Yusuf G\u00fcnay<\/strong>, <strong>3S Kale Enerji<\/strong> Y\u00f6netim Kurulu \u00dcyesi olarak atand\u0131.<\/p>\n<p><em>Ankara \u00dcniversitesi Siyasal Bilgiler Fak\u00fcltesi\u2019nde lisans e\u011fitimini tamamlayan Yusuf G\u00fcnay, \u0130ngiltere Kraliyet Kamu Y\u00f6netimi Enstit\u00fcs\u00fc&#8217;nde Modern Kamu Y\u00f6netimi Teknikleri ve Avrupa Toplulu\u011fu Hukuku konusunda e\u011fitim g\u00f6rd\u00fc. 1997 y\u0131l\u0131ndan itibaren 5 y\u0131l s\u00fcreyle Ba\u015fbakanl\u0131k Kanunlar ve Kararlar Genel M\u00fcd\u00fcrl\u00fc\u011f\u00fc g\u00f6revini y\u00fcr\u00fctt\u00fc. Ankara \u00dcniversitesi ATAUM&#8217;da Avrupa Toplulu\u011fu Hukuku Uzman\u0131 oldu ve 1999 y\u0131l\u0131ndan itibaren H\u00fck\u00fbmet temsilcisi olarak Bas\u0131n \u0130lan Kurumu Genel Kurul ve Y\u00f6netim Kurulu \u00fcyeli\u011fi ile Ba\u015fkan Vekilli\u011fi g\u00f6revlerinde bulundu. Enerji Piyasas\u0131 D\u00fczenleme Kurumu&#8217;nun Kurucu Ba\u015fkan\u0131 olarak g\u00f6rev yapt\u0131. 2002 y\u0131l\u0131nda Enerji Piyasas\u0131 D\u00fczenleme Kurulu\u2019nun tam \u00fcye oldu\u011fu ve Orta ve Do\u011fu Avrupa \u00dclkeleri ile Orta Asya Cumhuriyetlerinden 23 \u00f6zerk kurumun tam \u00fcye ve 4 kurumunda g\u00f6zlemci \u00fcye oldu\u011fu ERRA (Enerji D\u00fczenleyicileri B\u00f6lgesel \u00d6rg\u00fct\u00fc) Y\u00f6netim Kuruluna se\u00e7ildi. Ayr\u0131ca, 2006 y\u0131l\u0131 itibariyle beri Akdeniz B\u00f6lgesi Enerji D\u00fczenleyicileri Toplulu\u011fu MEDREG\u2019in Ba\u015fkan Yard\u0131mc\u0131s\u0131 g\u00f6revini y\u00fcr\u00fctt\u00fc. 2007 y\u0131l\u0131 May\u0131s ay\u0131nda ise, \u0130stanbul&#8217;da yap\u0131lan 6.ERRA (Enerji D\u00fczenleyicileri B\u00f6lgesel \u00d6rg\u00fct\u00fc) toplant\u0131s\u0131nda 2 y\u0131l s\u00fcreyle ERRA ba\u015fkan\u0131 se\u00e7ildi. Evli ve iki \u00e7ocuk babas\u0131 olan G\u00fcnay, enerji sekt\u00f6r\u00fcndeki \u00e7e\u015fitli firmalara dan\u0131\u015fmanl\u0131k vermekte ve y\u00f6netim kurulu \u00fcyeli\u011fi g\u00f6revlerini s\u00fcrd\u00fcrmektedir.<\/em><\/p>","protected":false},"excerpt":{"rendered":"<p>Sorry, this entry is only available in Turkish. For the sake of viewer convenience, the content is shown below in the alternative language. You may click the link to switch the active language. Enerji sekt\u00f6r\u00fcnde deneyimli isim, Enerji Piyasas\u0131 D\u00fczenleme Kurumu&#8217;nun da Kurucu Ba\u015fkanl\u0131\u011f\u0131 g\u00f6revini yapm\u0131\u015f Yusuf G\u00fcnay, k\u00f6kl\u00fc ge\u00e7mi\u015finden gelen g\u00fcven ve kalite anlay\u0131\u015f\u0131n\u0131 [&hellip;]<\/p>\n","protected":false},"author":1,"featured_media":144636,"comment_status":"open","ping_status":"open","sticky":false,"template":"","format":"standard","meta":[],"categories":[53,48],"tags":[97920,35055,75279,73480,97919],"views":1035,"_links":{"self":[{"href":"https:\/\/www.enerjigazetesi.ist\/en\/wp-json\/wp\/v2\/posts\/144633"}],"collection":[{"href":"https:\/\/www.enerjigazetesi.ist\/en\/wp-json\/wp\/v2\/posts"}],"about":[{"href":"https:\/\/www.enerjigazetesi.ist\/en\/wp-json\/wp\/v2\/types\/post"}],"author":[{"embeddable":true,"href":"https:\/\/www.enerjigazetesi.ist\/en\/wp-json\/wp\/v2\/users\/1"}],"replies":[{"embeddable":true,"href":"https:\/\/www.enerjigazetesi.ist\/en\/wp-json\/wp\/v2\/comments?post=144633"}],"version-history":[{"count":0,"href":"https:\/\/www.enerjigazetesi.ist\/en\/wp-json\/wp\/v2\/posts\/144633\/revisions"}],"wp:featuredmedia":[{"embeddable":true,"href":"https:\/\/www.enerjigazetesi.ist\/en\/wp-json\/wp\/v2\/media\/144636"}],"wp:attachment":[{"href":"https:\/\/www.enerjigazetesi.ist\/en\/wp-json\/wp\/v2\/media?parent=144633"}],"wp:term":[{"taxonomy":"category","embeddable":true,"href":"https:\/\/www.enerjigazetesi.ist\/en\/wp-json\/wp\/v2\/categories?post=144633"},{"taxonomy":"post_tag","embeddable":true,"href":"https:\/\/www.enerjigazetesi.ist\/en\/wp-json\/wp\/v2\/tags?post=144633"}],"curies":[{"name":"wp","href":"https:\/\/api.w.org\/{rel}","templated":true}]}}