{"id":144625,"date":"2021-10-25T14:05:53","date_gmt":"2021-10-25T11:05:53","guid":{"rendered":"https:\/\/www.enerjigazetesi.ist\/?p=144625"},"modified":"2021-10-25T14:07:19","modified_gmt":"2021-10-25T11:07:19","slug":"coruh-ve-firat-bolgelerinin-3uncu-ceyrek-elektrik-tuketim-oranlari-aciklandi","status":"publish","type":"post","link":"https:\/\/www.enerjigazetesi.ist\/en\/coruh-ve-firat-bolgelerinin-3uncu-ceyrek-elektrik-tuketim-oranlari-aciklandi\/","title":{"rendered":"(Turkish) \u00c7oruh ve F\u0131rat B\u00f6lgelerinin 3&#8217;\u00fcnc\u00fc \u00c7eyrek Elektrik T\u00fcketim Oranlar\u0131 A\u00e7\u0131kland\u0131"},"content":{"rendered":"<p class=\"qtranxs-available-languages-message qtranxs-available-languages-message-en\">Sorry, this entry is only available in <a href=\"https:\/\/www.enerjigazetesi.ist\/tr\/wp-json\/wp\/v2\/posts\/144625\" class=\"qtranxs-available-language-link qtranxs-available-language-link-tr\" title=\"Turkish\">Turkish<\/a>. For the sake of viewer convenience, the content is shown below in the alternative language. You may click the link to switch the active language.<\/p><p><\/p>\n<h2><strong>\u00c7oruh b\u00f6lgesinin toplam elektrik t\u00fcketimi ge\u00e7en y\u0131l\u0131n ayn\u0131 d\u00f6nemine k\u0131yasla az da olsa azal\u0131rken, F\u0131rat b\u00f6lgesinin elektrik t\u00fcketimi az da olsa art\u0131\u015f g\u00f6sterdi. Y\u0131l\u0131n 3&#8217;\u00fcnc\u00fc \u00e7eyre\u011finde, toplam elektrik t\u00fcketimindeki art\u0131\u015f, ge\u00e7en y\u0131l\u0131n ayn\u0131 d\u00f6nemine g\u00f6re a\u011fustos ay\u0131nda \u00c7oruh, temmuz ay\u0131nda ise F\u0131rat b\u00f6lgesinde g\u00f6r\u00fcld\u00fc.<\/strong><\/h2>\n<p>\u00c7oruh b\u00f6lgesindeki Trabzon, Rize, Giresun, G\u00fcm\u00fc\u015fhane ve Artvin illeri ile F\u0131rat b\u00f6lgesindeki Malatya, El\u00e2z\u0131\u011f, Tunceli ve Bing\u00f6l illerinde g\u00f6revli elektrik tedarik \u015firketi olarak faaliyet g\u00f6steren Aksa Elektrik, <img loading=\"lazy\" class=\"alignright wp-image-144628\" src=\"https:\/\/www.enerjigazetesi.ist\/wp-content\/uploads\/2021\/10\/coruh-ve-firat-bolgelerinin-3uncu-ceyrek-elektrik-tuketim-oranlari-aciklandi-3.jpg\" alt=\"\" width=\"320\" height=\"203\" srcset=\"https:\/\/www.enerjigazetesi.ist\/wp-content\/uploads\/2021\/10\/coruh-ve-firat-bolgelerinin-3uncu-ceyrek-elektrik-tuketim-oranlari-aciklandi-3.jpg 550w, https:\/\/www.enerjigazetesi.ist\/wp-content\/uploads\/2021\/10\/coruh-ve-firat-bolgelerinin-3uncu-ceyrek-elektrik-tuketim-oranlari-aciklandi-3-300x190.jpg 300w, https:\/\/www.enerjigazetesi.ist\/wp-content\/uploads\/2021\/10\/coruh-ve-firat-bolgelerinin-3uncu-ceyrek-elektrik-tuketim-oranlari-aciklandi-3-500x317.jpg 500w, https:\/\/www.enerjigazetesi.ist\/wp-content\/uploads\/2021\/10\/coruh-ve-firat-bolgelerinin-3uncu-ceyrek-elektrik-tuketim-oranlari-aciklandi-3-80x50.jpg 80w\" sizes=\"(max-width: 320px) 100vw, 320px\" \/>y\u0131l\u0131n \u00fc\u00e7\u00fcnc\u00fc \u00e7eyre\u011fine ait (temmuz, a\u011fustos, eyl\u00fcl) elektrik t\u00fcketim rakamlar\u0131n\u0131 a\u00e7\u0131klad\u0131.<\/p>\n<p>\u00c7oruh b\u00f6lgesinde toplam elektrik t\u00fcketimi ge\u00e7en y\u0131l\u0131n ayn\u0131 d\u00f6nemine g\u00f6re (temmuz, a\u011fustos, eyl\u00fcl) yakla\u015f\u0131k <strong>y\u00fczde 1<\/strong> azald\u0131. Yap\u0131lan a\u00e7\u0131klamaya g\u00f6re, F\u0131rat b\u00f6lgesinin <strong>toplam elektrik t\u00fcketim<\/strong> oran\u0131nda ise, bir \u00f6nceki y\u0131l\u0131n ayn\u0131 d\u00f6nemine k\u0131yasla yakla\u015f\u0131k <strong>y\u00fczde 1<\/strong> oran\u0131nda art\u0131\u015f g\u00f6zlendi.<\/p>\n<p>Y\u0131l\u0131n \u00fc\u00e7\u00fcnc\u00fc \u00e7eyre\u011finde, toplam elektrik t\u00fcketimindeki art\u0131\u015f, ge\u00e7en y\u0131l\u0131n ayn\u0131 d\u00f6nemine g\u00f6re a\u011fustos ay\u0131nda \u00c7oruh, temmuz ay\u0131nda ise F\u0131rat b\u00f6lgesinde g\u00f6r\u00fcld\u00fc. Yeni abone say\u0131s\u0131 ise F\u0131rat b\u00f6lgesinde ge\u00e7en y\u0131l\u0131n \u00fc\u00e7\u00fcnc\u00fc \u00e7eyre\u011fine g\u00f6re <strong>y\u00fczde 27<\/strong> oran\u0131nda artarken, \u00c7oruh b\u00f6lgesinde ise <strong>y\u00fczde 3<\/strong> oran\u0131nda d\u00fc\u015f\u00fc\u015f g\u00f6r\u00fcld\u00fc.<\/p>\n<h3><strong>Meskenlerdeki elektrik t\u00fcketimi artt\u0131<\/strong><\/h3>\n<p><strong>Artvin, Giresun, G\u00fcm\u00fc\u015fhane, Rize ve Trabzon<\/strong> illerinin ba\u011fl\u0131 oldu\u011fu \u00c7oruh b\u00f6lgesinde<strong> temmuz, a\u011fustos <\/strong>ve<strong> eyl\u00fcl aylar\u0131nda<\/strong> meskenlerdeki elektrik t\u00fcketiminin ge\u00e7en y\u0131l\u0131n ayn\u0131 d\u00f6nemine g\u00f6re y\u00fczde 21 artt\u0131\u011f\u0131 belirtildi.<\/p>\n<p><strong>Malatya, El\u00e2z\u0131\u011f, Tunceli <\/strong>ve <strong>Bing\u00f6l<\/strong> illerinin ba\u011fl\u0131 bulundu\u011fu <strong>F\u0131rat b\u00f6lgesindeki<\/strong> meskenlerde elektrik t\u00fcketiminin y\u0131l\u0131n \u00fc\u00e7\u00fcnc\u00fc \u00e7eyre\u011finde ge\u00e7en y\u0131l\u0131n ayn\u0131 d\u00f6nemine g\u00f6re <strong>y\u00fczde 2,78<\/strong> oran\u0131nda artt\u0131\u011f\u0131 a\u00e7\u0131kland\u0131.<\/p>\n<h3><strong>F\u0131rat b\u00f6lgesinde Malatya d\u0131\u015f\u0131ndaki illerde sanayi ve ticarethane grubu abonelerinin elektrik t\u00fcketimi artt\u0131<\/strong><\/h3>\n<p>\u00c7oruh b\u00f6lgesinde, temmuz, a\u011fustos ve eyl\u00fcl aylar\u0131nda ge\u00e7en y\u0131l\u0131n ayn\u0131 d\u00f6nemine g\u00f6re sanayi ve ticarethane grubundaki abonelerin elektrik t\u00fcketiminin bu y\u0131l d\u00fc\u015ft\u00fc\u011f\u00fc g\u00f6r\u00fcld\u00fc. Artvin\u2019de y\u00fczde 25, Giresun\u2019da y\u00fczde 29, G\u00fcm\u00fc\u015fhane\u2019de y\u00fczde 38, Rize\u2019de y\u00fczde 10 ve Trabzon\u2019da ise y\u00fczde 46 oran\u0131nda d\u00fc\u015f\u00fc\u015f ya\u015fand\u0131.<\/p>\n<p>F\u0131rat b\u00f6lgesindeki sanayi ve ticaret grubundaki abonelerde ise elektrik t\u00fcketimi ge\u00e7en y\u0131la g\u00f6re Malatya d\u0131\u015f\u0131ndaki illerde art\u0131\u015f kaydetti. Malatya\u2019daki sanayi ve ticaret grubu abonelerinin elektrik t\u00fcketimi y\u0131l\u0131n \u00fc\u00e7\u00fcnc\u00fc \u00e7eyre\u011finde ge\u00e7en y\u0131l\u0131n ayn\u0131 d\u00f6nemine g\u00f6re y\u00fczde 17 azal\u0131rken; Elaz\u0131\u011f\u2019da y\u00fczde 31, Tunceli\u2019de y\u00fczde 6,21 ve Bing\u00f6l\u2019de ise y\u00fczde 1,12 oran\u0131nda art\u0131\u015f g\u00f6r\u00fcld\u00fc.<\/p>\n<h3><strong>\u00c7oruh ve F\u0131rat b\u00f6lgelerinde Trabzon, El\u00e2z\u0131\u011f ve Bing\u00f6l elektrik t\u00fcketimi artan iller oldu<\/strong><\/h3>\n<p>Aksa Elektrik\u2019ten yap\u0131lan a\u00e7\u0131klamaya g\u00f6re, \u00c7oruh b\u00f6lgesinde <strong>mesken, ticarethane <\/strong>ve<strong> sanayi abone gruplar\u0131<\/strong> dahil edilerek bak\u0131ld\u0131\u011f\u0131nda, y\u0131l\u0131n \u00fc\u00e7\u00fcnc\u00fc \u00e7eyre\u011finde ge\u00e7en y\u0131l\u0131n ayn\u0131 d\u00f6nemine g\u00f6re yaln\u0131zca Trabzon\u2019da y\u00fczde 2,19 oran\u0131yla elektrik t\u00fcketiminin artt\u0131\u011f\u0131 kaydedildi.<\/p>\n<p>\u00c7oruh b\u00f6lgesinin y\u0131l\u0131n \u00fc\u00e7\u00fcnc\u00fc \u00e7eyre\u011finin elektrik t\u00fcketiminde ge\u00e7en y\u0131l\u0131n ayn\u0131 d\u00f6nemine g\u00f6re, y\u00fczde 2,5 Artvin\u2019de, 3,17 Giresun\u2019da, y\u00fczde 5 G\u00fcm\u00fc\u015fhane\u2019de ve y\u00fczde 2,68 oran\u0131yla ise Rize\u2019de d\u00fc\u015f\u00fc\u015f ya\u015fand\u0131\u011f\u0131 belirtildi.<\/p>\n<p>F\u0131rat b\u00f6lgesindeki d\u00f6rt ilde mesken, ticarethane ve sanayi abone gruplar\u0131 dahil edilerek bak\u0131ld\u0131\u011f\u0131nda ise, y\u0131l\u0131n \u00fc\u00e7\u00fcnc\u00fc \u00e7eyre\u011finde ge\u00e7en y\u0131l\u0131n ayn\u0131 d\u00f6nemine g\u00f6re El\u00e2z\u0131\u011f ve Bing\u00f6l elektrik t\u00fcketiminin artt\u0131\u011f\u0131 iller oldu. El\u00e2z\u0131\u011f, bir \u00f6nceki y\u0131l\u0131n ayn\u0131 d\u00f6nemine g\u00f6re y\u00fczde 13 oran\u0131 ile elektrik t\u00fcketiminin artt\u0131\u011f\u0131 iller aras\u0131nda ilk s\u0131rada yer ald\u0131. Bing\u00f6l\u2019de ise bu art\u0131\u015f oran\u0131 y\u00fczde 2,67 oldu.<\/p>\n<p>F\u0131rat b\u00f6lgesinin y\u0131l\u0131n \u00fc\u00e7\u00fcnc\u00fc \u00e7eyre\u011finin elektrik t\u00fcketiminde ge\u00e7en y\u0131l\u0131n ayn\u0131 d\u00f6nemine g\u00f6re, y\u00fczde 9,30 Malatya\u2019da, y\u00fczde 8,77 oran\u0131yla ise Tunceli illerinde d\u00fc\u015f\u00fc\u015f kaydedildi.<\/p>","protected":false},"excerpt":{"rendered":"<p>Sorry, this entry is only available in Turkish. For the sake of viewer convenience, the content is shown below in the alternative language. You may click the link to switch the active language. \u00c7oruh b\u00f6lgesinin toplam elektrik t\u00fcketimi ge\u00e7en y\u0131l\u0131n ayn\u0131 d\u00f6nemine k\u0131yasla az da olsa azal\u0131rken, F\u0131rat b\u00f6lgesinin elektrik t\u00fcketimi az da olsa art\u0131\u015f [&hellip;]<\/p>\n","protected":false},"author":1,"featured_media":144630,"comment_status":"open","ping_status":"open","sticky":false,"template":"","format":"standard","meta":[],"categories":[51,53],"tags":[97918,96572,130,12490,1902,51897],"views":84,"_links":{"self":[{"href":"https:\/\/www.enerjigazetesi.ist\/en\/wp-json\/wp\/v2\/posts\/144625"}],"collection":[{"href":"https:\/\/www.enerjigazetesi.ist\/en\/wp-json\/wp\/v2\/posts"}],"about":[{"href":"https:\/\/www.enerjigazetesi.ist\/en\/wp-json\/wp\/v2\/types\/post"}],"author":[{"embeddable":true,"href":"https:\/\/www.enerjigazetesi.ist\/en\/wp-json\/wp\/v2\/users\/1"}],"replies":[{"embeddable":true,"href":"https:\/\/www.enerjigazetesi.ist\/en\/wp-json\/wp\/v2\/comments?post=144625"}],"version-history":[{"count":0,"href":"https:\/\/www.enerjigazetesi.ist\/en\/wp-json\/wp\/v2\/posts\/144625\/revisions"}],"wp:featuredmedia":[{"embeddable":true,"href":"https:\/\/www.enerjigazetesi.ist\/en\/wp-json\/wp\/v2\/media\/144630"}],"wp:attachment":[{"href":"https:\/\/www.enerjigazetesi.ist\/en\/wp-json\/wp\/v2\/media?parent=144625"}],"wp:term":[{"taxonomy":"category","embeddable":true,"href":"https:\/\/www.enerjigazetesi.ist\/en\/wp-json\/wp\/v2\/categories?post=144625"},{"taxonomy":"post_tag","embeddable":true,"href":"https:\/\/www.enerjigazetesi.ist\/en\/wp-json\/wp\/v2\/tags?post=144625"}],"curies":[{"name":"wp","href":"https:\/\/api.w.org\/{rel}","templated":true}]}}