{"id":144566,"date":"2021-10-25T11:02:20","date_gmt":"2021-10-25T08:02:20","guid":{"rendered":"https:\/\/www.enerjigazetesi.ist\/?p=144566"},"modified":"2021-10-25T11:03:28","modified_gmt":"2021-10-25T08:03:28","slug":"tum-dunya-ya-yayilan-enerji-sikintisi-inceleniyor","status":"publish","type":"post","link":"https:\/\/www.enerjigazetesi.ist\/en\/tum-dunya-ya-yayilan-enerji-sikintisi-inceleniyor\/","title":{"rendered":"(Turkish) T\u00fcm D\u00fcnyaya Yay\u0131lan Enerji S\u0131k\u0131nt\u0131s\u0131 \u0130nceleniyor&#8230;"},"content":{"rendered":"<p class=\"qtranxs-available-languages-message qtranxs-available-languages-message-en\">Sorry, this entry is only available in <a href=\"https:\/\/www.enerjigazetesi.ist\/tr\/wp-json\/wp\/v2\/posts\/144566\" class=\"qtranxs-available-language-link qtranxs-available-language-link-tr\" title=\"Turkish\">Turkish<\/a>. For the sake of viewer convenience, the content is shown below in the alternative language. You may click the link to switch the active language.<\/p><p><\/p>\n<h2><strong>Enerji talebinin en y\u00fcksek noktaya ula\u015ft\u0131\u011f\u0131 k\u0131\u015f mevsimi \u00f6ncesi, enerji s\u0131k\u0131nt\u0131s\u0131 ve dalgalanmalar\u0131na odaklanan dergi, y\u00fcksek enerji fiyatlar\u0131 ve arz g\u00fcvenli\u011fi sorunu Milliyet Enerji dergisi taraf\u0131ndan ele al\u0131n\u0131yor.<\/strong><\/h2>\n<p><strong>25 Ekim Pazartesi<\/strong> g\u00fcnk\u00fc <strong>7&#8217;inci<\/strong> say\u0131s\u0131nda pandeminin yaratt\u0131\u011f\u0131 belirsizli\u011fin ard\u0131ndan mevsim normallerinin alt\u0131ndaki<strong> so\u011fuk hava<\/strong> ve<strong> iklim kriziyle m\u00fccadele<\/strong> bask\u0131s\u0131 nedeniyle fosil yak\u0131tlara olan <img loading=\"lazy\" class=\"alignright wp-image-144568\" src=\"https:\/\/www.enerjigazetesi.ist\/wp-content\/uploads\/2021\/10\/tum-dunya-ya-yayilan-enerji-sikintisi-inceleniyor-2.jpg\" alt=\"\" width=\"320\" height=\"269\" srcset=\"https:\/\/www.enerjigazetesi.ist\/wp-content\/uploads\/2021\/10\/tum-dunya-ya-yayilan-enerji-sikintisi-inceleniyor-2.jpg 550w, https:\/\/www.enerjigazetesi.ist\/wp-content\/uploads\/2021\/10\/tum-dunya-ya-yayilan-enerji-sikintisi-inceleniyor-2-300x253.jpg 300w, https:\/\/www.enerjigazetesi.ist\/wp-content\/uploads\/2021\/10\/tum-dunya-ya-yayilan-enerji-sikintisi-inceleniyor-2-475x400.jpg 475w, https:\/\/www.enerjigazetesi.ist\/wp-content\/uploads\/2021\/10\/tum-dunya-ya-yayilan-enerji-sikintisi-inceleniyor-2-59x50.jpg 59w, https:\/\/www.enerjigazetesi.ist\/wp-content\/uploads\/2021\/10\/tum-dunya-ya-yayilan-enerji-sikintisi-inceleniyor-2-500x421.jpg 500w\" sizes=\"(max-width: 320px) 100vw, 320px\" \/>yat\u0131r\u0131mlar\u0131n azalmas\u0131 gibi ya\u015fanan enerji s\u0131k\u0131nt\u0131s\u0131n\u0131n yan\u0131 s\u0131ra, <strong>arz g\u00fcvenli\u011fi problemini<\/strong> derinlemesine ara\u015ft\u0131r\u0131yor. Ekim say\u0131s\u0131nda<strong> k\u00fcresel enerji fiyatlar\u0131ndaki art\u0131\u015f\u0131n<\/strong> nedenleri, \u00fclke ekonomilerinin \u00fczerindeki etkileri ve yak\u0131n d\u00f6nemde sekt\u00f6r olarak kar\u015f\u0131la\u015fabilece\u011fimiz geli\u015fmeler, <strong>T\u00fcrkiye<\/strong> ve <strong>D\u00fcnya&#8217;dan<\/strong> uzmanlarla de\u011ferlendiriliyor.<\/p>\n<p>Derginin bu ayki say\u0131s\u0131nda<em> Independent Commodity Intelligence Services (ICIS)<\/em> K\u0131demli Enerji Ekonomisti <strong>Stefan Konstantinov<\/strong> k\u0131\u015f mevsiminde bir <strong>enerji krizinin<\/strong> kap\u0131da oldu\u011funu a\u00e7\u0131kl\u0131yor. GLocal dan\u0131\u015fmanl\u0131k kurucusu ve enerji uzman\u0131 <strong>Eser \u00d6zdil<\/strong>, d\u00fcnyadaki geli\u015fmeleri ve T\u00fcrkiye\u2019nin uzun d\u00f6nemli <strong>do\u011fal gaz kontratlar\u0131n\u0131n<\/strong> mevcut <strong>enerji s\u0131k\u0131nt\u0131s\u0131na<\/strong> etkisini analiz ediyor. <strong>Enerdata<\/strong>\u2019dan Stephane His,<strong> enerji fiyatlar\u0131<\/strong> kaynakl\u0131 ya\u015fanan geli\u015fmelerin, Avrupa\u2019daki enerji sekt\u00f6r\u00fcnde al\u0131nacak \u00f6nemli kararlara ve <strong>iklim krizine kar\u015f\u0131 politikalara<\/strong> etkisini anlat\u0131yor. Farkl\u0131 bak\u0131\u015f a\u00e7\u0131lar\u0131 sunan Perspektif b\u00f6l\u00fcm\u00fcnde ise, <strong>Mithat Yurdakul<\/strong>, T\u00fcrkiye\u2019nin s\u00fcresi biten <strong>do\u011fal gaz kontratlar\u0131<\/strong> i\u00e7in pazarl\u0131k masas\u0131n\u0131n dengelerini incelenirken yine ufuk a\u00e7\u0131c\u0131 <strong>kitap \u00f6nerileri<\/strong> ve keyifli <strong>karikat\u00fcr<\/strong> sayfas\u0131yla sekt\u00f6re ve sekt\u00f6r\u00fc takip edenlere nitelikli ve okumaya doyamayacaklar\u0131 bir say\u0131 okurlar\u0131 ile bulu\u015fuyor.<\/p>\n<p><strong>Milliyet Enerji Dergisi<\/strong>\u2019ne, dijital platformlarda <strong>Dergilik, gazetelik ve Milliyet<\/strong> <strong>e-gazete uygulamalar\u0131<\/strong>ndan ula\u015fmak m\u00fcmk\u00fcn.<\/p>","protected":false},"excerpt":{"rendered":"<p>Sorry, this entry is only available in Turkish. For the sake of viewer convenience, the content is shown below in the alternative language. You may click the link to switch the active language. Enerji talebinin en y\u00fcksek noktaya ula\u015ft\u0131\u011f\u0131 k\u0131\u015f mevsimi \u00f6ncesi, enerji s\u0131k\u0131nt\u0131s\u0131 ve dalgalanmalar\u0131na odaklanan dergi, y\u00fcksek enerji fiyatlar\u0131 ve arz g\u00fcvenli\u011fi sorunu [&hellip;]<\/p>\n","protected":false},"author":1,"featured_media":144568,"comment_status":"open","ping_status":"open","sticky":false,"template":"","format":"standard","meta":[],"categories":[46,51,53],"tags":[1364,97129,988,91125,9056],"views":402,"_links":{"self":[{"href":"https:\/\/www.enerjigazetesi.ist\/en\/wp-json\/wp\/v2\/posts\/144566"}],"collection":[{"href":"https:\/\/www.enerjigazetesi.ist\/en\/wp-json\/wp\/v2\/posts"}],"about":[{"href":"https:\/\/www.enerjigazetesi.ist\/en\/wp-json\/wp\/v2\/types\/post"}],"author":[{"embeddable":true,"href":"https:\/\/www.enerjigazetesi.ist\/en\/wp-json\/wp\/v2\/users\/1"}],"replies":[{"embeddable":true,"href":"https:\/\/www.enerjigazetesi.ist\/en\/wp-json\/wp\/v2\/comments?post=144566"}],"version-history":[{"count":0,"href":"https:\/\/www.enerjigazetesi.ist\/en\/wp-json\/wp\/v2\/posts\/144566\/revisions"}],"wp:featuredmedia":[{"embeddable":true,"href":"https:\/\/www.enerjigazetesi.ist\/en\/wp-json\/wp\/v2\/media\/144568"}],"wp:attachment":[{"href":"https:\/\/www.enerjigazetesi.ist\/en\/wp-json\/wp\/v2\/media?parent=144566"}],"wp:term":[{"taxonomy":"category","embeddable":true,"href":"https:\/\/www.enerjigazetesi.ist\/en\/wp-json\/wp\/v2\/categories?post=144566"},{"taxonomy":"post_tag","embeddable":true,"href":"https:\/\/www.enerjigazetesi.ist\/en\/wp-json\/wp\/v2\/tags?post=144566"}],"curies":[{"name":"wp","href":"https:\/\/api.w.org\/{rel}","templated":true}]}}