{"id":144558,"date":"2021-10-25T10:31:09","date_gmt":"2021-10-25T07:31:09","guid":{"rendered":"https:\/\/www.enerjigazetesi.ist\/?p=144558"},"modified":"2021-10-25T10:39:05","modified_gmt":"2021-10-25T07:39:05","slug":"escevder-istanbul-topkapi-muzesini-ziyaret-etti","status":"publish","type":"post","link":"https:\/\/www.enerjigazetesi.ist\/en\/escevder-istanbul-topkapi-muzesini-ziyaret-etti\/","title":{"rendered":"(Turkish) ESCEVDER \u0130stanbul Topkap\u0131 M\u00fczesini Ziyaret Etti"},"content":{"rendered":"<p class=\"qtranxs-available-languages-message qtranxs-available-languages-message-en\">Sorry, this entry is only available in <a href=\"https:\/\/www.enerjigazetesi.ist\/tr\/wp-json\/wp\/v2\/posts\/144558\" class=\"qtranxs-available-language-link qtranxs-available-language-link-tr\" title=\"Turkish\">Turkish<\/a>. For the sake of viewer convenience, the content is shown below in the alternative language. You may click the link to switch the active language.<\/p><p><\/p>\n<h2>Eski\u015fehir \u00c7evre Koruma ve Geli\u015ftirme Derne\u011fi (ESCEVDER) yeni adresinin a\u00e7\u0131l\u0131\u015f\u0131n\u0131 yaparak \u00e7al\u0131\u015fmalar\u0131n\u0131 h\u0131zland\u0131rm\u0131\u015f olup, ilk olarak suyun \u00f6nemi ve Porsuk \u00c7ay\u0131 konusunda, daha sonra ise Sepet \u00d6rme Tekni\u011fi workshop\u2019u d\u00fczenlemi\u015f olup Deri C\u00fczdan Yap\u0131m\u0131n\u0131 da \u00f6\u011freterek \u00fcyelerine Do\u011falgaz ve Enerji Tasarrufu konusunda da bilgilendirme yapm\u0131\u015ft\u0131r. \u00dcyelerinden toplanan okul \u00e7antalar\u0131n\u0131 Alpu ve Beylikova\u2019da ilgililere ula\u015ft\u0131ran dernek 24 Ekim 2021 Pazar g\u00fcn\u00fc ise \u00fcyeleriyle \u0130stanbul Topkap\u0131 m\u00fczesine ziyaret ger\u00e7ekle\u015ftirmi\u015ftir.<\/h2>\n<p>Eski\u015fehir \u00c7evre Derne\u011fi<strong> 24 Ekim 2021<\/strong> tarihinde<strong> \u0130stanbul Emin\u00f6n\u00fc, Topkap\u0131 Saray\u0131, Ayasofya ve Yeni Cami<\/strong> yi ziyaret ederek daha sonra <strong>Bo\u011faz da tekne turuna<\/strong> kat\u0131larak \u00fcyelerini <strong>kokartl\u0131 rehber e\u015fli\u011finde<\/strong> bilgilendirme yaparak \u00f6n\u00fcm\u00fczdeki d\u00f6neme y\u00f6nelik moral depolam\u0131\u015ft\u0131r.<\/p>\n<p><img loading=\"lazy\" class=\"alignright wp-image-144560\" src=\"https:\/\/www.enerjigazetesi.ist\/wp-content\/uploads\/2021\/10\/escevder-istanbul-topkapi-muzesini-ziyaret-etti-1.jpg\" alt=\"\" width=\"320\" height=\"231\" srcset=\"https:\/\/www.enerjigazetesi.ist\/wp-content\/uploads\/2021\/10\/escevder-istanbul-topkapi-muzesini-ziyaret-etti-1.jpg 550w, https:\/\/www.enerjigazetesi.ist\/wp-content\/uploads\/2021\/10\/escevder-istanbul-topkapi-muzesini-ziyaret-etti-1-300x217.jpg 300w, https:\/\/www.enerjigazetesi.ist\/wp-content\/uploads\/2021\/10\/escevder-istanbul-topkapi-muzesini-ziyaret-etti-1-500x361.jpg 500w, https:\/\/www.enerjigazetesi.ist\/wp-content\/uploads\/2021\/10\/escevder-istanbul-topkapi-muzesini-ziyaret-etti-1-69x50.jpg 69w\" sizes=\"(max-width: 320px) 100vw, 320px\" \/>Eski\u015fehir \u00c7evre Koruma ve Geli\u015ftirme Derne\u011fi, ( ESCEVDER ) <strong>orman alanlar\u0131n\u0131n yok olmamas\u0131, suyumuzun israf edilmemesi, havam\u0131z\u0131n, suyumuzun kirletilmemesi<\/strong> ve <strong>\u00e7evremizin ya\u015fanabilir bir do\u011fa harikas\u0131<\/strong> olmas\u0131 i\u00e7in bundan \u00f6nce yapt\u0131\u011f\u0131 \u00e7al\u0131\u015fmalar\u0131n\u0131 bundan sonra da kararl\u0131l\u0131kla s\u00fcrd\u00fcrece\u011fini kamu oyuna bir kez daha duyurarak her <strong>Cumartesi g\u00fcn\u00fc<\/strong> \u00e7evre dostlar\u0131n\u0131 bilgilendirme \u00e7al\u0131\u015fmalar\u0131n\u0131 s\u00fcrd\u00fcrme gelene\u011fine de devam edecektir.<\/p>\n<p>Dernek \u00fcyeleri <strong>29 Ekim<\/strong> de Cumhuriyet Bayram\u0131m\u0131z\u0131n <strong>98. Y\u0131ld\u00f6n\u00fcm\u00fc<\/strong> dolay\u0131s\u0131yla Ankara\u2019daki <strong>An\u0131tkabir<\/strong>\u2019i ve <strong>Ulucanlar Cezaevi m\u00fczesine de<\/strong> ziyaret edecektir.<\/p>\n<p>Ayr\u0131ca kurulmu\u015f olan <strong>T\u00fcrk Halk m\u00fczi\u011fi korosu<\/strong> ilk \u00e7al\u0131\u015fmas\u0131na <strong>ba\u015flam\u0131\u015f <\/strong>olup koroya \u00e7evre dostlar\u0131 beklenerek kat\u0131l\u0131mlar\u0131 da <strong>ESCEVDER<\/strong>&#8216;e g\u00fc\u00e7 katacakt\u0131r.<\/p>\n<p>Escevder, <strong>her Cumartesi g<\/strong>\u00fcn\u00fc saat<strong> 14.00<\/strong> de <em>Dede mah. \u0130mamzade sok. No. 11<\/em><strong> Odunpazar\u0131 Dernek binam\u0131zda<\/strong> bilgilendirme ve <strong>Workshop uygulamas\u0131n\u0131<\/strong> s\u00fcrd\u00fcrerek konuya ilgi duyan \u00e7evre dostlar\u0131n\u0131 ESCEVDER binas\u0131nda a\u011f\u0131rlamaktan b\u00fcy\u00fck mutluluk duyacakt\u0131r.<\/p>\n<p>Dernek Hakk\u0131nda Detayl\u0131 Bilgi \u0130\u00e7in: <a href=\"https:\/\/www.escevder.org.tr\/\" target=\"_blank\" rel=\"noopener\">https:\/\/www.escevder.org.tr\/<\/a> adresini ziyaret edebilirsiniz.<\/p>","protected":false},"excerpt":{"rendered":"<p>Sorry, this entry is only available in Turkish. For the sake of viewer convenience, the content is shown below in the alternative language. You may click the link to switch the active language. Eski\u015fehir \u00c7evre Koruma ve Geli\u015ftirme Derne\u011fi (ESCEVDER) yeni adresinin a\u00e7\u0131l\u0131\u015f\u0131n\u0131 yaparak \u00e7al\u0131\u015fmalar\u0131n\u0131 h\u0131zland\u0131rm\u0131\u015f olup, ilk olarak suyun \u00f6nemi ve Porsuk \u00c7ay\u0131 konusunda, [&hellip;]<\/p>\n","protected":false},"author":1,"featured_media":144561,"comment_status":"open","ping_status":"open","sticky":false,"template":"","format":"standard","meta":[],"categories":[53,52],"tags":[40039,97891,71840,97889,97887,97888,97890,97886,97039],"views":122,"_links":{"self":[{"href":"https:\/\/www.enerjigazetesi.ist\/en\/wp-json\/wp\/v2\/posts\/144558"}],"collection":[{"href":"https:\/\/www.enerjigazetesi.ist\/en\/wp-json\/wp\/v2\/posts"}],"about":[{"href":"https:\/\/www.enerjigazetesi.ist\/en\/wp-json\/wp\/v2\/types\/post"}],"author":[{"embeddable":true,"href":"https:\/\/www.enerjigazetesi.ist\/en\/wp-json\/wp\/v2\/users\/1"}],"replies":[{"embeddable":true,"href":"https:\/\/www.enerjigazetesi.ist\/en\/wp-json\/wp\/v2\/comments?post=144558"}],"version-history":[{"count":0,"href":"https:\/\/www.enerjigazetesi.ist\/en\/wp-json\/wp\/v2\/posts\/144558\/revisions"}],"wp:featuredmedia":[{"embeddable":true,"href":"https:\/\/www.enerjigazetesi.ist\/en\/wp-json\/wp\/v2\/media\/144561"}],"wp:attachment":[{"href":"https:\/\/www.enerjigazetesi.ist\/en\/wp-json\/wp\/v2\/media?parent=144558"}],"wp:term":[{"taxonomy":"category","embeddable":true,"href":"https:\/\/www.enerjigazetesi.ist\/en\/wp-json\/wp\/v2\/categories?post=144558"},{"taxonomy":"post_tag","embeddable":true,"href":"https:\/\/www.enerjigazetesi.ist\/en\/wp-json\/wp\/v2\/tags?post=144558"}],"curies":[{"name":"wp","href":"https:\/\/api.w.org\/{rel}","templated":true}]}}