{"id":144475,"date":"2021-10-24T10:20:32","date_gmt":"2021-10-24T07:20:32","guid":{"rendered":"https:\/\/www.enerjigazetesi.ist\/?p=144475"},"modified":"2021-10-25T10:52:34","modified_gmt":"2021-10-25T07:52:34","slug":"cumhuriyetin-98inci-yilinda-cumhuriyet-donemi-hikayeleri-ve-resital","status":"publish","type":"post","link":"https:\/\/www.enerjigazetesi.ist\/en\/cumhuriyetin-98inci-yilinda-cumhuriyet-donemi-hikayeleri-ve-resital\/","title":{"rendered":"(Turkish) Cumhuriyetin 98&#8217;inci Y\u0131l\u0131nda &#8216;Cumhuriyet D\u00f6nemi Hikayeleri&#8217; ve Resital&#8230;"},"content":{"rendered":"<p class=\"qtranxs-available-languages-message qtranxs-available-languages-message-en\">Sorry, this entry is only available in <a href=\"https:\/\/www.enerjigazetesi.ist\/tr\/wp-json\/wp\/v2\/posts\/144475\" class=\"qtranxs-available-language-link qtranxs-available-language-link-tr\" title=\"Turkish\">Turkish<\/a>. For the sake of viewer convenience, the content is shown below in the alternative language. You may click the link to switch the active language.<\/p><p><\/p>\n<h2>Cumhuriyet de\u011ferlerini ya\u015fatarak gelecek nesillere ta\u015f\u0131mak amac\u0131yla, Cumhuriyetin 98&#8217;inci y\u0131l\u0131n\u0131 Cumhuriyet ruhunu <img loading=\"lazy\" class=\"alignright wp-image-144478\" src=\"https:\/\/www.enerjigazetesi.ist\/wp-content\/uploads\/2021\/10\/cumhuriyetin-98inci-yilinda-cumhuriyet-donemi-hikayeleri-ve-resital.jpg\" alt=\"\" width=\"320\" height=\"300\" srcset=\"https:\/\/www.enerjigazetesi.ist\/wp-content\/uploads\/2021\/10\/cumhuriyetin-98inci-yilinda-cumhuriyet-donemi-hikayeleri-ve-resital.jpg 550w, https:\/\/www.enerjigazetesi.ist\/wp-content\/uploads\/2021\/10\/cumhuriyetin-98inci-yilinda-cumhuriyet-donemi-hikayeleri-ve-resital-300x281.jpg 300w, https:\/\/www.enerjigazetesi.ist\/wp-content\/uploads\/2021\/10\/cumhuriyetin-98inci-yilinda-cumhuriyet-donemi-hikayeleri-ve-resital-427x400.jpg 427w, https:\/\/www.enerjigazetesi.ist\/wp-content\/uploads\/2021\/10\/cumhuriyetin-98inci-yilinda-cumhuriyet-donemi-hikayeleri-ve-resital-53x50.jpg 53w, https:\/\/www.enerjigazetesi.ist\/wp-content\/uploads\/2021\/10\/cumhuriyetin-98inci-yilinda-cumhuriyet-donemi-hikayeleri-ve-resital-500x468.jpg 500w\" sizes=\"(max-width: 320px) 100vw, 320px\" \/>ya\u015fatan \u00f6zel bir etkinlikle kutlayacak.<\/h2>\n<p><em>SANKO Holding Y\u00f6netim Kurulu Ba\u015fkan\u0131<\/em> <strong>Adil Sani Konuko\u011flu<\/strong>\u2019nun kat\u0131l\u0131m\u0131yla ger\u00e7ekle\u015fecek etkinlikte, ba\u015far\u0131l\u0131 sunucu <strong>Pelin \u00c7ift ve Prof. Dr. Tufan G\u00fcnd\u00fcz<\/strong>\u2019\u00fcn anlat\u0131m\u0131yla<strong> \u2018Cumhuriyet D\u00f6nemi Hikayeleri\u2019<\/strong> dinleyicileri zamanda yolculu\u011fa \u00e7\u0131karacak. Ard\u0131ndan, d\u00fcnyaca \u00fcnl\u00fc <strong>piyanist<\/strong> ve <strong>besteci<\/strong> <strong>Tuluyhan U\u011furlu<\/strong>, <strong>\u2018Cumhuriyet Piyano Resitali\u2019<\/strong> ile unutulmaz bir m\u00fczik ziyafeti ya\u015fatacak.<\/p>\n<p>Bu \u00f6zel etkinlik, <strong>28 Ekim 2021<\/strong> Per\u015fembe g\u00fcn\u00fc saat <strong>17.30<\/strong>\u2019da <strong>Gaziantep<\/strong>\u2019te yer alan <strong>Tarihi Emine Han\u0131m Kona\u011f\u0131\u2019nda <\/strong>ger\u00e7ekle\u015ferek SANKO Holding kurumsal <strong>Youtube hesab\u0131<\/strong>ndan canl\u0131 olarak yay\u0131nlanacak. SANKO Holding, <strong>Cumhuriyet Bayram\u0131<\/strong> co\u015fkusunu ya\u015famak ve <strong>bu \u00f6zel etkinli\u011fe<\/strong> \u015fahit olmak isteyen herkesi <strong>yay\u0131n\u0131 izlemeye<\/strong> davet ediyor.<\/p>\n<p><strong>Youtube Adresi:<\/strong> <a href=\"https:\/\/www.youtube.com\/channel\/UCJarKlT1Fiq2Kb8uDxkbIYQ\">SankoHolding &gt;&gt;<\/a><\/p>\n<p><strong>Program: <\/strong>28 Ekim 2021, Per\u015fembe<\/p>\n<p><strong>Saat:<\/strong> 17.30<\/p>","protected":false},"excerpt":{"rendered":"<p>Sorry, this entry is only available in Turkish. For the sake of viewer convenience, the content is shown below in the alternative language. You may click the link to switch the active language. Cumhuriyet de\u011ferlerini ya\u015fatarak gelecek nesillere ta\u015f\u0131mak amac\u0131yla, Cumhuriyetin 98&#8217;inci y\u0131l\u0131n\u0131 Cumhuriyet ruhunu ya\u015fatan \u00f6zel bir etkinlikle kutlayacak. SANKO Holding Y\u00f6netim Kurulu Ba\u015fkan\u0131 [&hellip;]<\/p>\n","protected":false},"author":1,"featured_media":144479,"comment_status":"open","ping_status":"open","sticky":false,"template":"","format":"standard","meta":[],"categories":[51,53,4],"tags":[91152,68733,19199,97836,984,97839,97837,25056,97838,67911],"views":222,"_links":{"self":[{"href":"https:\/\/www.enerjigazetesi.ist\/en\/wp-json\/wp\/v2\/posts\/144475"}],"collection":[{"href":"https:\/\/www.enerjigazetesi.ist\/en\/wp-json\/wp\/v2\/posts"}],"about":[{"href":"https:\/\/www.enerjigazetesi.ist\/en\/wp-json\/wp\/v2\/types\/post"}],"author":[{"embeddable":true,"href":"https:\/\/www.enerjigazetesi.ist\/en\/wp-json\/wp\/v2\/users\/1"}],"replies":[{"embeddable":true,"href":"https:\/\/www.enerjigazetesi.ist\/en\/wp-json\/wp\/v2\/comments?post=144475"}],"version-history":[{"count":0,"href":"https:\/\/www.enerjigazetesi.ist\/en\/wp-json\/wp\/v2\/posts\/144475\/revisions"}],"wp:featuredmedia":[{"embeddable":true,"href":"https:\/\/www.enerjigazetesi.ist\/en\/wp-json\/wp\/v2\/media\/144479"}],"wp:attachment":[{"href":"https:\/\/www.enerjigazetesi.ist\/en\/wp-json\/wp\/v2\/media?parent=144475"}],"wp:term":[{"taxonomy":"category","embeddable":true,"href":"https:\/\/www.enerjigazetesi.ist\/en\/wp-json\/wp\/v2\/categories?post=144475"},{"taxonomy":"post_tag","embeddable":true,"href":"https:\/\/www.enerjigazetesi.ist\/en\/wp-json\/wp\/v2\/tags?post=144475"}],"curies":[{"name":"wp","href":"https:\/\/api.w.org\/{rel}","templated":true}]}}