{"id":144459,"date":"2021-10-22T14:50:03","date_gmt":"2021-10-22T11:50:03","guid":{"rendered":"https:\/\/www.enerjigazetesi.ist\/?p=144459"},"modified":"2021-10-22T14:50:03","modified_gmt":"2021-10-22T11:50:03","slug":"enerji-tasarrufu-icin-yalitimin-onemine-dikkat-cekiliyor","status":"publish","type":"post","link":"https:\/\/www.enerjigazetesi.ist\/en\/enerji-tasarrufu-icin-yalitimin-onemine-dikkat-cekiliyor\/","title":{"rendered":"(Turkish) Enerji Tasarrufu i\u00e7in Yal\u0131t\u0131m\u0131n \u00d6nemine Dikkat \u00c7ekiliyor"},"content":{"rendered":"<p class=\"qtranxs-available-languages-message qtranxs-available-languages-message-en\">Sorry, this entry is only available in <a href=\"https:\/\/www.enerjigazetesi.ist\/tr\/wp-json\/wp\/v2\/posts\/144459\" class=\"qtranxs-available-language-link qtranxs-available-language-link-tr\" title=\"Turkish\">Turkish<\/a>. For the sake of viewer convenience, the content is shown below in the alternative language. You may click the link to switch the active language.<\/p><p><\/p>\n<h2>1924 y\u0131l\u0131ndan bu yana her y\u0131l 31 Ekim g\u00fcn\u00fc d\u00fcnyada tasarrufun \u00f6nemine dikkat \u00e7ekmek, refah seviyesini artt\u0131rmak, t\u00fcketimi de\u011fil biriktirmeyi te\u015fvik etmek ve kaynaklar\u0131n s\u00fcrd\u00fcr\u00fclebilirli\u011fini g\u00fc\u00e7lendirmek amac\u0131yla D\u00fcnya Tasarruf G\u00fcn\u00fc olarak kutlan\u0131yor. Enerji kaynaklar\u0131n\u0131n tasarruflu kullan\u0131lmas\u0131 amac\u0131yla \u00e7e\u015fitli etkinliklerin de d\u00fczenlendi\u011fi D\u00fcnya Tasarruf G\u00fcn\u00fc\u2019nde binalarda yal\u0131t\u0131m\u0131n\u0131n \u00f6nemine dikkat \u00e7ekiliyor.<\/h2>\n<p>Her ge\u00e7en y\u0131l enerji ihtiyac\u0131n\u0131n artmas\u0131na kar\u015f\u0131n, do\u011fal enerji kaynaklar\u0131 h\u0131zla t\u00fckeniyor. <strong>TMMOB 2020 K\u00f6m\u00fcr ve Enerji Raporu<\/strong>\u2019na g\u00f6re d\u00fcnyadaki petrol rezervlerinin <strong>40 y\u0131l<\/strong>, do\u011falgaz rezervinin <img loading=\"lazy\" class=\"alignright wp-image-144462\" src=\"https:\/\/www.enerjigazetesi.ist\/wp-content\/uploads\/2021\/10\/enerji-tasarrufu-icin-yalitimin-onemine-dikkat-cekiliyor-3.jpg\" alt=\"\" width=\"320\" height=\"280\" srcset=\"https:\/\/www.enerjigazetesi.ist\/wp-content\/uploads\/2021\/10\/enerji-tasarrufu-icin-yalitimin-onemine-dikkat-cekiliyor-3.jpg 550w, https:\/\/www.enerjigazetesi.ist\/wp-content\/uploads\/2021\/10\/enerji-tasarrufu-icin-yalitimin-onemine-dikkat-cekiliyor-3-300x263.jpg 300w, https:\/\/www.enerjigazetesi.ist\/wp-content\/uploads\/2021\/10\/enerji-tasarrufu-icin-yalitimin-onemine-dikkat-cekiliyor-3-456x400.jpg 456w, https:\/\/www.enerjigazetesi.ist\/wp-content\/uploads\/2021\/10\/enerji-tasarrufu-icin-yalitimin-onemine-dikkat-cekiliyor-3-57x50.jpg 57w, https:\/\/www.enerjigazetesi.ist\/wp-content\/uploads\/2021\/10\/enerji-tasarrufu-icin-yalitimin-onemine-dikkat-cekiliyor-3-500x438.jpg 500w\" sizes=\"(max-width: 320px) 100vw, 320px\" \/><strong>60 y\u0131l<\/strong>, k\u00f6m\u00fcr rezervlerinin ise yakla\u015f\u0131k <strong>240 y\u0131l<\/strong> \u00f6mr\u00fc oldu\u011fu \u00f6n g\u00f6r\u00fcl\u00fcyor. Enerji arz ve talebinde ya\u015fanan bu dengesizlik enerji kaynaklar\u0131n\u0131n fiyatlar\u0131na, dolay\u0131s\u0131yla da<strong> son t\u00fcketicinin b\u00fct\u00e7esine<\/strong> yans\u0131yor. Son olarak <strong>BOTA\u015e<\/strong>&#8216;\u0131n internet sitesinde yay\u0131mlanan do\u011falgaz sat\u0131\u015f tarifesinde, sanayi ve elektrik \u00fcretim ama\u00e7l\u0131 tarifeye<strong> y\u00fczde 15 zam<\/strong> yap\u0131ld\u0131\u011f\u0131 a\u00e7\u0131kland\u0131. <strong>LPG<\/strong>\u2019ye ise <strong>71 kuru\u015f<\/strong> zam yap\u0131ld\u0131. Konut tarifelerinde de <strong>yak\u0131n vadede zam<\/strong> beklentisi hakim durumda.<\/p>\n<p>T\u00fcrkiye\u2019nin enerji ithalat\u0131, d\u0131\u015f ticaret a\u00e7\u0131\u011f\u0131m\u0131z\u0131n en \u00f6nemli k\u0131sm\u0131n\u0131 te\u015fkil ediyor. Enerji ihtiyac\u0131n\u0131n yar\u0131s\u0131ndan fazlas\u0131n\u0131 d\u0131\u015far\u0131dan sa\u011flayan \u00fclkemizde, cari a\u00e7\u0131\u011f\u0131 daha d\u00fc\u015f\u00fck seviyelere indirmek ve enerjide d\u0131\u015fa ba\u011f\u0131ml\u0131l\u0131\u011f\u0131m\u0131z\u0131 azaltmak ise elimizde. <strong>Enerjide tasarruflu olmak<\/strong> ve<strong> yap\u0131lan zamlardan minimum etkilenmenin<\/strong> yolu <strong>binalar\u0131m\u0131zda enerji verimlili\u011fini<\/strong> sa\u011flayacak do\u011fru yal\u0131t\u0131m uygulamalar\u0131n\u0131 yapt\u0131rmaktan ge\u00e7iyor.<\/p>\n<h3><strong>Yal\u0131t\u0131mda enerji tasarrufuna y\u00f6nelik y\u00f6netmelikler dikkate al\u0131nmal\u0131!<\/strong><\/h3>\n<p>\u00dclkemizde enerjinin <strong>y\u00fczde 35<\/strong>\u2019i konutlarda t\u00fcketiliyor. T\u00fcrkiye\u2019deki 10 milyonun \u00fczerinde binan\u0131n iyimser bir tahminle sadece<strong> y\u00fczde 20<\/strong>\u2019si<strong> TS 825 Binalarda Is\u0131 Yal\u0131t\u0131m Kurallar\u0131<\/strong>\u2019na uygun yal\u0131t\u0131lm\u0131\u015f durumda. Ge\u00e7mi\u015f y\u0131llarla k\u0131yaslad\u0131\u011f\u0131m\u0131zda toplumumuzun yal\u0131t\u0131m bilincinde \u00f6nemli bir art\u0131\u015f olsa da yal\u0131t\u0131m uygulamalar\u0131 konusunda \u00e7ok daha fazla yol almam\u0131z gerekiyor. 1 Ocak 2011\u2019den itibaren y\u00fcr\u00fcrl\u00fc\u011fe giren ve enerji tasarrufuna y\u00f6nelik son derece yararl\u0131 maddeler i\u00e7eren<strong> Binalarda Enerji Performans\u0131 (BEP) Y\u00f6netmeli\u011fi<\/strong>, tasarruf i\u00e7in \u00e7a\u011fr\u0131da bulunan bir nitelik ta\u015f\u0131yor. Avrupa Parlamentosu\u2019nda yay\u0131mlanan BEP direktiflerine g\u00f6re <strong>31 Aral\u0131k 2020<\/strong> tarihinden itibaren b\u00fct\u00fcn yeni binalar s\u0131f\u0131ra yak\u0131n enerjili bina olarak tasarlanmaya ba\u015fland\u0131. <strong>BEP y\u00f6netmeli\u011fi<\/strong>, yeni in\u015fa edilecek binalarda yal\u0131t\u0131m\u0131 zorunlu k\u0131l\u0131yor ve <strong>yal\u0131t\u0131m\u0131n \u00f6neminin anla\u015f\u0131lmas\u0131na<\/strong> yard\u0131mc\u0131 oluyor. \u00dclkemizde bug\u00fcne kadar sadece \u0131s\u0131tma enerjisini s\u0131n\u0131rland\u0131rmaya y\u00f6nelik \u00e7\u0131kan y\u00f6netmeliklerin ard\u0131ndan, BEP ile birlikte ilk kez \u0131s\u0131tma enerjisinin yan\u0131 s\u0131ra so\u011futma ve ayd\u0131nlatma enerjileri ile s\u0131cak su kullan\u0131m\u0131n\u0131n bir arada d\u00fc\u015f\u00fcn\u00fcld\u00fc\u011f\u00fc b\u00fct\u00fcnle\u015fik \u00e7\u00f6z\u00fcmlerle enerji verimlili\u011fi hedefleniyor.<\/p>\n<h3><strong>Multikonfor Binalarda % 90\u2019a varan enerji tasarrufu sa\u011flan\u0131yor<\/strong><\/h3>\n<p><strong>Enerji tasarrufu<\/strong> ve <strong>verimlili\u011fini<\/strong> en \u00f6nemli g\u00fcndem maddesi olarak benimseyen \u0130zocam, yal\u0131t\u0131m-enerji verimlili\u011fi-multi konfor evler ili\u015fkisine de dikkat \u00e7ekiyor. <strong>S\u0131f\u0131ra yak\u0131n enerjili<\/strong> ev kavram\u0131ndan t\u00fcremi\u015f ve<strong> biyo iklimsel tasar\u0131m\u0131<\/strong> hedefleyen, <strong>s\u00fcrd\u00fcr\u00fclebilir, ekolojik, ekonomik<\/strong> ve <strong>sosyal etmenleri<\/strong> g\u00f6z \u00f6n\u00fcnde bulunduran<strong> \u201cMulti Konfor Binalar\u201d<\/strong>, y\u00fcksek enerji tasarrufuyla birlikte azami \u0131s\u0131l konforu sunuyor. Kusursuz akustik ve g\u00f6rsel konfor, kaliteli i\u00e7 ortam havas\u0131, yang\u0131n korunumu ve g\u00fcvenli\u011fi sa\u011flayan, hem i\u00e7 mek\u00e2nlarda hem de d\u0131\u015f mek\u00e2nlarda son derece esnek tasar\u0131m \u00e7\u00f6z\u00fcmleri bar\u0131nd\u0131rabilen Multi Konfor Binalar, yal\u0131t\u0131ms\u0131z bir binaya g\u00f6re <strong>% 90<\/strong>\u2019a varan enerji tasarrufu hedefleyerek hem ev hem de \u00fclke ekonomisine katk\u0131da bulunuyor. Minimum seviyede enerji harcayan bu binalar, ayr\u0131ca <strong>\u00e7evre dostu \u00f6zelli\u011fi<\/strong> ile \u00f6ne \u00e7\u0131k\u0131yor. Sistemindeki maliyeti art\u0131rmadan <strong>\u201cdaha kal\u0131n\u201d<\/strong> yal\u0131t\u0131m ile tasarrufun orant\u0131l\u0131 bir \u015fekilde art\u0131r\u0131lmas\u0131 sa\u011flan\u0131yor. Uygulanan<strong> kal\u0131n yal\u0131t\u0131m<\/strong> \u0131s\u0131 kay\u0131p ve kazan\u00e7lar\u0131n\u0131 engelleyerek yak\u0131t t\u00fcketimini ve sal\u0131m\u0131n\u0131n\u0131 azalt\u0131yor.<\/p>","protected":false},"excerpt":{"rendered":"<p>Sorry, this entry is only available in Turkish. For the sake of viewer convenience, the content is shown below in the alternative language. You may click the link to switch the active language. 1924 y\u0131l\u0131ndan bu yana her y\u0131l 31 Ekim g\u00fcn\u00fc d\u00fcnyada tasarrufun \u00f6nemine dikkat \u00e7ekmek, refah seviyesini artt\u0131rmak, t\u00fcketimi de\u011fil biriktirmeyi te\u015fvik etmek [&hellip;]<\/p>\n","protected":false},"author":1,"featured_media":144462,"comment_status":"open","ping_status":"open","sticky":false,"template":"","format":"standard","meta":[],"categories":[53,52],"tags":[126,26761,103,12,26559,6254,380,97831,26438,793,128],"views":187,"_links":{"self":[{"href":"https:\/\/www.enerjigazetesi.ist\/en\/wp-json\/wp\/v2\/posts\/144459"}],"collection":[{"href":"https:\/\/www.enerjigazetesi.ist\/en\/wp-json\/wp\/v2\/posts"}],"about":[{"href":"https:\/\/www.enerjigazetesi.ist\/en\/wp-json\/wp\/v2\/types\/post"}],"author":[{"embeddable":true,"href":"https:\/\/www.enerjigazetesi.ist\/en\/wp-json\/wp\/v2\/users\/1"}],"replies":[{"embeddable":true,"href":"https:\/\/www.enerjigazetesi.ist\/en\/wp-json\/wp\/v2\/comments?post=144459"}],"version-history":[{"count":0,"href":"https:\/\/www.enerjigazetesi.ist\/en\/wp-json\/wp\/v2\/posts\/144459\/revisions"}],"wp:featuredmedia":[{"embeddable":true,"href":"https:\/\/www.enerjigazetesi.ist\/en\/wp-json\/wp\/v2\/media\/144462"}],"wp:attachment":[{"href":"https:\/\/www.enerjigazetesi.ist\/en\/wp-json\/wp\/v2\/media?parent=144459"}],"wp:term":[{"taxonomy":"category","embeddable":true,"href":"https:\/\/www.enerjigazetesi.ist\/en\/wp-json\/wp\/v2\/categories?post=144459"},{"taxonomy":"post_tag","embeddable":true,"href":"https:\/\/www.enerjigazetesi.ist\/en\/wp-json\/wp\/v2\/tags?post=144459"}],"curies":[{"name":"wp","href":"https:\/\/api.w.org\/{rel}","templated":true}]}}