{"id":144450,"date":"2021-10-22T14:05:52","date_gmt":"2021-10-22T11:05:52","guid":{"rendered":"https:\/\/www.enerjigazetesi.ist\/?p=144450"},"modified":"2021-10-22T14:11:33","modified_gmt":"2021-10-22T11:11:33","slug":"ipm-turkiye-ye-yonelik-2050-de-net-sifir-raporunu-acikliyor","status":"publish","type":"post","link":"https:\/\/www.enerjigazetesi.ist\/en\/ipm-turkiye-ye-yonelik-2050-de-net-sifir-raporunu-acikliyor\/","title":{"rendered":"(Turkish) &#8217;IPM&#8217; T\u00fcrkiye&#8217;ye Y\u00f6nelik &#8216;2050&#8217;de Net S\u0131f\u0131r&#8217; Raporunu A\u00e7\u0131kl\u0131yor"},"content":{"rendered":"<p class=\"qtranxs-available-languages-message qtranxs-available-languages-message-en\">Sorry, this entry is only available in <a href=\"https:\/\/www.enerjigazetesi.ist\/tr\/wp-json\/wp\/v2\/posts\/144450\" class=\"qtranxs-available-language-link qtranxs-available-language-link-tr\" title=\"Turkish\">Turkish<\/a>. For the sake of viewer convenience, the content is shown below in the alternative language. You may click the link to switch the active language.<\/p><p><\/p>\n<h2><strong>\u0130stanbul Politikalar Merkezi (\u0130PM)<\/strong>, T\u00fcrkiye ekonomisinin iklim de\u011fi\u015fikli\u011fiyle m\u00fccadelede &#8216;net s\u0131f\u0131r&#8217; hedefine ula\u015fmak i\u00e7in nas\u0131l bir yol izlemesi gerekti\u011fini ortaya koyan \u2018<strong>T\u00fcrkiye&#8217;nin Karbonsuzla\u015fma Yol Haritas\u0131: 2050&#8217;de Net S\u0131f\u0131r\u2019<\/strong> raporunu\u00a027 Ekim \u00c7ar\u015famba g\u00fcn\u00fc\u00a0a\u00e7\u0131kl\u0131yor.<\/h2>\n<p>K\u00fcresel s\u0131cakl\u0131k art\u0131\u015f\u0131n\u0131 <strong>1,5 derece alt\u0131nda<\/strong> tutmak amac\u0131yla <strong>Paris Anla\u015fmas\u0131<\/strong>\u2019na imza atan T\u00fcrkiye\u2019nin, 2050\u2019ye kadar\u00a0<strong>fosil yak\u0131tlardan yenilenebilir enerjiye ge\u00e7i\u015fi<\/strong>,<strong> enerji verimlili\u011fi, <img loading=\"lazy\" class=\"alignright wp-image-144452\" src=\"https:\/\/www.enerjigazetesi.ist\/wp-content\/uploads\/2021\/10\/ipm-turkiye-ye-yonelik-2050-de-net-sifir-raporunu-acikliyor.jpg\" alt=\"\" width=\"320\" height=\"190\" srcset=\"https:\/\/www.enerjigazetesi.ist\/wp-content\/uploads\/2021\/10\/ipm-turkiye-ye-yonelik-2050-de-net-sifir-raporunu-acikliyor.jpg 550w, https:\/\/www.enerjigazetesi.ist\/wp-content\/uploads\/2021\/10\/ipm-turkiye-ye-yonelik-2050-de-net-sifir-raporunu-acikliyor-300x178.jpg 300w, https:\/\/www.enerjigazetesi.ist\/wp-content\/uploads\/2021\/10\/ipm-turkiye-ye-yonelik-2050-de-net-sifir-raporunu-acikliyor-500x296.jpg 500w, https:\/\/www.enerjigazetesi.ist\/wp-content\/uploads\/2021\/10\/ipm-turkiye-ye-yonelik-2050-de-net-sifir-raporunu-acikliyor-80x47.jpg 80w\" sizes=\"(max-width: 320px) 100vw, 320px\" \/>elektrikli ula\u015f\u0131m, binalarda<\/strong> ve <strong>sanayide<\/strong> al\u0131nacak \u00f6nlemlerle ad\u0131m ad\u0131m <strong>karbonsuzla\u015fma raporu<\/strong>n ba\u015fl\u0131klar\u0131 aras\u0131nda yer al\u0131yor.<\/p>\n<p>Raporda, <strong>politika de\u011fi\u015fiklikleri<\/strong> yoluyla <strong>karbondioksit emisyonlar\u0131<\/strong>n\u0131n <strong>ne zamana kadar, nas\u0131l<\/strong> ve <strong>ne h\u0131zla azalt\u0131lmas\u0131 gerekti\u011fi,<\/strong> bilimsel modelleme sonu\u00e7lar\u0131na dayal\u0131 olarak ortaya konuyor.<\/p>\n<p>Raporun ara\u015ft\u0131rma ve yaz\u0131 ekibinde; <em>\u0130PM \u0130klim De\u011fi\u015fikli\u011fi \u00c7al\u0131\u015fmalar\u0131 Koordinat\u00f6r\u00fc <strong>Dr. \u00dcmit \u015eahin,\u00a0<\/strong>EPRA Genel M\u00fcd\u00fcr\u00fc <strong>Do\u00e7.\u00a0Dr<\/strong>. <strong>Osman B\u00fclent T\u00f6r<\/strong>, ODT\u00dc \u00f6\u011fretim g\u00f6revlisi <strong>Dr. Bora Kat<\/strong>, EPRA Projeler Yard\u0131mc\u0131 Direkt\u00f6r\u00fc <strong>Dr.\u00a0Saeed Teimourzadeh,\u00a0<\/strong>GTE Carbon Y\u00f6netici Orta\u011f\u0131 <strong>Kemal Demirkol<\/strong>, Venesco Y\u00f6netim Kurulu Ba\u015fkan\u0131 <strong>Arif K\u00fcnar<\/strong>, ODT\u00dc Ekonomi B\u00f6l\u00fcm\u00fc \u00f6\u011fretim \u00fcyesi <strong>Prof. Dr.<\/strong>\u00a0<strong>Ebru Voyvoda<\/strong> ve Kadir Has \u00dcniversitesi Ekonomi b\u00f6l\u00fcm\u00fc \u00f6\u011fretim \u00fcyesi <strong>Prof. Dr.<\/strong> <\/em><strong><em>Erin\u00e7 Yeldan<\/em>\u00a0<\/strong>yer al\u0131yor.<\/p>\n<p><strong>Zoom Adresi: <\/strong><a href=\"https:\/\/us02web.zoom.us\/j\/81608598754\" target=\"_blank\" rel=\"noopener\">https:\/\/us02web.zoom.us\/j\/81608598754<\/a><\/p>\n<p><strong>Tarih: <\/strong>27 Ekim 2021, \u00c7ar\u015famba<\/p>\n<p><strong>Saat: <\/strong>14:00 \u2013 14:45 Sunum | 14:45 \u2013 15:15 Soru &amp; Cevap<\/p>","protected":false},"excerpt":{"rendered":"<p>Sorry, this entry is only available in Turkish. For the sake of viewer convenience, the content is shown below in the alternative language. You may click the link to switch the active language. \u0130stanbul Politikalar Merkezi (\u0130PM), T\u00fcrkiye ekonomisinin iklim de\u011fi\u015fikli\u011fiyle m\u00fccadelede &#8216;net s\u0131f\u0131r&#8217; hedefine ula\u015fmak i\u00e7in nas\u0131l bir yol izlemesi gerekti\u011fini ortaya koyan \u2018T\u00fcrkiye&#8217;nin [&hellip;]<\/p>\n","protected":false},"author":1,"featured_media":144452,"comment_status":"open","ping_status":"open","sticky":false,"template":"","format":"standard","meta":[],"categories":[53,52],"tags":[10921,43700,97830,97829,63101],"views":265,"_links":{"self":[{"href":"https:\/\/www.enerjigazetesi.ist\/en\/wp-json\/wp\/v2\/posts\/144450"}],"collection":[{"href":"https:\/\/www.enerjigazetesi.ist\/en\/wp-json\/wp\/v2\/posts"}],"about":[{"href":"https:\/\/www.enerjigazetesi.ist\/en\/wp-json\/wp\/v2\/types\/post"}],"author":[{"embeddable":true,"href":"https:\/\/www.enerjigazetesi.ist\/en\/wp-json\/wp\/v2\/users\/1"}],"replies":[{"embeddable":true,"href":"https:\/\/www.enerjigazetesi.ist\/en\/wp-json\/wp\/v2\/comments?post=144450"}],"version-history":[{"count":0,"href":"https:\/\/www.enerjigazetesi.ist\/en\/wp-json\/wp\/v2\/posts\/144450\/revisions"}],"wp:featuredmedia":[{"embeddable":true,"href":"https:\/\/www.enerjigazetesi.ist\/en\/wp-json\/wp\/v2\/media\/144452"}],"wp:attachment":[{"href":"https:\/\/www.enerjigazetesi.ist\/en\/wp-json\/wp\/v2\/media?parent=144450"}],"wp:term":[{"taxonomy":"category","embeddable":true,"href":"https:\/\/www.enerjigazetesi.ist\/en\/wp-json\/wp\/v2\/categories?post=144450"},{"taxonomy":"post_tag","embeddable":true,"href":"https:\/\/www.enerjigazetesi.ist\/en\/wp-json\/wp\/v2\/tags?post=144450"}],"curies":[{"name":"wp","href":"https:\/\/api.w.org\/{rel}","templated":true}]}}