{"id":144430,"date":"2021-10-22T13:07:16","date_gmt":"2021-10-22T10:07:16","guid":{"rendered":"https:\/\/www.enerjigazetesi.ist\/?p=144430"},"modified":"2021-10-22T13:07:16","modified_gmt":"2021-10-22T10:07:16","slug":"gdz-elektrik-muhtarlarimizi-dinliyoruz-toplantilarini-yeniden-baslatti","status":"publish","type":"post","link":"https:\/\/www.enerjigazetesi.ist\/en\/gdz-elektrik-muhtarlarimizi-dinliyoruz-toplantilarini-yeniden-baslatti\/","title":{"rendered":"(Turkish) &#8217;Gdz Elektrik&#8217; Muhtarlar\u0131m\u0131z\u0131 Dinliyoruz Toplant\u0131lar\u0131n\u0131 Yeniden Ba\u015flatt\u0131"},"content":{"rendered":"<p class=\"qtranxs-available-languages-message qtranxs-available-languages-message-en\">Sorry, this entry is only available in <a href=\"https:\/\/www.enerjigazetesi.ist\/tr\/wp-json\/wp\/v2\/posts\/144430\" class=\"qtranxs-available-language-link qtranxs-available-language-link-tr\" title=\"Turkish\">Turkish<\/a>. For the sake of viewer convenience, the content is shown below in the alternative language. You may click the link to switch the active language.<\/p><p><\/p>\n<h2>\u0130zmir ve Manisa illerinin elektrik da\u011f\u0131t\u0131m \u015firketi Gdz Elektrik, pandemi nedeniyle ara verdi\u011fi \u201cMuhtarlar\u0131m\u0131z\u0131 Dinliyoruz\u201d toplant\u0131lar\u0131n\u0131 yeniden ba\u015flatt\u0131. Muhtarlardan al\u0131nan g\u00f6r\u00fc\u015f ve \u00f6nerilerin de\u011ferlendirildi\u011fi bulu\u015fmalarda, mahalle sakinlerinin talepleri muhtarlar taraf\u0131ndan dile getirilirken, talepler i\u00e7in olu\u015fturulacak \u00e7\u00f6z\u00fcm \u00f6nerileri konusunda da kar\u015f\u0131l\u0131kl\u0131 fikir al\u0131\u015fveri\u015finde bulunuluyor.<\/h2>\n<p><strong>\u201cMuhtarlar\u0131m\u0131z\u0131 Dinliyoruz\u201d toplant\u0131lar\u0131<\/strong> her hafta <strong>\u0130zmir<\/strong> ve <strong>Manisa<\/strong>\u2019n\u0131n farkl\u0131 bir il\u00e7esinde <img loading=\"lazy\" class=\"alignright wp-image-144432\" src=\"https:\/\/www.enerjigazetesi.ist\/wp-content\/uploads\/2021\/10\/gdz-elektrik-muhtarlarimizi-dinliyoruz-toplantilarini-yeniden-baslatti-1.jpg\" alt=\"\" width=\"320\" height=\"211\" srcset=\"https:\/\/www.enerjigazetesi.ist\/wp-content\/uploads\/2021\/10\/gdz-elektrik-muhtarlarimizi-dinliyoruz-toplantilarini-yeniden-baslatti-1.jpg 550w, https:\/\/www.enerjigazetesi.ist\/wp-content\/uploads\/2021\/10\/gdz-elektrik-muhtarlarimizi-dinliyoruz-toplantilarini-yeniden-baslatti-1-300x197.jpg 300w, https:\/\/www.enerjigazetesi.ist\/wp-content\/uploads\/2021\/10\/gdz-elektrik-muhtarlarimizi-dinliyoruz-toplantilarini-yeniden-baslatti-1-500x329.jpg 500w, https:\/\/www.enerjigazetesi.ist\/wp-content\/uploads\/2021\/10\/gdz-elektrik-muhtarlarimizi-dinliyoruz-toplantilarini-yeniden-baslatti-1-76x50.jpg 76w\" sizes=\"(max-width: 320px) 100vw, 320px\" \/>ger\u00e7ekle\u015ftirilirken, muhtarlardan al\u0131nan talepler bir sonraki <strong>y\u0131l\u0131n yat\u0131r\u0131m plan\u0131n\u0131n olu\u015fturulmas\u0131<\/strong>nda da etkili oluyor.<\/p>\n<p>Payda\u015flar\u0131 dinlemenin \u00f6nemini dile getiren Gdz Elektrik Genel M\u00fcd\u00fcr\u00fc <strong>U\u011fur Y\u00fcksel<\/strong> <em>\u201cToplant\u0131lar\u0131m\u0131z\u0131n amac\u0131, mahallelerin ihtiya\u00e7lar\u0131n\u0131 en iyi bilen ki\u015filer olan muhtarlar\u0131m\u0131zla bir araya gelerek <strong>taleplerine \u00e7\u00f6z\u00fcmler<\/strong> \u00fcretmek. Muhtarlar\u0131m\u0131zla y\u00fcr\u00fctt\u00fc\u011f\u00fcm\u00fcz<strong> interaktif ileti\u015fim<\/strong> ve ald\u0131\u011f\u0131m\u0131z <strong>geribildirimlerle<\/strong> <strong>m\u00fc\u015fteri memnuniyetimizi<\/strong> bir \u00fcst seviyeye ta\u015f\u0131yoruz. dedi. B\u00fct\u00fcn payda\u015flar\u0131m\u0131zla olan <strong>ili\u015fkilerimizi \u00e7ok de\u011ferli g\u00f6r\u00fcyor<\/strong> ve <strong>hizmetlerimizin devaml\u0131l\u0131\u011f\u0131<\/strong> i\u00e7in \u00f6nemsiyoruz. Bu kapsamda ihtiya\u00e7lar\u0131 daha iyi saptamak i\u00e7in b\u00f6lgemizde hizmet veren \u015firketler, <strong>kamu kurum<\/strong> ve<strong> kurulu\u015flar\u0131<\/strong> ile <strong>ileti\u015fim \u00e7al\u0131\u015fmalar\u0131m\u0131z\u0131<\/strong> s\u00fcrd\u00fcr\u00fcyor ve<strong> koordineli \u00e7al\u0131\u015fmalar<\/strong> y\u00fcr\u00fct\u00fcyoruz\u201d<\/em> dedi.<\/p>","protected":false},"excerpt":{"rendered":"<p>Sorry, this entry is only available in Turkish. For the sake of viewer convenience, the content is shown below in the alternative language. You may click the link to switch the active language. \u0130zmir ve Manisa illerinin elektrik da\u011f\u0131t\u0131m \u015firketi Gdz Elektrik, pandemi nedeniyle ara verdi\u011fi \u201cMuhtarlar\u0131m\u0131z\u0131 Dinliyoruz\u201d toplant\u0131lar\u0131n\u0131 yeniden ba\u015flatt\u0131. Muhtarlardan al\u0131nan g\u00f6r\u00fc\u015f ve [&hellip;]<\/p>\n","protected":false},"author":1,"featured_media":144434,"comment_status":"open","ping_status":"open","sticky":false,"template":"","format":"standard","meta":[],"categories":[51,53],"tags":[97820,15016,96572,36819,2689,2191,7457],"views":100,"_links":{"self":[{"href":"https:\/\/www.enerjigazetesi.ist\/en\/wp-json\/wp\/v2\/posts\/144430"}],"collection":[{"href":"https:\/\/www.enerjigazetesi.ist\/en\/wp-json\/wp\/v2\/posts"}],"about":[{"href":"https:\/\/www.enerjigazetesi.ist\/en\/wp-json\/wp\/v2\/types\/post"}],"author":[{"embeddable":true,"href":"https:\/\/www.enerjigazetesi.ist\/en\/wp-json\/wp\/v2\/users\/1"}],"replies":[{"embeddable":true,"href":"https:\/\/www.enerjigazetesi.ist\/en\/wp-json\/wp\/v2\/comments?post=144430"}],"version-history":[{"count":0,"href":"https:\/\/www.enerjigazetesi.ist\/en\/wp-json\/wp\/v2\/posts\/144430\/revisions"}],"wp:featuredmedia":[{"embeddable":true,"href":"https:\/\/www.enerjigazetesi.ist\/en\/wp-json\/wp\/v2\/media\/144434"}],"wp:attachment":[{"href":"https:\/\/www.enerjigazetesi.ist\/en\/wp-json\/wp\/v2\/media?parent=144430"}],"wp:term":[{"taxonomy":"category","embeddable":true,"href":"https:\/\/www.enerjigazetesi.ist\/en\/wp-json\/wp\/v2\/categories?post=144430"},{"taxonomy":"post_tag","embeddable":true,"href":"https:\/\/www.enerjigazetesi.ist\/en\/wp-json\/wp\/v2\/tags?post=144430"}],"curies":[{"name":"wp","href":"https:\/\/api.w.org\/{rel}","templated":true}]}}