{"id":144400,"date":"2021-10-22T11:46:26","date_gmt":"2021-10-22T08:46:26","guid":{"rendered":"https:\/\/www.enerjigazetesi.ist\/?p=144400"},"modified":"2021-10-22T15:36:05","modified_gmt":"2021-10-22T12:36:05","slug":"ecogreen-in-temiz-enerji-yatirimlari-nda-2023-yili-hedefi-300-mw-kurulu-guc","status":"publish","type":"post","link":"https:\/\/www.enerjigazetesi.ist\/en\/ecogreen-in-temiz-enerji-yatirimlari-nda-2023-yili-hedefi-300-mw-kurulu-guc\/","title":{"rendered":"(Turkish) &#8217;Ecogreen&#8217;in Temiz Enerji Yat\u0131r\u0131mlar\u0131nda 2023 Y\u0131l\u0131 Hedefi 300 MW Kurulu G\u00fc\u00e7"},"content":{"rendered":"<p class=\"qtranxs-available-languages-message qtranxs-available-languages-message-en\">Sorry, this entry is only available in <a href=\"https:\/\/www.enerjigazetesi.ist\/tr\/wp-json\/wp\/v2\/posts\/144400\" class=\"qtranxs-available-language-link qtranxs-available-language-link-tr\" title=\"Turkish\">Turkish<\/a>. For the sake of viewer convenience, the content is shown below in the alternative language. You may click the link to switch the active language.<\/p><p><\/p>\n<h2>D\u00fcnyam\u0131z son y\u0131llarda fosil yak\u0131tlar\u0131n sebep oldu\u011fu k\u00fcresel \u0131s\u0131nmadan kaynakl\u0131 b\u00fcy\u00fck felaketlerle m\u00fccadele ederken bir yandan enerji ihtiyac\u0131 ve do\u011fan\u0131n tahribat\u0131 gibi s\u00fcre\u00e7leri ya\u015f\u0131yor. Son g\u00fcnlerde yeniden g\u00fcndeme gelen ve T\u00fcrkiye\u2019nin de oy \u00e7oklu\u011fuyla kabul etti\u011fi Paris \u0130klim Anla\u015fmas\u0131, \u00fclkelere ve uluslararas\u0131 \u015firketlere s\u0131f\u0131r at\u0131k konusunda ciddi uyar\u0131larda bulunuyor.<\/h2>\n<p>Bu noktada <strong>at\u0131klar\u0131n enerjiye<\/strong> ve<strong> g\u00fcbreye d\u00f6n\u00fc\u015f\u00fcm\u00fcn\u00fc<\/strong> sa\u011flayan <strong>yeni teknolojiler<\/strong>le birlikte bunlara dair yat\u0131r\u0131mlar son y\u0131llarda olduk\u00e7a art\u0131\u015f g\u00f6sterdi. T\u00fcrkiye&#8217;de k\u0131sa zamanda bir markaya <img loading=\"lazy\" class=\"alignright wp-image-144405\" src=\"https:\/\/www.enerjigazetesi.ist\/wp-content\/uploads\/2021\/10\/eco-greenin-cevre-dostu-enerji-yatirimlariyla-hedefi-70-mwe-kurulu-guc.jpg\" alt=\"\" width=\"320\" height=\"194\" srcset=\"https:\/\/www.enerjigazetesi.ist\/wp-content\/uploads\/2021\/10\/eco-greenin-cevre-dostu-enerji-yatirimlariyla-hedefi-70-mwe-kurulu-guc.jpg 524w, https:\/\/www.enerjigazetesi.ist\/wp-content\/uploads\/2021\/10\/eco-greenin-cevre-dostu-enerji-yatirimlariyla-hedefi-70-mwe-kurulu-guc-300x182.jpg 300w, https:\/\/www.enerjigazetesi.ist\/wp-content\/uploads\/2021\/10\/eco-greenin-cevre-dostu-enerji-yatirimlariyla-hedefi-70-mwe-kurulu-guc-500x303.jpg 500w, https:\/\/www.enerjigazetesi.ist\/wp-content\/uploads\/2021\/10\/eco-greenin-cevre-dostu-enerji-yatirimlariyla-hedefi-70-mwe-kurulu-guc-80x50.jpg 80w\" sizes=\"(max-width: 320px) 100vw, 320px\" \/>d\u00f6n\u00fc\u015fen <strong>Ecogreen Enerji Holding A.\u015e.<\/strong> de bu firmalardan biri olarak son zamanlarda ad\u0131ndan olduk\u00e7a s\u00f6z ettiren projelere imza at\u0131yor.<\/p>\n<p><strong>30\u2019u a\u015fk\u0131n<\/strong> \u00fclkeye <strong>ihracat<\/strong> yapan ve y\u0131llard\u0131r <strong>\u0130SO 1000<\/strong>\u2019de yer alan <strong>U\u011furlular Tekstil<\/strong>\u2019in Y\u00f6netim Kurulu Ba\u015fkanl\u0131\u011f\u0131 g\u00f6revinde bulunmu\u015f olan gen\u00e7 i\u015f insan\u0131 <strong>Osman U\u011furlu<\/strong>\u2019nun 2015 y\u0131l\u0131nda <strong>U\u011furlular Elektrik A.\u015e.<\/strong> olarak kurdu\u011fu \u015firket, 2020 y\u0131l\u0131nda b\u00fcnyesindeki t\u00fcm \u015firketleri bir \u00e7at\u0131 holding olan <strong>Ecogreen Enerji Holding A.\u015e<\/strong>. ad\u0131nda birle\u015ftirdi.<\/p>\n<p><em>Denizli ve Honaz Biyok\u00fctle<\/em>; <strong>Denizli, Turgutlu<\/strong> ve <strong>Karacabey<\/strong> Biyogaz santrallerinde enerji \u00fcretimine ba\u015flayan <strong>Ecogreen Enerji<\/strong>\u2019nin ayn\u0131 zamanda <strong>27 MWp<\/strong> kurulu g\u00fcc\u00fcnde <strong>g\u00fcne\u015f enerji santralleri <\/strong>yer al\u0131yor.<\/p>\n<p>\u015eu an <strong>biyok\u00fctle, biyogaz<\/strong> ve <strong>g\u00fcne\u015fle<\/strong> birlikte toplamda <strong>40.5 MWe<\/strong> kurulu g\u00fcce ula\u015fan Ecogreen Enerji, <strong>Ocak 2022 itibariyle<\/strong> devreye sokaca\u011f\u0131 yeni \u00fcniteleriyle birlikte potansiyelini<strong> 70 MWe<\/strong>\u2019ye ula\u015ft\u0131rmay\u0131 hedefliyor.<\/p>\n<p>D\u00fcnya i\u00e7in art\u0131k yeni bir yol bulmam\u0131z gerekti\u011fini s\u00f6yleyen <strong>Ecogreen Enerji<\/strong> Y\u00f6netim Kurulu Ba\u015fkan\u0131 Osman U\u011furlu, daha iyi bir gelecek hayali kurmak istiyorsak, fosil yak\u0131tlardan bir an evvel vazge\u00e7ip daha <strong>\u00e7evreci enerji yat\u0131r\u0131mlar\u0131na<\/strong> odaklanmak zorunda oldu\u011fumuzu belirterek k\u0131sa zamanda \u00e7ok ciddi yat\u0131r\u0131mlar yapt\u0131klar\u0131n\u0131 ve yak\u0131nda <strong>yurtd\u0131\u015f\u0131nda da \u00f6nemli projelere<\/strong> imza atacaklar\u0131n\u0131 dile getiren U\u011furlu, ama\u00e7lar\u0131n\u0131n <strong>Ecogreen<\/strong>\u2019i <em>T\u00fcrkiye\u2019nin ve D\u00fcnya&#8217;n\u0131n<\/em> sayg\u0131n bir \u015firketi haline getirmek oldu\u011funu ifade etti.<\/p>\n<p>Ecogreen Enerji Hakk\u0131nda Detayl\u0131 Bilgi \u0130\u00e7in <a href=\"http:\/\/ecogreenenerji.com\" target=\"_blank\" rel=\"noopener\">http:\/\/ecogreenenerji.com<\/a> adresini ziyaret edebilirsiniz.<\/p>","protected":false},"excerpt":{"rendered":"<p>Sorry, this entry is only available in Turkish. For the sake of viewer convenience, the content is shown below in the alternative language. You may click the link to switch the active language. D\u00fcnyam\u0131z son y\u0131llarda fosil yak\u0131tlar\u0131n sebep oldu\u011fu k\u00fcresel \u0131s\u0131nmadan kaynakl\u0131 b\u00fcy\u00fck felaketlerle m\u00fccadele ederken bir yandan enerji ihtiyac\u0131 ve do\u011fan\u0131n tahribat\u0131 gibi [&hellip;]<\/p>\n","protected":false},"author":1,"featured_media":144405,"comment_status":"open","ping_status":"open","sticky":false,"template":"","format":"standard","meta":[],"categories":[22893,51,53,49],"tags":[51712,97803,97801,97802,5070,18,46016],"views":1133,"_links":{"self":[{"href":"https:\/\/www.enerjigazetesi.ist\/en\/wp-json\/wp\/v2\/posts\/144400"}],"collection":[{"href":"https:\/\/www.enerjigazetesi.ist\/en\/wp-json\/wp\/v2\/posts"}],"about":[{"href":"https:\/\/www.enerjigazetesi.ist\/en\/wp-json\/wp\/v2\/types\/post"}],"author":[{"embeddable":true,"href":"https:\/\/www.enerjigazetesi.ist\/en\/wp-json\/wp\/v2\/users\/1"}],"replies":[{"embeddable":true,"href":"https:\/\/www.enerjigazetesi.ist\/en\/wp-json\/wp\/v2\/comments?post=144400"}],"version-history":[{"count":0,"href":"https:\/\/www.enerjigazetesi.ist\/en\/wp-json\/wp\/v2\/posts\/144400\/revisions"}],"wp:featuredmedia":[{"embeddable":true,"href":"https:\/\/www.enerjigazetesi.ist\/en\/wp-json\/wp\/v2\/media\/144405"}],"wp:attachment":[{"href":"https:\/\/www.enerjigazetesi.ist\/en\/wp-json\/wp\/v2\/media?parent=144400"}],"wp:term":[{"taxonomy":"category","embeddable":true,"href":"https:\/\/www.enerjigazetesi.ist\/en\/wp-json\/wp\/v2\/categories?post=144400"},{"taxonomy":"post_tag","embeddable":true,"href":"https:\/\/www.enerjigazetesi.ist\/en\/wp-json\/wp\/v2\/tags?post=144400"}],"curies":[{"name":"wp","href":"https:\/\/api.w.org\/{rel}","templated":true}]}}