{"id":144388,"date":"2021-10-21T15:47:32","date_gmt":"2021-10-21T12:47:32","guid":{"rendered":"https:\/\/www.enerjigazetesi.ist\/?p=144388"},"modified":"2021-10-21T15:49:56","modified_gmt":"2021-10-21T12:49:56","slug":"siemens-turkiyenin-gebze-uretim-ussunun-enerjisinin-yuzde-10-u-gunes-ten","status":"publish","type":"post","link":"https:\/\/www.enerjigazetesi.ist\/en\/siemens-turkiyenin-gebze-uretim-ussunun-enerjisinin-yuzde-10-u-gunes-ten\/","title":{"rendered":"(Turkish) &#8217;Siemens T\u00fcrkiye&#8217;\u00a0Gebze \u00dcretim \u00dcss\u00fc&#8217;n\u00fcn Enerjisinin % 10&#8217;u\u00a0G\u00fcne\u015ften!"},"content":{"rendered":"<p class=\"qtranxs-available-languages-message qtranxs-available-languages-message-en\">Sorry, this entry is only available in <a href=\"https:\/\/www.enerjigazetesi.ist\/tr\/wp-json\/wp\/v2\/posts\/144388\" class=\"qtranxs-available-language-link qtranxs-available-language-link-tr\" title=\"Turkish\">Turkish<\/a>. For the sake of viewer convenience, the content is shown below in the alternative language. You may click the link to switch the active language.<\/p><p><\/p>\n<h2>Siemens T\u00fcrkiye taraf\u0131ndan Gebze Entegre \u00dcretim \u00dcss\u00fc\u2019ne kurulan g\u00fcne\u015f enerjisi tesisiyle fabrikas\u0131n\u0131n y\u0131ll\u0131k enerji <img loading=\"lazy\" class=\"alignright wp-image-144390\" src=\"https:\/\/www.enerjigazetesi.ist\/wp-content\/uploads\/2021\/10\/siemens-turkiyenin-gebze-uretim-ussunun-enerjisinin-yuzde-10-u-gunes-ten.jpg\" alt=\"\" width=\"320\" height=\"180\" srcset=\"https:\/\/www.enerjigazetesi.ist\/wp-content\/uploads\/2021\/10\/siemens-turkiyenin-gebze-uretim-ussunun-enerjisinin-yuzde-10-u-gunes-ten.jpg 550w, https:\/\/www.enerjigazetesi.ist\/wp-content\/uploads\/2021\/10\/siemens-turkiyenin-gebze-uretim-ussunun-enerjisinin-yuzde-10-u-gunes-ten-300x169.jpg 300w, https:\/\/www.enerjigazetesi.ist\/wp-content\/uploads\/2021\/10\/siemens-turkiyenin-gebze-uretim-ussunun-enerjisinin-yuzde-10-u-gunes-ten-500x281.jpg 500w, https:\/\/www.enerjigazetesi.ist\/wp-content\/uploads\/2021\/10\/siemens-turkiyenin-gebze-uretim-ussunun-enerjisinin-yuzde-10-u-gunes-ten-80x45.jpg 80w\" sizes=\"(max-width: 320px) 100vw, 320px\" \/>ihtiyac\u0131n\u0131n % 10\u2019u kar\u015f\u0131lanacak.<\/h2>\n<p>2023&#8217;te<strong> karbon n\u00f6tr olma hedefi<\/strong> \u00e7er\u00e7evesinde <strong>Siemens T\u00fcrkiye<\/strong>&#8216;nin <strong>Gebze Entegre \u00dcretim \u00dcss\u00fc<\/strong>&#8216;ne <strong>g\u00fcne\u015f enerjisi<\/strong>\u00a0tesisi <strong>kurulumu<\/strong>yla birlikte yap\u0131lan a\u00e7\u0131klamada, kurulan g\u00fcne\u015f santralinin Gebze \u00fcretim \u00fcss\u00fcn\u00fcn y\u0131lda <strong>13 milyon 250 bin kWh<\/strong> olan enerji ihtiyac\u0131n\u0131n <strong>% 10<\/strong>&#8216;unu kar\u015f\u0131layaca\u011f\u0131 belirtildi.<\/p>\n<p><strong>G\u00fcne\u015f enerjisi santrali,<\/strong><strong>\u00a01 milyon 350 bin kWh<\/strong> enerji \u00fcretimi ile <strong>664 ton karbon sal\u0131m\u0131n\u0131<\/strong> engelleyecek ve y\u0131lda yakla\u015f\u0131k<strong> 1616<\/strong> a\u011fac\u0131 da hayata kazand\u0131rm\u0131\u015f olacak.<\/p>","protected":false},"excerpt":{"rendered":"<p>Sorry, this entry is only available in Turkish. For the sake of viewer convenience, the content is shown below in the alternative language. You may click the link to switch the active language. Siemens T\u00fcrkiye taraf\u0131ndan Gebze Entegre \u00dcretim \u00dcss\u00fc\u2019ne kurulan g\u00fcne\u015f enerjisi tesisiyle fabrikas\u0131n\u0131n y\u0131ll\u0131k enerji ihtiyac\u0131n\u0131n % 10\u2019u kar\u015f\u0131lanacak. 2023&#8217;te karbon n\u00f6tr olma [&hellip;]<\/p>\n","protected":false},"author":1,"featured_media":144390,"comment_status":"open","ping_status":"open","sticky":false,"template":"","format":"standard","meta":[],"categories":[51,53,49],"tags":[5070,97800,2326,227,2206,10379,8268],"views":222,"_links":{"self":[{"href":"https:\/\/www.enerjigazetesi.ist\/en\/wp-json\/wp\/v2\/posts\/144388"}],"collection":[{"href":"https:\/\/www.enerjigazetesi.ist\/en\/wp-json\/wp\/v2\/posts"}],"about":[{"href":"https:\/\/www.enerjigazetesi.ist\/en\/wp-json\/wp\/v2\/types\/post"}],"author":[{"embeddable":true,"href":"https:\/\/www.enerjigazetesi.ist\/en\/wp-json\/wp\/v2\/users\/1"}],"replies":[{"embeddable":true,"href":"https:\/\/www.enerjigazetesi.ist\/en\/wp-json\/wp\/v2\/comments?post=144388"}],"version-history":[{"count":0,"href":"https:\/\/www.enerjigazetesi.ist\/en\/wp-json\/wp\/v2\/posts\/144388\/revisions"}],"wp:featuredmedia":[{"embeddable":true,"href":"https:\/\/www.enerjigazetesi.ist\/en\/wp-json\/wp\/v2\/media\/144390"}],"wp:attachment":[{"href":"https:\/\/www.enerjigazetesi.ist\/en\/wp-json\/wp\/v2\/media?parent=144388"}],"wp:term":[{"taxonomy":"category","embeddable":true,"href":"https:\/\/www.enerjigazetesi.ist\/en\/wp-json\/wp\/v2\/categories?post=144388"},{"taxonomy":"post_tag","embeddable":true,"href":"https:\/\/www.enerjigazetesi.ist\/en\/wp-json\/wp\/v2\/tags?post=144388"}],"curies":[{"name":"wp","href":"https:\/\/api.w.org\/{rel}","templated":true}]}}