{"id":144342,"date":"2021-10-21T12:58:46","date_gmt":"2021-10-21T09:58:46","guid":{"rendered":"https:\/\/www.enerjigazetesi.ist\/?p=144342"},"modified":"2021-10-21T13:35:23","modified_gmt":"2021-10-21T10:35:23","slug":"turkiye-kuresel-etki-yatirimi-dunyasi-na-dahil-olmak-icin-bir-adim-daha-atti","status":"publish","type":"post","link":"https:\/\/www.enerjigazetesi.ist\/en\/turkiye-kuresel-etki-yatirimi-dunyasi-na-dahil-olmak-icin-bir-adim-daha-atti\/","title":{"rendered":"(Turkish) &#8217;T\u00fcrkiye&#8217;den K\u00fcresel Etki Yat\u0131r\u0131m\u0131 D\u00fcnyas\u0131&#8217;na Dahil Olmak \u0130\u00e7in Bir Ad\u0131m Daha"},"content":{"rendered":"<p class=\"qtranxs-available-languages-message qtranxs-available-languages-message-en\">Sorry, this entry is only available in <a href=\"https:\/\/www.enerjigazetesi.ist\/tr\/wp-json\/wp\/v2\/posts\/144342\" class=\"qtranxs-available-language-link qtranxs-available-language-link-tr\" title=\"Turkish\">Turkish<\/a>. For the sake of viewer convenience, the content is shown below in the alternative language. You may click the link to switch the active language.<\/p><p><\/p>\n<h2>T\u00fcrkiye&#8217;yi etki yat\u0131r\u0131m\u0131 alan\u0131nda d\u00fcnya sahnesine ta\u015f\u0131mak i\u00e7in bir araya gelen lider kurumlar taraf\u0131ndan kurulan Etki Yat\u0131r\u0131m\u0131 Dan\u0131\u015fma Kurulu&#8217;nun (EYDK), YASED ve PwC i\u015fbirli\u011fiyle d\u00fczenledi\u011fi \u201cBirlikten Kuvvet Do\u011far\u201d temal\u0131 arama konferans\u0131yla birlikte; T\u00fcrkiye&#8217;yi, hacmi 2,3 trilyon dolar seviyesine ula\u015fan k\u00fcresel etki yat\u0131r\u0131m\u0131 d\u00fcnyas\u0131na dahil etmek i\u00e7in \u00f6nemli bir ad\u0131m daha at\u0131ld\u0131.<\/h2>\n<p><strong>Veriye dayal\u0131, \u015feffaf<\/strong> ve<strong> kapsay\u0131c\u0131<\/strong> bir yakla\u015f\u0131m benimseyen <strong>Etki Yat\u0131r\u0131m\u0131 Dan\u0131\u015fma Kurulu (EYDK)<\/strong>, <strong>YASED<\/strong> ve <strong>PwC<\/strong> deste\u011fiyle etki yat\u0131r\u0131m\u0131 ekosistemindeki geni\u015f kat\u0131l\u0131mc\u0131 a\u011f\u0131n\u0131 bir araya getirmek ve <strong>\u201cBir Etkinle\u015ftirici Olarak EYDK\u201d<\/strong> raporunda <strong>EYDK<\/strong>&#8216;n\u0131n<strong> eylem plan\u0131<\/strong> ve <strong>\u00e7al\u0131\u015fma <img loading=\"lazy\" class=\"alignright wp-image-144345\" src=\"https:\/\/www.enerjigazetesi.ist\/wp-content\/uploads\/2021\/10\/turkiye-icin-birlikten-kuvvet-dogar-arama-konferansi-gerceklestirildi-1.jpg\" alt=\"\" width=\"320\" height=\"192\" srcset=\"https:\/\/www.enerjigazetesi.ist\/wp-content\/uploads\/2021\/10\/turkiye-icin-birlikten-kuvvet-dogar-arama-konferansi-gerceklestirildi-1.jpg 400w, https:\/\/www.enerjigazetesi.ist\/wp-content\/uploads\/2021\/10\/turkiye-icin-birlikten-kuvvet-dogar-arama-konferansi-gerceklestirildi-1-300x180.jpg 300w, https:\/\/www.enerjigazetesi.ist\/wp-content\/uploads\/2021\/10\/turkiye-icin-birlikten-kuvvet-dogar-arama-konferansi-gerceklestirildi-1-80x48.jpg 80w\" sizes=\"(max-width: 320px) 100vw, 320px\" \/>gruplar\u0131<\/strong> hakk\u0131nda sunulan <strong>i\u00e7g\u00f6r\u00fc<\/strong> ve <strong>\u00f6nermeleri<\/strong> detayland\u0131rmay\u0131 amac\u0131yla \u00a0<strong>\u201cBirlikten Kuvvet Do\u011far\u201d<\/strong> temal\u0131 arama konferans\u0131n\u0131 ger\u00e7ekle\u015ftirdi.<\/p>\n<p>Raporda <strong>4 \u00e7al\u0131\u015fma grubu<\/strong> belirlendi. <strong>Bu \u00e7al\u0131\u015fma gruplar\u0131;<\/strong> T\u00fcrkiye&#8217;yi, b\u00f6lgesinde etki yat\u0131r\u0131mc\u0131l\u0131\u011f\u0131n\u0131n merkezi yapacak, k\u00fcresel bir i\u015f ve bilgi a\u011f\u0131 in\u015fa edecek <strong>Etki Ortakl\u0131klar\u0131 \u00c7al\u0131\u015fma Grubu;<\/strong> T\u00fcrkiye&#8217;nin milli \u00e7\u0131karlar\u0131na ve potansiyeline dayanan <strong>S\u00fcrd\u00fcr\u00fclebilir Kalk\u0131nma ve Politika \u00c7al\u0131\u015fma Grubu;<\/strong> \u00f6zellikle <strong>etki \u00f6l\u00e7\u00fcm\u00fc<\/strong> ve <strong>y\u00f6netimi<\/strong> alan\u0131nda <strong>teknik bilgi seviyesini<\/strong> y\u00fckseltecek <strong>Kapasite Geli\u015ftirme \u00c7al\u0131\u015fma Grubu<\/strong> ve uluslararas\u0131 seviyede fark\u0131ndal\u0131k \u00e7al\u0131\u015fmalar\u0131na y\u00f6n verecek <strong>Kurumsal \u0130leti\u015fim \u00c7al\u0131\u015fma Grubu<\/strong>&#8216;ndan olu\u015fuyor.<\/p>\n<h3><strong>\u201c\u0130\u00e7g\u00f6r\u00fcleri, tart\u0131\u015farak detayland\u0131rmay\u0131 hedefledik\u201d<\/strong><\/h3>\n<p>Arama konferans\u0131yla ilgili a\u00e7\u0131klama yapan <em>EYDK Ba\u015fkan\u0131<\/em> <strong>\u015eafak M\u00fcderrisgil<\/strong>, <em>&#8220;Pozitif ve \u00f6l\u00e7\u00fclebilir sosyal ve \u00e7evresel etkiyi, yat\u0131r\u0131mlar\u0131n merkezine koyarak finansal getiri elde etmeyi hedefleyen etki yat\u0131r\u0131mc\u0131l\u0131\u011f\u0131 alan\u0131nda, T\u00fcrkiye&#8217;deki \u00e7al\u0131\u015fmalar<strong> Nisan 2019<\/strong>&#8216;da ba\u015flam\u0131\u015ft\u0131r. <strong>Kas\u0131m 2019<\/strong> ve <strong>Mart 2021<\/strong>&#8216;de <strong>UNDP<\/strong> taraf\u0131ndan yay\u0131mlanan iki rapor, Nisan 2021&#8217;de lider kamu ve \u00f6zel sekt\u00f6r kurumlar\u0131n\u0131n ve k\u00e2r amac\u0131 g\u00fctmeyen organizasyonlar\u0131n bir araya gelmesiyle EYDK&#8217;n\u0131n kurulmas\u0131 ve \u2018Bir Etkinle\u015ftirici Olarak EYDK&#8217; raporunun Eyl\u00fcl 2021&#8217;de yay\u0131mlanmas\u0131 \u00f6nemli d\u00f6n\u00fcm noktalar\u0131 olmu\u015ftur. <strong>\u2018Birlikten Kuvvet Do\u011far&#8217;<\/strong> temas\u0131yla<strong> YASED<\/strong> ve<strong> PwC<\/strong>&#8216;nin i\u015fbirli\u011fiyle d\u00fczenledi\u011fimiz arama konferans\u0131yla, yay\u0131nlad\u0131\u011f\u0131m\u0131z rapor dahilinde \u00f6nerilen eylem plan\u0131 ve \u00e7al\u0131\u015fma gruplar\u0131 i\u00e7in olu\u015fturulan i\u00e7g\u00f6r\u00fcleri, geni\u015f bir kat\u0131l\u0131mc\u0131 a\u011f\u0131yla tart\u0131\u015farak detayland\u0131rmay\u0131 hedefledik\u201d<\/em> dedi.<\/p>\n<p>Konferansta a\u00e7\u0131l\u0131\u015f konu\u015fmas\u0131 yapan UNDP T\u00fcrkiye Mukim Temsilcisi <strong>Louisa Vinton<\/strong>, <em>\u201cY\u0131lda 7 trilyon ABD dolar\u0131na \u00e7\u0131kt\u0131\u011f\u0131 tahmin edilen <strong>k\u00fcresel fon ihtiyac\u0131, yoksulluk, a\u00e7l\u0131k, e\u015fitsizlik ve iklim de\u011fi\u015fikli\u011fi ile m\u00fccadele<\/strong> eden kapsaml\u0131 ve k\u00fcresel <strong>S\u00fcrd\u00fcr\u00fclebilir Kalk\u0131nma Ama\u00e7lar\u0131n\u0131<\/strong> ger\u00e7ekle\u015ftirmek i\u00e7in yeterince para bulunmad\u0131\u011f\u0131na dair endi\u015felere yol a\u00e7\u0131yor. Neyse ki etki yat\u0131r\u0131mc\u0131l\u0131\u011f\u0131 bu <strong>a\u00e7\u0131\u011f\u0131 kapatmak i\u00e7in<\/strong> etkili bir yol sunuyor ve <strong>UNDP T\u00fcrkiye<\/strong>&#8216;deki \u00f6zel sekt\u00f6r\u00fcn hem d\u00fcnyay\u0131 korumaya hem de insanlar\u0131n ya\u015fam ko\u015fullar\u0131n\u0131 iyile\u015ftirmeye \u00f6l\u00e7\u00fclebilir destekte bulunurken getirisi olan yat\u0131r\u0131mlar\u0131 da belirlemesine yard\u0131mc\u0131 oluyor\u201d<\/em> dedi.<\/p>\n<h3><strong>\u201cKonferans\u0131n de\u011ferlendirmesi kamuoyuyla payla\u015f\u0131lacak\u201d<\/strong><\/h3>\n<p><strong>Etki yat\u0131r\u0131m\u0131n\u0131n<\/strong> sadece T\u00fcrkiye i\u00e7in de\u011fil, d\u00fcnya i\u00e7in de yeni bir kavram oldu\u011funu belirten M\u00fcderrisgil, <em>\u201cK\u00fcresel olarak, <strong>2,3 trilyon dolarl\u0131k<\/strong> hacme ula\u015fan etki yat\u0131r\u0131m\u0131 ortam\u0131nda <strong>T\u00fcrkiye<\/strong> <strong>nas\u0131l konumlanacak, stratejilerini<\/strong> ve<strong> politikalar\u0131n\u0131<\/strong> nas\u0131l belirleyecek, hangi sekt\u00f6rleri \u00f6nceliklendirecek, hangi alanlarda kapasite geli\u015ftirecek, <strong>ulusal<\/strong> ve <strong>uluslararas\u0131 i\u015fbirli\u011fi<\/strong> mekanizmalar\u0131n\u0131 nas\u0131l \u00e7al\u0131\u015ft\u0131racak sorular\u0131na birlikte cevap arayaca\u011f\u0131z. <span style=\"text-decoration: underline;\">Arama konferans\u0131;<\/span><strong> kamu, \u00f6zel<\/strong> ve<strong> k\u00e2r amac\u0131 g\u00fctmeyen<\/strong> sekt\u00f6rlerden gelen <strong>\u00fcye 34 kurumumuzun<\/strong> temsilcileriyle birlikte, etki yat\u0131r\u0131m\u0131 ekosisteminin di\u011fer anahtar payda\u015flar\u0131na da kulak verecek. Bu konferans ayn\u0131 zamanda <strong>veri toplamam\u0131za da<\/strong> imkan verece\u011finden<strong> konferans\u0131n de\u011ferlendirme<\/strong> ve<strong> sonu\u00e7lar\u0131<\/strong> bir rapor haline getirilip<strong> kamuoyuyla payla\u015f\u0131laca\u011f\u0131n\u0131<\/strong> ayr\u0131ca duyurmak isterim\u201d<\/em> ifadelerini kulland\u0131.<\/p>","protected":false},"excerpt":{"rendered":"<p>Sorry, this entry is only available in Turkish. For the sake of viewer convenience, the content is shown below in the alternative language. You may click the link to switch the active language. T\u00fcrkiye&#8217;yi etki yat\u0131r\u0131m\u0131 alan\u0131nda d\u00fcnya sahnesine ta\u015f\u0131mak i\u00e7in bir araya gelen lider kurumlar taraf\u0131ndan kurulan Etki Yat\u0131r\u0131m\u0131 Dan\u0131\u015fma Kurulu&#8217;nun (EYDK), YASED ve [&hellip;]<\/p>\n","protected":false},"author":1,"featured_media":144346,"comment_status":"open","ping_status":"open","sticky":false,"template":"","format":"standard","meta":[],"categories":[53],"tags":[97783,97782,97780,95423,97781,94333,3888,54948,16213],"views":124,"_links":{"self":[{"href":"https:\/\/www.enerjigazetesi.ist\/en\/wp-json\/wp\/v2\/posts\/144342"}],"collection":[{"href":"https:\/\/www.enerjigazetesi.ist\/en\/wp-json\/wp\/v2\/posts"}],"about":[{"href":"https:\/\/www.enerjigazetesi.ist\/en\/wp-json\/wp\/v2\/types\/post"}],"author":[{"embeddable":true,"href":"https:\/\/www.enerjigazetesi.ist\/en\/wp-json\/wp\/v2\/users\/1"}],"replies":[{"embeddable":true,"href":"https:\/\/www.enerjigazetesi.ist\/en\/wp-json\/wp\/v2\/comments?post=144342"}],"version-history":[{"count":0,"href":"https:\/\/www.enerjigazetesi.ist\/en\/wp-json\/wp\/v2\/posts\/144342\/revisions"}],"wp:featuredmedia":[{"embeddable":true,"href":"https:\/\/www.enerjigazetesi.ist\/en\/wp-json\/wp\/v2\/media\/144346"}],"wp:attachment":[{"href":"https:\/\/www.enerjigazetesi.ist\/en\/wp-json\/wp\/v2\/media?parent=144342"}],"wp:term":[{"taxonomy":"category","embeddable":true,"href":"https:\/\/www.enerjigazetesi.ist\/en\/wp-json\/wp\/v2\/categories?post=144342"},{"taxonomy":"post_tag","embeddable":true,"href":"https:\/\/www.enerjigazetesi.ist\/en\/wp-json\/wp\/v2\/tags?post=144342"}],"curies":[{"name":"wp","href":"https:\/\/api.w.org\/{rel}","templated":true}]}}