{"id":144333,"date":"2021-10-21T12:27:06","date_gmt":"2021-10-21T09:27:06","guid":{"rendered":"https:\/\/www.enerjigazetesi.ist\/?p=144333"},"modified":"2021-10-21T16:17:22","modified_gmt":"2021-10-21T13:17:22","slug":"farkindalik-icin-bu-yilda-da-pembe-fatura-uygulamasi-surduruluyor","status":"publish","type":"post","link":"https:\/\/www.enerjigazetesi.ist\/en\/farkindalik-icin-bu-yilda-da-pembe-fatura-uygulamasi-surduruluyor\/","title":{"rendered":"(Turkish) Fark\u0131ndal\u0131k \u0130\u00e7in Pembe Fatura Uygulamas\u0131 Bu Y\u0131lda da S\u00fcrd\u00fcr\u00fcl\u00fcyor&#8230;"},"content":{"rendered":"<p class=\"qtranxs-available-languages-message qtranxs-available-languages-message-en\">Sorry, this entry is only available in <a href=\"https:\/\/www.enerjigazetesi.ist\/tr\/wp-json\/wp\/v2\/posts\/144333\" class=\"qtranxs-available-language-link qtranxs-available-language-link-tr\" title=\"Turkish\">Turkish<\/a>. For the sake of viewer convenience, the content is shown below in the alternative language. You may click the link to switch the active language.<\/p><p><\/p>\n<h2><strong>Limak Enerji Uluda\u011f Elektrik, meme kanserine dikkat \u00e7ekmek amac\u0131yla hayata ge\u00e7irdi\u011fi Pembe Fatura uygulamas\u0131n\u0131 bu y\u0131lda da s\u00fcrd\u00fcr\u00fcyor. Ekim ay\u0131n\u0131n \u201cMeme Kanseri Fark\u0131ndal\u0131k Ay\u0131\u201d olarak an\u0131lmas\u0131 sebebi ile bu hastal\u0131\u011fa dikkat \u00e7ekmeyi ama\u00e7layan \u015firket, faturalar\u0131n\u0131 pembe olarak tasarlayarak m\u00fc\u015fterilerine ula\u015ft\u0131r\u0131yor ve meme kanserine y\u00f6nelik fark\u0131ndal\u0131k olu\u015fturuyor.<\/strong><\/h2>\n<p><strong>Sa\u011fl\u0131k, \u00e7evre<\/strong> ve<strong> sosyal<\/strong> alandaki ihtiya\u00e7lar do\u011frultusunda <strong>toplumda bilin\u00e7 olu\u015fturmay\u0131<\/strong> <img loading=\"lazy\" class=\"alignright wp-image-144335\" src=\"https:\/\/www.enerjigazetesi.ist\/wp-content\/uploads\/2021\/10\/farkindalik-icin-bu-yilda-pembe-fatura-uygulamasi-surduruluyor-2.jpg\" alt=\"\" width=\"320\" height=\"214\" srcset=\"https:\/\/www.enerjigazetesi.ist\/wp-content\/uploads\/2021\/10\/farkindalik-icin-bu-yilda-pembe-fatura-uygulamasi-surduruluyor-2.jpg 550w, https:\/\/www.enerjigazetesi.ist\/wp-content\/uploads\/2021\/10\/farkindalik-icin-bu-yilda-pembe-fatura-uygulamasi-surduruluyor-2-300x200.jpg 300w, https:\/\/www.enerjigazetesi.ist\/wp-content\/uploads\/2021\/10\/farkindalik-icin-bu-yilda-pembe-fatura-uygulamasi-surduruluyor-2-500x334.jpg 500w, https:\/\/www.enerjigazetesi.ist\/wp-content\/uploads\/2021\/10\/farkindalik-icin-bu-yilda-pembe-fatura-uygulamasi-surduruluyor-2-75x50.jpg 75w, https:\/\/www.enerjigazetesi.ist\/wp-content\/uploads\/2021\/10\/farkindalik-icin-bu-yilda-pembe-fatura-uygulamasi-surduruluyor-2-450x300.jpg 450w\" sizes=\"(max-width: 320px) 100vw, 320px\" \/>ama\u00e7layan <strong>Limak Enerji Uluda\u011f Elektrik<\/strong>, meme kanserine dikkat \u00e7eken <strong>Pembe Fatura projesi<\/strong>ni bu y\u0131l da devam ettiriyor. \u015eirket, hizmet verdi\u011fi t\u00fcm m\u00fc\u015fterilerine erken tan\u0131n\u0131n \u00f6nemine dikkat \u00e7eken mesaj\u0131n yer ald\u0131\u011f\u0131 <strong>pembe faturalar\u0131<\/strong> g\u00f6nderiyor. <strong>\u201cElle muayene ve mamografi sizi meme kanserinden korur.\u201d<\/strong> mesajl\u0131 pembe faturalar\u0131 m\u00fc\u015fterilerine ula\u015ft\u0131ran <strong>Limak Enerji Uluda\u011f Elektrik<\/strong>, bu \u00e7al\u0131\u015fmas\u0131 ile d\u00fcnyada en s\u0131k g\u00f6r\u00fclen kanser t\u00fcrleri aras\u0131nda <strong>1&#8217;inci s\u0131raya ge\u00e7en<\/strong> meme kanserine y\u00f6nelik fark\u0131ndal\u0131k olu\u015fturuyor.<\/p>\n<h3><strong>\u2018Erken te\u015fhisin \u00f6nemine dikkat \u00e7ekmek istedik\u2019<\/strong><\/h3>\n<p>Projenin \u00e7ok \u00f6nemli ve de\u011ferli oldu\u011funu vurgulayan <em>Limak Enerji Uluda\u011f Elektrik Genel M\u00fcd\u00fcr\u00fc<\/em><strong> Ali Erman Aytac<\/strong>,<em> &#8220;D\u00fcnya Sa\u011fl\u0131k \u00d6rg\u00fct\u00fc&#8217;n\u00fcn kanser raporunda \u00fcz\u00fcc\u00fc ancak \u00e7arp\u0131c\u0131 bir durum ortaya \u00e7\u0131k\u0131yor. Rapora g\u00f6re meme kanseri, di\u011fer kanser t\u00fcrlerini geride b\u0131rakarak d\u00fcnyada <strong>en \u00e7ok g\u00f6r\u00fclen kanser \u00e7e\u015fidi<\/strong> oldu. Bu anlamda kad\u0131nlar\u0131n hayat\u0131nda <strong>b\u00fcy\u00fck bir risk te\u015fkil eden<\/strong> meme kanseri i\u00e7in Limak Enerji Uluda\u011f Elektrik olarak 2019 y\u0131l\u0131nda hayata ge\u00e7irdi\u011fimiz Pembe Fatura projemiz, bizim i\u00e7in \u00e7ok de\u011ferli. Elektrik faturalar\u0131n\u0131n vatanda\u015flar\u0131m\u0131z taraf\u0131ndan <strong>titizlikle takip edilen<\/strong> ve incelenen <strong>bir evrak olmas\u0131<\/strong> sebebiyle bu platformda<strong> yer verilen a\u00e7\u0131klama<\/strong> ve <strong>mesajlar<\/strong> da yo\u011fun bir \u015fekilde okunuyor. Her y\u0131l <strong>Meme Kanseri Fark\u0131ndal\u0131k Ay\u0131nda<\/strong> y\u00fcr\u00fctt\u00fc\u011f\u00fcm\u00fcz projemiz ile bu kanser t\u00fcr\u00fcne y\u00f6nelik bilin\u00e7lendirmeye bir katk\u0131 da biz sa\u011flamay\u0131 ama\u00e7l\u0131yoruz. <strong>5 milyon<\/strong> ki\u015fiye <strong>\u201cElle muayene ve mamografi sizi meme kanserinden korur\u201d <\/strong>mesaj\u0131n\u0131n yer ald\u0131\u011f\u0131 pembe faturalar\u0131m\u0131z\u0131 ileterek, <strong>kad\u0131nlara<\/strong> y\u00f6nelik bu <strong>sa\u011fl\u0131k sorununa<\/strong> kar\u015f\u0131 fark\u0131ndal\u0131k olu\u015fturmay\u0131 ama\u00e7l\u0131yoruz. Bunun yan\u0131 s\u0131ra i\u015flem merkezlerimizde konumland\u0131rd\u0131\u011f\u0131m\u0131z <strong>mesaj<\/strong> ve <strong>afi\u015fler<\/strong> arac\u0131l\u0131\u011f\u0131yla da <strong>bilin\u00e7lendirme faaliyetlerini y\u00fcr\u00fctmeye<\/strong> devam ediyoruz. \u0130\u015flem merkezlerimizde \u00e7al\u0131\u015fanlar\u0131m\u0131z, <strong>pembe maske<\/strong> ve<strong> pembe kurdele<\/strong> takarak da konuya <strong>dikkat \u00e7ekmeyi<\/strong> ama\u00e7l\u0131yor. <strong>% 50<\/strong>&#8216;den <strong>daha fazla kad\u0131n \u00e7al\u0131\u015fan<\/strong> oran\u0131na sahip bir \u015firket olarak, kad\u0131nlar\u0131n daha sa\u011fl\u0131kl\u0131 bir gelece\u011fe sahip olmalar\u0131 i\u00e7in bir<strong> fark\u0131ndal\u0131k \u0131\u015f\u0131\u011f\u0131 yakmaya<\/strong> \u00e7al\u0131\u015f\u0131yoruz&#8221;<\/em> ifadelerini kulland\u0131.<\/p>","protected":false},"excerpt":{"rendered":"<p>Sorry, this entry is only available in Turkish. For the sake of viewer convenience, the content is shown below in the alternative language. You may click the link to switch the active language. Limak Enerji Uluda\u011f Elektrik, meme kanserine dikkat \u00e7ekmek amac\u0131yla hayata ge\u00e7irdi\u011fi Pembe Fatura uygulamas\u0131n\u0131 bu y\u0131lda da s\u00fcrd\u00fcr\u00fcyor. Ekim ay\u0131n\u0131n \u201cMeme Kanseri [&hellip;]<\/p>\n","protected":false},"author":1,"featured_media":144336,"comment_status":"open","ping_status":"open","sticky":false,"template":"","format":"standard","meta":[],"categories":[51,53],"tags":[96572,38107,81558,97775,80985,80984],"views":98,"_links":{"self":[{"href":"https:\/\/www.enerjigazetesi.ist\/en\/wp-json\/wp\/v2\/posts\/144333"}],"collection":[{"href":"https:\/\/www.enerjigazetesi.ist\/en\/wp-json\/wp\/v2\/posts"}],"about":[{"href":"https:\/\/www.enerjigazetesi.ist\/en\/wp-json\/wp\/v2\/types\/post"}],"author":[{"embeddable":true,"href":"https:\/\/www.enerjigazetesi.ist\/en\/wp-json\/wp\/v2\/users\/1"}],"replies":[{"embeddable":true,"href":"https:\/\/www.enerjigazetesi.ist\/en\/wp-json\/wp\/v2\/comments?post=144333"}],"version-history":[{"count":0,"href":"https:\/\/www.enerjigazetesi.ist\/en\/wp-json\/wp\/v2\/posts\/144333\/revisions"}],"wp:featuredmedia":[{"embeddable":true,"href":"https:\/\/www.enerjigazetesi.ist\/en\/wp-json\/wp\/v2\/media\/144336"}],"wp:attachment":[{"href":"https:\/\/www.enerjigazetesi.ist\/en\/wp-json\/wp\/v2\/media?parent=144333"}],"wp:term":[{"taxonomy":"category","embeddable":true,"href":"https:\/\/www.enerjigazetesi.ist\/en\/wp-json\/wp\/v2\/categories?post=144333"},{"taxonomy":"post_tag","embeddable":true,"href":"https:\/\/www.enerjigazetesi.ist\/en\/wp-json\/wp\/v2\/tags?post=144333"}],"curies":[{"name":"wp","href":"https:\/\/api.w.org\/{rel}","templated":true}]}}