{"id":144326,"date":"2021-10-21T12:08:39","date_gmt":"2021-10-21T09:08:39","guid":{"rendered":"https:\/\/www.enerjigazetesi.ist\/?p=144326"},"modified":"2021-10-21T12:11:30","modified_gmt":"2021-10-21T09:11:30","slug":"nordex-turkiye-3-gw-ve-1000-turbin-esigini-asarak-yine-pazar-lideri-oldu","status":"publish","type":"post","link":"https:\/\/www.enerjigazetesi.ist\/en\/nordex-turkiye-3-gw-ve-1000-turbin-esigini-asarak-yine-pazar-lideri-oldu\/","title":{"rendered":"(Turkish) &#8217;Nordex T\u00fcrkiye&#8217; 3 GW ve 1000 T\u00fcrbin E\u015fi\u011fini A\u015farak Yine Pazar Lideri Oldu"},"content":{"rendered":"<p class=\"qtranxs-available-languages-message qtranxs-available-languages-message-en\">Sorry, this entry is only available in <a href=\"https:\/\/www.enerjigazetesi.ist\/tr\/wp-json\/wp\/v2\/posts\/144326\" class=\"qtranxs-available-language-link qtranxs-available-language-link-tr\" title=\"Turkish\">Turkish<\/a>. For the sake of viewer convenience, the content is shown below in the alternative language. You may click the link to switch the active language.<\/p><p><\/p>\n<h2>01 Ekim 2021&#8217;de yay\u0131nlanan T\u00dcREB Temmuz 2021 \u0130statistik raporuna g\u00f6re, Nordex T\u00fcrkiye r\u00fczgar enerjisi alan\u0131nda \u00a0%28,55\u2019lik pazar pay\u0131 ile T\u00fcrkiye\u2019deki pazar liderli\u011fini g\u00fc\u00e7lendirerek s\u00fcrd\u00fcr\u00fcyor.<\/h2>\n<p>Nordex T\u00fcrkiye, Ortado\u011fu ve Do\u011fu Avrupa B\u00f6lgeleri Servis Direkt\u00f6r\u00fc, Ergun G\u00fcltekin, Nordex\u2019in T\u00fcrkiye\u2019de <strong>2020<\/strong> ve <strong>2021<\/strong> y\u0131l\u0131nda <strong>yo\u011fun t\u00fcrbin montaj<\/strong> ve<strong> devreye alma<\/strong> d\u00f6nemi sonras\u0131 Pazar liderli\u011fini g\u00fc\u00e7lendirerek devam ettirmesinin t\u00fcm ekip arkada\u015flar\u0131 i\u00e7in gurur verici oldu\u011funu ifade etti.<img loading=\"lazy\" class=\"alignright wp-image-144328\" src=\"https:\/\/www.enerjigazetesi.ist\/wp-content\/uploads\/2021\/10\/nordex-turkiye-3-gw-ve-1000-turbin-esigini-asarak-yine-pazar-lideri-oldu-2.jpg\" alt=\"\" width=\"320\" height=\"240\" srcset=\"https:\/\/www.enerjigazetesi.ist\/wp-content\/uploads\/2021\/10\/nordex-turkiye-3-gw-ve-1000-turbin-esigini-asarak-yine-pazar-lideri-oldu-2.jpg 550w, https:\/\/www.enerjigazetesi.ist\/wp-content\/uploads\/2021\/10\/nordex-turkiye-3-gw-ve-1000-turbin-esigini-asarak-yine-pazar-lideri-oldu-2-300x225.jpg 300w, https:\/\/www.enerjigazetesi.ist\/wp-content\/uploads\/2021\/10\/nordex-turkiye-3-gw-ve-1000-turbin-esigini-asarak-yine-pazar-lideri-oldu-2-500x375.jpg 500w, https:\/\/www.enerjigazetesi.ist\/wp-content\/uploads\/2021\/10\/nordex-turkiye-3-gw-ve-1000-turbin-esigini-asarak-yine-pazar-lideri-oldu-2-67x50.jpg 67w\" sizes=\"(max-width: 320px) 100vw, 320px\" \/><\/p>\n<p>G\u00fcltekin, Nordex\u2019in T\u00fcrkiye\u2019de <strong>3 GW<\/strong> ve <strong>1000. t\u00fcrbin<\/strong> e\u015fiklerinin a\u015fmas\u0131n\u0131n Nordex T\u00fcrkiye\u2019nin bu b\u00f6lgede ve Nordex\u2019in global operasyonlar\u0131 i\u00e7erisinde yerini \u00e7ok farkl\u0131 bir noktaya ta\u015f\u0131d\u0131\u011f\u0131n\u0131 kaydederek, bu ba\u015far\u0131n\u0131n Nordex\u2019in global y\u00f6netiminin T\u00fcrkiye\u2019ye olan yat\u0131r\u0131mlar\u0131n\u0131n art\u0131rarak devam ettirip T\u00fcrkiye\u2019nin global operasyonlar i\u00e7in artan \u015fekilde insan kayna\u011f\u0131 deste\u011fi sa\u011flamas\u0131n\u0131n \u00f6n\u00fcn\u00fc a\u00e7t\u0131\u011f\u0131n\u0131 s\u00f6yledi. 2021 y\u0131l\u0131 i\u00e7inde onlarca uzman personelinin, <strong>Amerika Birle\u015fik Devletleri, \u0130sve\u00e7, Ukrayna, Hollanda, Bel\u00e7ika <\/strong>ve <strong>\u015eili<\/strong> gibi d\u00fcnyan\u0131n \u00e7e\u015fitli b\u00f6lgesinde \u00e7al\u0131\u015fmalarda bulunmas\u0131n\u0131n, hem T\u00fcrkiye Nordex, hem de \u00fclkemiz ad\u0131na gurur verici bir geli\u015fme oldu\u011funu belirtti.<\/p>\n<p>Nordex, T\u00fcrkiye r\u00fczgar pazar\u0131nda bug\u00fcn itibariyle ula\u015ft\u0131\u011f\u0131<strong> 3022,05 MW<\/strong> i\u015fletmede kurulu g\u00fcc\u00fcn yan\u0131s\u0131ra, in\u015fa halinde olan <strong>80<\/strong> t\u00fcrbin ve <strong>378 MW<\/strong> g\u00fc\u00e7le <strong>5 farkl\u0131 saha proje<\/strong> faaliyetlerine devam etmektedir.<\/p>\n<p>G\u00fcltekin, Nordex\u2019in Pazar liderli\u011finin arkas\u0131ndaki <strong>en \u00f6nemli<\/strong> ve <strong>kritik ba\u015far\u0131 fakt\u00f6rlerinden<\/strong> birinin ise T\u00fcrkiye\u2019deki servis organizasyonun kaliteli ve g\u00fcvenilir hizmet sa\u011flamas\u0131 oldu\u011funa dikkat \u00e7ekti. 2020 y\u0131l\u0131nda yat\u0131r\u0131m\u0131 tamamlanan ve tam olarak operasyonel hale ge\u00e7en yeni <strong>\u0130zmir-Servis<\/strong> ve <strong>E\u011fitim Merkezi<\/strong>\u2019nin ise<strong> ba\u015far\u0131l\u0131 servis operasyonlar\u0131n\u0131n s\u00fcrd\u00fcr\u00fclmesinde<\/strong> \u00f6nemli bir destek sa\u011flayaca\u011f\u0131n\u0131 da kaydetti.<\/p>\n<p>Ayr\u0131ca G\u00fcltekin, Nordex\u2019in T\u00fcrkiye geneline yay\u0131lm\u0131\u015f<strong> servis a\u011f\u0131yla<\/strong> ve \u00e7ok geni\u015f bir <strong>yedek par\u00e7a<\/strong> sto\u011fu ile, yat\u0131r\u0131mc\u0131lar\u0131n\u0131n\u0131n Nordex\u2019e olan g\u00fcvenine kar\u015f\u0131l\u0131k verebilmek i\u00e7in var g\u00fc\u00e7leriyle \u00e7al\u0131\u015fmaya devam edeceklerini de belirtti.<\/p>","protected":false},"excerpt":{"rendered":"<p>Sorry, this entry is only available in Turkish. For the sake of viewer convenience, the content is shown below in the alternative language. You may click the link to switch the active language. 01 Ekim 2021&#8217;de yay\u0131nlanan T\u00dcREB Temmuz 2021 \u0130statistik raporuna g\u00f6re, Nordex T\u00fcrkiye r\u00fczgar enerjisi alan\u0131nda \u00a0%28,55\u2019lik pazar pay\u0131 ile T\u00fcrkiye\u2019deki pazar liderli\u011fini [&hellip;]<\/p>\n","protected":false},"author":1,"featured_media":144330,"comment_status":"open","ping_status":"open","sticky":false,"template":"","format":"standard","meta":[],"categories":[51,53,50],"tags":[5070,4825,97231,28635,842,97774],"views":400,"_links":{"self":[{"href":"https:\/\/www.enerjigazetesi.ist\/en\/wp-json\/wp\/v2\/posts\/144326"}],"collection":[{"href":"https:\/\/www.enerjigazetesi.ist\/en\/wp-json\/wp\/v2\/posts"}],"about":[{"href":"https:\/\/www.enerjigazetesi.ist\/en\/wp-json\/wp\/v2\/types\/post"}],"author":[{"embeddable":true,"href":"https:\/\/www.enerjigazetesi.ist\/en\/wp-json\/wp\/v2\/users\/1"}],"replies":[{"embeddable":true,"href":"https:\/\/www.enerjigazetesi.ist\/en\/wp-json\/wp\/v2\/comments?post=144326"}],"version-history":[{"count":0,"href":"https:\/\/www.enerjigazetesi.ist\/en\/wp-json\/wp\/v2\/posts\/144326\/revisions"}],"wp:featuredmedia":[{"embeddable":true,"href":"https:\/\/www.enerjigazetesi.ist\/en\/wp-json\/wp\/v2\/media\/144330"}],"wp:attachment":[{"href":"https:\/\/www.enerjigazetesi.ist\/en\/wp-json\/wp\/v2\/media?parent=144326"}],"wp:term":[{"taxonomy":"category","embeddable":true,"href":"https:\/\/www.enerjigazetesi.ist\/en\/wp-json\/wp\/v2\/categories?post=144326"},{"taxonomy":"post_tag","embeddable":true,"href":"https:\/\/www.enerjigazetesi.ist\/en\/wp-json\/wp\/v2\/tags?post=144326"}],"curies":[{"name":"wp","href":"https:\/\/api.w.org\/{rel}","templated":true}]}}