{"id":144304,"date":"2021-10-20T15:27:58","date_gmt":"2021-10-20T12:27:58","guid":{"rendered":"https:\/\/www.enerjigazetesi.ist\/?p=144304"},"modified":"2021-10-20T15:29:42","modified_gmt":"2021-10-20T12:29:42","slug":"irena-ve-ilo-enerji-donusumunde-istihdami-tesvik-etmek-icin-anlasti","status":"publish","type":"post","link":"https:\/\/www.enerjigazetesi.ist\/en\/irena-ve-ilo-enerji-donusumunde-istihdami-tesvik-etmek-icin-anlasti\/","title":{"rendered":"(Turkish) &#8217;IRENA ve ILO&#8217; Enerji D\u00f6n\u00fc\u015f\u00fcm\u00fcnde \u0130stihdam\u0131 Te\u015fvik Etmek \u0130\u00e7in Anla\u015ft\u0131"},"content":{"rendered":"<p class=\"qtranxs-available-languages-message qtranxs-available-languages-message-en\">Sorry, this entry is only available in <a href=\"https:\/\/www.enerjigazetesi.ist\/tr\/wp-json\/wp\/v2\/posts\/144304\" class=\"qtranxs-available-language-link qtranxs-available-language-link-tr\" title=\"Turkish\">Turkish<\/a>. For the sake of viewer convenience, the content is shown below in the alternative language. You may click the link to switch the active language.<\/p><p><\/p>\n<h2>IRENA ve ILO, IRENA\u2019n\u0131n Eylem Koalisyonu kapsam\u0131ndaki S\u00fcrd\u00fcr\u00fclebilir Enerji ve \u0130stihdam Platformu (SEJP), \u00c7evresel Olarak S\u00fcrd\u00fcr\u00fclebilir Ekonomilere Do\u011fru Adil Bir Ge\u00e7i\u015f i\u00e7in ILO \u00dc\u00e7l\u00fc Y\u00f6nergelerine dayanan ILO\u2019nun Adil Ge\u00e7i\u015f ve Ye\u015fil \u0130\u015f Giri\u015fimleri gibi bir dizi ortak giri\u015fimde halihaz\u0131rda i\u015f birli\u011fi yap\u0131yor.<\/h2>\n<p>Konuyla ilgili a\u00e7\u0131klama yapan, ILO Genel Direkt\u00f6r\u00fc <strong>Guy Ryder<\/strong>, <em>\u201cYenilenebilir enerjinin h\u0131zl\u0131 bir \u015fekilde yayg\u0131nla\u015ft\u0131r\u0131lmas\u0131, S\u00fcrd\u00fcr\u00fclebilir Kalk\u0131nma Hedeflerinin pe\u015finde ko\u015fmak i\u00e7in vazge\u00e7ilmezdir. Herkes i\u00e7in adil bir ge\u00e7i\u015f sa\u011flarken daha fazla ve daha iyi i\u015fleri elveri\u015fli hale getirmek esast\u0131r\u201d<\/em> a\u00e7\u0131klamas\u0131nda <img loading=\"lazy\" class=\"alignright wp-image-144306\" src=\"https:\/\/www.enerjigazetesi.ist\/wp-content\/uploads\/2021\/10\/irena-ve-ilo-enerji-donusumunde-istihdami-tesvik-etmek-icin-anlasti.jpg\" alt=\"\" width=\"320\" height=\"160\" srcset=\"https:\/\/www.enerjigazetesi.ist\/wp-content\/uploads\/2021\/10\/irena-ve-ilo-enerji-donusumunde-istihdami-tesvik-etmek-icin-anlasti.jpg 550w, https:\/\/www.enerjigazetesi.ist\/wp-content\/uploads\/2021\/10\/irena-ve-ilo-enerji-donusumunde-istihdami-tesvik-etmek-icin-anlasti-300x150.jpg 300w, https:\/\/www.enerjigazetesi.ist\/wp-content\/uploads\/2021\/10\/irena-ve-ilo-enerji-donusumunde-istihdami-tesvik-etmek-icin-anlasti-500x250.jpg 500w, https:\/\/www.enerjigazetesi.ist\/wp-content\/uploads\/2021\/10\/irena-ve-ilo-enerji-donusumunde-istihdami-tesvik-etmek-icin-anlasti-80x40.jpg 80w\" sizes=\"(max-width: 320px) 100vw, 320px\" \/>bulundu.<\/p>\n<p>IRENA Genel Direkt\u00f6r\u00fc <strong>Francesco La Camera<\/strong> i\u015f birli\u011fi ile ilgili yapt\u0131\u011f\u0131 a\u00e7\u0131klamada,<em> \u201cYenilenebilir enerji, s\u00fcrekli artan istihdam\u0131 sayesinde d\u00fcnya \u00e7ap\u0131nda \u00f6nemli bir ilerleme g\u00f6steriyor. Ancak, <strong>co\u011frafyalar<\/strong> ve<strong> topluluklar<\/strong> aras\u0131nda<strong> e\u015fitsizlik s\u00f6z konusu<\/strong>. Adil veya kapsay\u0131c\u0131 olmayan ilerleme s\u00fcrd\u00fcr\u00fclebilir de\u011fildir. Ye\u015fil bir ekonomiye ula\u015fmak, herkes i\u00e7in f\u0131rsatlar yaratmadan, toplumun t\u00fcm gruplar\u0131n\u0131n insana yak\u0131\u015f\u0131r, <strong>iyi \u00fccretli i\u015flere eri\u015fmesini<\/strong> sa\u011flamadan yap\u0131lamaz.\u201d<\/em> ifadelerini kulland\u0131.<\/p>\n<p><strong>Kad\u0131nlar\u0131n, gen\u00e7lerin, yerli halklar\u0131n<\/strong> ve <strong>marjinal gruplar\u0131n<\/strong> ihtiya\u00e7lar\u0131n\u0131 ve \u00f6nceliklerini kabul ederek, <strong>e\u011fitimi, becerilerinin geli\u015ftirilmesini<\/strong> ve <strong>yeniden e\u011fitimi desteklemek<\/strong> i\u00e7in b\u00fct\u00fcnsel bir k\u00fcresel politika \u00e7er\u00e7evesine ihtiya\u00e7 bulunuyor. Bu ba\u011flamda,<strong> IRENA<\/strong> ve <strong>ILO, S\u00fcrd\u00fcr\u00fclebilir Kalk\u0131nma Hedefleri 7<\/strong> ve <strong>8<\/strong>\u2019e uygun olarak<strong> kapsay\u0131c\u0131<\/strong> ve<strong> s\u00fcrd\u00fcr\u00fclebilir ekonomik b\u00fcy\u00fcmeyi<\/strong> te\u015fvik etmek i\u00e7in <strong>politika \u00e7er\u00e7evelerini destekleyen<\/strong> bilgileri ve tavsiyeleri geli\u015ftirmek i\u00e7in birlikte \u00e7al\u0131\u015facak. <strong>\u0130\u015f birli\u011fi, ortak ara\u015ft\u0131rmalar\u0131, giri\u015fimleri, kapasite geli\u015ftirme<\/strong> ve <strong>e\u011fitim faaliyetlerini, sosyal yard\u0131m<\/strong> ve <strong>ileti\u015fimin<\/strong> yan\u0131 s\u0131ra bilgi payla\u015f\u0131m\u0131 i\u00e7in ortak d\u00fczenlenecek etkinlikleri i\u00e7eriyor.<\/p>","protected":false},"excerpt":{"rendered":"<p>Sorry, this entry is only available in Turkish. For the sake of viewer convenience, the content is shown below in the alternative language. You may click the link to switch the active language. IRENA ve ILO, IRENA\u2019n\u0131n Eylem Koalisyonu kapsam\u0131ndaki S\u00fcrd\u00fcr\u00fclebilir Enerji ve \u0130stihdam Platformu (SEJP), \u00c7evresel Olarak S\u00fcrd\u00fcr\u00fclebilir Ekonomilere Do\u011fru Adil Bir Ge\u00e7i\u015f i\u00e7in [&hellip;]<\/p>\n","protected":false},"author":1,"featured_media":144306,"comment_status":"open","ping_status":"open","sticky":false,"template":"","format":"standard","meta":[],"categories":[51,53],"tags":[97767,1564,40272,3386,97768,97766],"views":109,"_links":{"self":[{"href":"https:\/\/www.enerjigazetesi.ist\/en\/wp-json\/wp\/v2\/posts\/144304"}],"collection":[{"href":"https:\/\/www.enerjigazetesi.ist\/en\/wp-json\/wp\/v2\/posts"}],"about":[{"href":"https:\/\/www.enerjigazetesi.ist\/en\/wp-json\/wp\/v2\/types\/post"}],"author":[{"embeddable":true,"href":"https:\/\/www.enerjigazetesi.ist\/en\/wp-json\/wp\/v2\/users\/1"}],"replies":[{"embeddable":true,"href":"https:\/\/www.enerjigazetesi.ist\/en\/wp-json\/wp\/v2\/comments?post=144304"}],"version-history":[{"count":0,"href":"https:\/\/www.enerjigazetesi.ist\/en\/wp-json\/wp\/v2\/posts\/144304\/revisions"}],"wp:featuredmedia":[{"embeddable":true,"href":"https:\/\/www.enerjigazetesi.ist\/en\/wp-json\/wp\/v2\/media\/144306"}],"wp:attachment":[{"href":"https:\/\/www.enerjigazetesi.ist\/en\/wp-json\/wp\/v2\/media?parent=144304"}],"wp:term":[{"taxonomy":"category","embeddable":true,"href":"https:\/\/www.enerjigazetesi.ist\/en\/wp-json\/wp\/v2\/categories?post=144304"},{"taxonomy":"post_tag","embeddable":true,"href":"https:\/\/www.enerjigazetesi.ist\/en\/wp-json\/wp\/v2\/tags?post=144304"}],"curies":[{"name":"wp","href":"https:\/\/api.w.org\/{rel}","templated":true}]}}