{"id":144228,"date":"2021-10-19T13:55:02","date_gmt":"2021-10-19T10:55:02","guid":{"rendered":"https:\/\/www.enerjigazetesi.ist\/?p=144228"},"modified":"2021-10-19T13:57:03","modified_gmt":"2021-10-19T10:57:03","slug":"enerjisa-enerji-800-milyon-liralik-tahvil-ihracini-ak-yatirim-araciligiyla-yapti","status":"publish","type":"post","link":"https:\/\/www.enerjigazetesi.ist\/en\/enerjisa-enerji-800-milyon-liralik-tahvil-ihracini-ak-yatirim-araciligiyla-yapti\/","title":{"rendered":"(Turkish) &#8217;Enerjisa Enerji&#8217; 800 Milyon Liral\u0131k Tahvil \u0130hrac\u0131n\u0131 &#8216;Ak Yat\u0131r\u0131m&#8217; Arac\u0131l\u0131\u011f\u0131yla Yapt\u0131"},"content":{"rendered":"<p class=\"qtranxs-available-languages-message qtranxs-available-languages-message-en\">Sorry, this entry is only available in <a href=\"https:\/\/www.enerjigazetesi.ist\/tr\/wp-json\/wp\/v2\/posts\/144228\" class=\"qtranxs-available-language-link qtranxs-available-language-link-tr\" title=\"Turkish\">Turkish<\/a>. For the sake of viewer convenience, the content is shown below in the alternative language. You may click the link to switch the active language.<\/p><p><\/p>\n<h2>Enerjisa Enerji, 15 Ekim 2021&#8217;de ger\u00e7ekle\u015ftirdi\u011fi, 2 y\u0131l vadeli, T\u00fcrk Liras\u0131 Referans Endeksine ba\u011fl\u0131 tahvil ihrac\u0131 ile reel sekt\u00f6r\u00fcn 3&#8217;\u00fcnc\u00fc, elektrik enerjisi sekt\u00f6r\u00fcn\u00fcn ise en b\u00fcy\u00fck tahvil ihrac\u0131n\u0131 ger\u00e7ekle\u015ftirdi. Bu ihra\u00e7la birlikte yat\u0131r\u0131mc\u0131lardan gelen y\u00fcksek talebin 800 milyon TL\u2019sini kar\u015f\u0131layan Enerjisa Enerji\u2019nin tedav\u00fcldeki toplam tahvili 1,7 milyar TL\u2019ye ula\u015ft\u0131.<\/h2>\n<p><strong>Enerjisa Enerji<\/strong>\u00a0<strong>CFO&#8217;su Michael Moser<\/strong>, <em>\u201cEnerjisa Enerji olarak sekt\u00f6rde ger\u00e7ekle\u015ftirdi\u011fimiz ba\u015far\u0131l\u0131 \u00e7al\u0131\u015fmalara bir yenisini ekleyerek, <strong>talep toplama<\/strong> neticesinde \u00f6ng\u00f6r\u00fclenin <strong>4 kat\u0131 ihra\u00e7<\/strong> <img loading=\"lazy\" class=\"alignright wp-image-144231\" src=\"https:\/\/www.enerjigazetesi.ist\/wp-content\/uploads\/2021\/10\/enerjisa-enerji-800-milyon-liralik-tahvil-ihracini-ak-yatirim-araciligiyla-yapti.jpg\" alt=\"\" width=\"320\" height=\"196\" srcset=\"https:\/\/www.enerjigazetesi.ist\/wp-content\/uploads\/2021\/10\/enerjisa-enerji-800-milyon-liralik-tahvil-ihracini-ak-yatirim-araciligiyla-yapti.jpg 601w, https:\/\/www.enerjigazetesi.ist\/wp-content\/uploads\/2021\/10\/enerjisa-enerji-800-milyon-liralik-tahvil-ihracini-ak-yatirim-araciligiyla-yapti-300x184.jpg 300w, https:\/\/www.enerjigazetesi.ist\/wp-content\/uploads\/2021\/10\/enerjisa-enerji-800-milyon-liralik-tahvil-ihracini-ak-yatirim-araciligiyla-yapti-500x307.jpg 500w, https:\/\/www.enerjigazetesi.ist\/wp-content\/uploads\/2021\/10\/enerjisa-enerji-800-milyon-liralik-tahvil-ihracini-ak-yatirim-araciligiyla-yapti-80x50.jpg 80w\" sizes=\"(max-width: 320px) 100vw, 320px\" \/>boyutunda <strong>tahvil ihrac\u0131<\/strong> ger\u00e7ekle\u015ftirdik. Bu ihra\u00e7la birlikte yat\u0131r\u0131mc\u0131lardan gelen talebin <strong>800 milyon TL<\/strong>\u2019sini kar\u015f\u0131lad\u0131k.<strong> 15 Ekim\u2019de<\/strong> ger\u00e7ekle\u015fen ihra\u00e7 ile sekt\u00f6rdeki<strong> g\u00fcvenilirli\u011fimizin<\/strong> bir kez daha ispatlanmas\u0131ndan b\u00fcy\u00fck memnuniyet duyuyoruz. <strong>2 y\u0131l vadeli<\/strong> ve <strong>T\u00fcrk Liras\u0131 Referans Endeksine<\/strong> ba\u011fl\u0131 tahvil ihrac\u0131m\u0131z ile \u00fclkenin \u00fc\u00e7\u00fcnc\u00fc, <strong>elektrik enerjisi sekt\u00f6r\u00fcn\u00fcn<\/strong> ise en b\u00fcy\u00fck tahvil ihrac\u0131na imza atmak bizi ayr\u0131ca gururland\u0131r\u0131yor\u201d<\/em> ifadelerini kulland\u0131.<\/p>\n<p>Ger\u00e7ekle\u015fen <strong>tahvil ihrac\u0131<\/strong>n\u0131n, enerji sekt\u00f6r\u00fcnde <strong>finansal s\u00fcrd\u00fcr\u00fclebilirli\u011fin g\u00fc\u00e7lenmesine<\/strong> ve sekt\u00f6r\u00fcn <strong>yat\u0131r\u0131mc\u0131 i\u00e7in cazibesinin art\u0131r\u0131lmas\u0131na<\/strong> katk\u0131 a\u00e7\u0131s\u0131ndan da \u00f6nem ta\u015f\u0131d\u0131\u011f\u0131n\u0131 vurgulayan Moser, \u201cYat\u0131r\u0131mc\u0131lar\u0131n ilgisi bekledi\u011fimizden \u00e7ok daha y\u00fcksekti. Bu y\u0131l\u0131n ba\u015f\u0131ndaki <strong>400 milyon TL TLREF<\/strong>\u2019e <strong>endeksli tahvilimizin<\/strong> ard\u0131ndan, bug\u00fcn elde etti\u011fimiz ba\u015far\u0131, yat\u0131r\u0131mc\u0131lar\u0131n <strong>Enerjisa<\/strong>\u2019ya ve <strong>elektrik sekt\u00f6r\u00fcne<\/strong> olan deste\u011fini ve g\u00fcvenini g\u00f6steriyor. Bu i\u015flemi daha \u00e7ok <strong>likiditenin art\u0131r\u0131lmas\u0131<\/strong> ve T\u00fcrkiye&#8217;nin <strong>sermaye piyasalar\u0131n\u0131n genel geli\u015fimine<\/strong> katk\u0131 olarak g\u00f6r\u00fcyoruz. Tedav\u00fcldeki toplam tahvilimizin <strong>1,7 milyar TL<\/strong>\u2019ye ula\u015fmas\u0131 da bizim a\u00e7\u0131m\u0131zdan b\u00fcy\u00fck \u00f6nem ta\u015f\u0131yor\u201d dedi.<\/p>\n<p><strong>Ak Yat\u0131r\u0131m Genel M\u00fcd\u00fcr\u00fc Mert Erdo\u011fmu\u015f<\/strong>; <em>\u201cAk Yat\u0131r\u0131m olarak bug\u00fcne kadar \u00f6zel sekt\u00f6r tahvil piyasas\u0131nda \u00f6nc\u00fc ve sekt\u00f6re de\u011fer katan bir\u00e7ok ilke imza att\u0131k. T\u00fcrkiye\u2019nin <strong>elektrik da\u011f\u0131t\u0131m<\/strong> ve <strong>perakende sat\u0131\u015f sekt\u00f6r\u00fcnde<\/strong> lider konumda olan <strong>Enerjisa<\/strong> ile <strong>2017 y\u0131l\u0131 Mart ay\u0131nda<\/strong> ba\u015far\u0131yla tamamlad\u0131\u011f\u0131m\u0131z T\u00fcrkiye\u2019deki <strong>\u201cen b\u00fcy\u00fck\u201d<\/strong> reel sekt\u00f6r tahvil ihrac\u0131 sonras\u0131nda, yine 2017 y\u0131l\u0131 A\u011fustos ay\u0131nda T\u00fcrkiye\u2019deki <strong>\u201cen uzun vadeli\u201d<\/strong> \u00f6zel sekt\u00f6r <strong>tahvil ihrac\u0131n\u0131<\/strong> ger\u00e7ekle\u015ftirdik. Bug\u00fcn ise <strong>2 y\u0131l<\/strong> vadeli, <strong>T\u00fcrk Liras\u0131 Referans Endeksi<\/strong>ne ba\u011fl\u0131<strong> 800 milyon TL<\/strong>\u2019lik tahvil ihrac\u0131yla \u00f6ng\u00f6r\u00fclenin <strong>4 kat\u0131 b\u00fcy\u00fckl\u00fc\u011f\u00fcnde<\/strong> bir ihra\u00e7 boyutuna ula\u015ft\u0131k. Bu tahvil ihrac\u0131 ile reel sekt\u00f6rde <strong>3&#8217;\u00fcnc\u00fc<\/strong>, elektrik enerjisi sekt\u00f6r\u00fcnde ise <strong>en b\u00fcy\u00fck tahvil ihrac\u0131na<\/strong> arac\u0131l\u0131k etmenin hakl\u0131 gururunu ta\u015f\u0131yoruz. <strong>Ak Yat\u0131r\u0131m<\/strong> olarak <strong>\u00f6zel sekt\u00f6r tahvil ihra\u00e7lar\u0131ndaki<\/strong> liderli\u011fimizi s\u00fcrd\u00fcrerek fark yaratmaya devam edece\u011fiz.\u201d<\/em> dedi.<\/p>","protected":false},"excerpt":{"rendered":"<p>Sorry, this entry is only available in Turkish. For the sake of viewer convenience, the content is shown below in the alternative language. You may click the link to switch the active language. Enerjisa Enerji, 15 Ekim 2021&#8217;de ger\u00e7ekle\u015ftirdi\u011fi, 2 y\u0131l vadeli, T\u00fcrk Liras\u0131 Referans Endeksine ba\u011fl\u0131 tahvil ihrac\u0131 ile reel sekt\u00f6r\u00fcn 3&#8217;\u00fcnc\u00fc, elektrik enerjisi [&hellip;]<\/p>\n","protected":false},"author":1,"featured_media":144231,"comment_status":"open","ping_status":"open","sticky":false,"template":"","format":"standard","meta":[],"categories":[51,53],"tags":[1129,97720,4546,96572,37825,1048,21197,97719],"views":114,"_links":{"self":[{"href":"https:\/\/www.enerjigazetesi.ist\/en\/wp-json\/wp\/v2\/posts\/144228"}],"collection":[{"href":"https:\/\/www.enerjigazetesi.ist\/en\/wp-json\/wp\/v2\/posts"}],"about":[{"href":"https:\/\/www.enerjigazetesi.ist\/en\/wp-json\/wp\/v2\/types\/post"}],"author":[{"embeddable":true,"href":"https:\/\/www.enerjigazetesi.ist\/en\/wp-json\/wp\/v2\/users\/1"}],"replies":[{"embeddable":true,"href":"https:\/\/www.enerjigazetesi.ist\/en\/wp-json\/wp\/v2\/comments?post=144228"}],"version-history":[{"count":0,"href":"https:\/\/www.enerjigazetesi.ist\/en\/wp-json\/wp\/v2\/posts\/144228\/revisions"}],"wp:featuredmedia":[{"embeddable":true,"href":"https:\/\/www.enerjigazetesi.ist\/en\/wp-json\/wp\/v2\/media\/144231"}],"wp:attachment":[{"href":"https:\/\/www.enerjigazetesi.ist\/en\/wp-json\/wp\/v2\/media?parent=144228"}],"wp:term":[{"taxonomy":"category","embeddable":true,"href":"https:\/\/www.enerjigazetesi.ist\/en\/wp-json\/wp\/v2\/categories?post=144228"},{"taxonomy":"post_tag","embeddable":true,"href":"https:\/\/www.enerjigazetesi.ist\/en\/wp-json\/wp\/v2\/tags?post=144228"}],"curies":[{"name":"wp","href":"https:\/\/api.w.org\/{rel}","templated":true}]}}