{"id":144190,"date":"2021-10-19T09:52:50","date_gmt":"2021-10-19T06:52:50","guid":{"rendered":"https:\/\/www.enerjigazetesi.ist\/?p=144190"},"modified":"2021-10-19T09:55:30","modified_gmt":"2021-10-19T06:55:30","slug":"surdurulebilirlik-zirvesi-2021-16-17-kasim-tarihlerinde-duzenleniyor","status":"publish","type":"post","link":"https:\/\/www.enerjigazetesi.ist\/en\/surdurulebilirlik-zirvesi-2021-16-17-kasim-tarihlerinde-duzenleniyor\/","title":{"rendered":"(Turkish) &#8217;S\u00fcrd\u00fcr\u00fclebilirlik Zirvesi 2021&#8242; 16-17 Kas\u0131m Tarihlerinde D\u00fczenleniyor&#8230;"},"content":{"rendered":"<p class=\"qtranxs-available-languages-message qtranxs-available-languages-message-en\">Sorry, this entry is only available in <a href=\"https:\/\/www.enerjigazetesi.ist\/tr\/wp-json\/wp\/v2\/posts\/144190\" class=\"qtranxs-available-language-link qtranxs-available-language-link-tr\" title=\"Turkish\">Turkish<\/a>. For the sake of viewer convenience, the content is shown below in the alternative language. You may click the link to switch the active language.<\/p><p><\/p>\n<h2>S\u00fcrd\u00fcr\u00fclebilirli\u011fin \u015firketlere y\u00f6nelik stratejik bir zorunluluk haline geldi\u011fi g\u00fcn\u00fcm\u00fczde, kurumlar ve organizasyonlar b\u00fcy\u00fck bir de\u011fi\u015fim s\u00fcrecini ya\u015f\u0131yor.<\/h2>\n<p><img loading=\"lazy\" class=\"alignright wp-image-144193\" src=\"https:\/\/www.enerjigazetesi.ist\/wp-content\/uploads\/2021\/10\/surdurulebilirlik-zirvesi-2021-16-17-kasim-tarihlerinde-duzenleniyor.jpg\" alt=\"\" width=\"320\" height=\"178\" srcset=\"https:\/\/www.enerjigazetesi.ist\/wp-content\/uploads\/2021\/10\/surdurulebilirlik-zirvesi-2021-16-17-kasim-tarihlerinde-duzenleniyor.jpg 550w, https:\/\/www.enerjigazetesi.ist\/wp-content\/uploads\/2021\/10\/surdurulebilirlik-zirvesi-2021-16-17-kasim-tarihlerinde-duzenleniyor-300x167.jpg 300w, https:\/\/www.enerjigazetesi.ist\/wp-content\/uploads\/2021\/10\/surdurulebilirlik-zirvesi-2021-16-17-kasim-tarihlerinde-duzenleniyor-500x278.jpg 500w, https:\/\/www.enerjigazetesi.ist\/wp-content\/uploads\/2021\/10\/surdurulebilirlik-zirvesi-2021-16-17-kasim-tarihlerinde-duzenleniyor-80x45.jpg 80w\" sizes=\"(max-width: 320px) 100vw, 320px\" \/>Uzun vadeli <strong>b\u00fcy\u00fcmenin<\/strong> ve <strong>iyile\u015fmenin<\/strong> anahtar\u0131 olarak g\u00f6r\u00fclen <strong>s\u00fcrd\u00fcr\u00fclebilirlik<\/strong>, de\u011fer odakl\u0131 bir <strong>strateji<\/strong> ve bu<strong> strateji do\u011frultusunda<\/strong> yeniden \u015fekillenen<strong> i\u015f modellerini<\/strong> gerektiriyor. Bu alanda yap\u0131lan yat\u0131r\u0131mlar <strong>her ge\u00e7en g\u00fcn<\/strong> artarken <strong>s\u00fcrd\u00fcr\u00fclebilirlik odakl\u0131<\/strong> yepyeni <strong>bir ekosistem<\/strong> olu\u015fuyor.<\/p>\n<p><strong>HBR T\u00fcrkiye<\/strong>, <strong>de\u011ferli fikir \u00f6nderleri<\/strong> ve <strong>i\u015f d\u00fcnyas\u0131 temsilcileri<\/strong> ile ger\u00e7ekle\u015ftirilecek etkinlikte<strong> s\u00fcrd\u00fcr\u00fclebilirli\u011fin<\/strong> 3 boyutuna odaklan\u0131l\u0131p <strong>gezegenimizin kar\u015f\u0131 kar\u015f\u0131ya oldu\u011fu<\/strong> riskleri masaya yat\u0131racak, farkl\u0131 sekt\u00f6rlerdeki<strong> uygulamalar\u0131 konu\u015facak<\/strong> ve <strong>\u00e7\u00f6z\u00fcm \u00fcretimine <\/strong>odaklan\u0131lacak.<\/p>\n<p><strong>Detayl\u0131 Bilgi ve Kay\u0131tlar \u0130\u00e7in:<\/strong> <a href=\"https:\/\/webinar.hbrturkiye.com\/register\/surdurulebilirlik-zirvesi-2021\" target=\"_blank\" rel=\"noopener\">https:\/\/webinar.hbrturkiye.com\/register\/surdurulebilirlik-zirvesi-2021<\/a> adresini ziyaret edebilirsiniz.<\/p>","protected":false},"excerpt":{"rendered":"<p>Sorry, this entry is only available in Turkish. For the sake of viewer convenience, the content is shown below in the alternative language. You may click the link to switch the active language. S\u00fcrd\u00fcr\u00fclebilirli\u011fin \u015firketlere y\u00f6nelik stratejik bir zorunluluk haline geldi\u011fi g\u00fcn\u00fcm\u00fczde, kurumlar ve organizasyonlar b\u00fcy\u00fck bir de\u011fi\u015fim s\u00fcrecini ya\u015f\u0131yor. Uzun vadeli b\u00fcy\u00fcmenin ve iyile\u015fmenin [&hellip;]<\/p>\n","protected":false},"author":1,"featured_media":144193,"comment_status":"open","ping_status":"open","sticky":false,"template":"","format":"standard","meta":[],"categories":[53,52],"tags":[97694,97696,1296,97697,97695],"views":201,"_links":{"self":[{"href":"https:\/\/www.enerjigazetesi.ist\/en\/wp-json\/wp\/v2\/posts\/144190"}],"collection":[{"href":"https:\/\/www.enerjigazetesi.ist\/en\/wp-json\/wp\/v2\/posts"}],"about":[{"href":"https:\/\/www.enerjigazetesi.ist\/en\/wp-json\/wp\/v2\/types\/post"}],"author":[{"embeddable":true,"href":"https:\/\/www.enerjigazetesi.ist\/en\/wp-json\/wp\/v2\/users\/1"}],"replies":[{"embeddable":true,"href":"https:\/\/www.enerjigazetesi.ist\/en\/wp-json\/wp\/v2\/comments?post=144190"}],"version-history":[{"count":0,"href":"https:\/\/www.enerjigazetesi.ist\/en\/wp-json\/wp\/v2\/posts\/144190\/revisions"}],"wp:featuredmedia":[{"embeddable":true,"href":"https:\/\/www.enerjigazetesi.ist\/en\/wp-json\/wp\/v2\/media\/144193"}],"wp:attachment":[{"href":"https:\/\/www.enerjigazetesi.ist\/en\/wp-json\/wp\/v2\/media?parent=144190"}],"wp:term":[{"taxonomy":"category","embeddable":true,"href":"https:\/\/www.enerjigazetesi.ist\/en\/wp-json\/wp\/v2\/categories?post=144190"},{"taxonomy":"post_tag","embeddable":true,"href":"https:\/\/www.enerjigazetesi.ist\/en\/wp-json\/wp\/v2\/tags?post=144190"}],"curies":[{"name":"wp","href":"https:\/\/api.w.org\/{rel}","templated":true}]}}