{"id":144186,"date":"2021-10-18T14:55:12","date_gmt":"2021-10-18T11:55:12","guid":{"rendered":"https:\/\/www.enerjigazetesi.ist\/?p=144186"},"modified":"2021-10-18T14:57:09","modified_gmt":"2021-10-18T11:57:09","slug":"kuresel-iklim-degisikligi-fotograf-yarismasi-kazananlari-belli-oldu","status":"publish","type":"post","link":"https:\/\/www.enerjigazetesi.ist\/en\/kuresel-iklim-degisikligi-fotograf-yarismasi-kazananlari-belli-oldu\/","title":{"rendered":"(Turkish) &#8217;K\u00fcresel \u0130klim De\u011fi\u015fikli\u011fi Foto\u011fraf Yar\u0131\u015fmas\u0131&#8217; Kazananlar\u0131 Belli Oldu"},"content":{"rendered":"<p class=\"qtranxs-available-languages-message qtranxs-available-languages-message-en\">Sorry, this entry is only available in <a href=\"https:\/\/www.enerjigazetesi.ist\/tr\/wp-json\/wp\/v2\/posts\/144186\" class=\"qtranxs-available-language-link qtranxs-available-language-link-tr\" title=\"Turkish\">Turkish<\/a>. For the sake of viewer convenience, the content is shown below in the alternative language. You may click the link to switch the active language.<\/p><p><\/p>\n<h2>G\u00fcn\u00fcm\u00fcz\u00fcn en b\u00fcy\u00fck sorunlar\u0131ndan biri olarak \u00f6ne \u00e7\u0131kan iklim de\u011fi\u015fikli\u011finin d\u00fcnyam\u0131za ve ya\u015fad\u0131\u011f\u0131m\u0131z \u00e7evreye etkisine dikkat \u00e7ekmek isteyen Alarko Carrier\u2019\u0131n, bu y\u0131l sekizincisini d\u00fczenledi\u011fi K\u00fcresel \u0130klim De\u011fi\u015fikli\u011fi Foto\u011fraf Yar\u0131\u015fmas\u0131\u2019n\u0131n kazananlar\u0131 belli oldu. Ba\u015fvurular\u0131n, Instagram ve Twitter \u00fczerinden #K\u00fcreseliklim2021 etiketi ile yap\u0131ld\u0131\u011f\u0131 yar\u0131\u015fmaya 1000\u2019e yak\u0131n foto\u011fraf \u00e7al\u0131\u015fmas\u0131 kat\u0131ld\u0131.<\/h2>\n<p>Ger\u00e7ekle\u015ftirilen ba\u015fvurularda ilk a\u015fama olarak <strong>halk oylamas\u0131nda<\/strong> en \u00e7ok oy alan <strong>50 foto\u011fraf<\/strong> se\u00e7ildi ard\u0131ndan bu foto\u011fraflar se\u00e7ici kurulun de\u011ferlendirmesine al\u0131narak en ba\u015far\u0131l\u0131 <strong>12 foto\u011fraf<\/strong> belirlendi. <span style=\"text-decoration: underline;\">Se\u00e7ici kurulda;<\/span> <em>Gazeteci ve Foto\u011fraf\u00e7\u0131 Adem Meleke, Belgeselci ve Foto Muhabiri Co\u015fkun Aral, <img loading=\"lazy\" class=\"alignright wp-image-144188\" src=\"https:\/\/www.enerjigazetesi.ist\/wp-content\/uploads\/2021\/10\/kuresel-iklim-degisikligi-fotograf-yarismasi-kazananlari-belli-oldu.jpg\" alt=\"\" width=\"320\" height=\"229\" srcset=\"https:\/\/www.enerjigazetesi.ist\/wp-content\/uploads\/2021\/10\/kuresel-iklim-degisikligi-fotograf-yarismasi-kazananlari-belli-oldu.jpg 550w, https:\/\/www.enerjigazetesi.ist\/wp-content\/uploads\/2021\/10\/kuresel-iklim-degisikligi-fotograf-yarismasi-kazananlari-belli-oldu-300x214.jpg 300w, https:\/\/www.enerjigazetesi.ist\/wp-content\/uploads\/2021\/10\/kuresel-iklim-degisikligi-fotograf-yarismasi-kazananlari-belli-oldu-500x357.jpg 500w, https:\/\/www.enerjigazetesi.ist\/wp-content\/uploads\/2021\/10\/kuresel-iklim-degisikligi-fotograf-yarismasi-kazananlari-belli-oldu-70x50.jpg 70w\" sizes=\"(max-width: 320px) 100vw, 320px\" \/>Foto\u011fraf\u00e7\u0131 Dilan Bozyel, Milliyet Gazetesi Foto\u011fraf Edit\u00f6r\u00fc ve Foto Muhabiri Ercan Arslan ve Foto\u011fraf\u00e7\u0131 Mehmet Turgut yer al\u0131rken ayn\u0131 zamanda Tema Vakf\u0131 Genel M\u00fcd\u00fcr\u00fc Ba\u015fak Yalva\u00e7 \u00d6z\u00e7a\u011fda\u015f, Alarko Carrier Y\u00f6netim Kurulu Ba\u015fkan\u0131 Niv Garih ve Reklamc\u0131 Serdesin Ajans Ba\u015fkan\u0131 Serhat Bayram da<\/em> yer ald\u0131. Se\u00e7ici kurulun de\u011ferlendirmesi sonucu dereceye giren<strong> ilk 12 foto\u011fraf<\/strong> sahipleri Alarko Carrier taraf\u0131ndan <strong>birbirinden \u00f6zel \u00f6d\u00fcller<\/strong> almaya hak kazand\u0131.<\/p>\n<p><strong>Se\u00e7ici kurul de\u011ferlendirmesi<\/strong> sonucunda dereceye girerek birinci olan <strong>\u00d6mer Faruk G\u00fcler<\/strong>, <strong>Toshiba HAORI 13.000 BTU\/h Klima<\/strong> \u00f6d\u00fcl\u00fcn\u00fc almaya hak kazand\u0131. \u0130kinci <strong>Mehtap Akba\u015f \u00c7iftci<\/strong> <strong>iPhone 12 Cep Telefonu<\/strong>, \u00fc\u00e7\u00fcnc\u00fc <strong>Fazilet Ecemi\u015f Y\u0131lmaz<\/strong> ise <strong>Canon EOS M50 Mark II BK Foto\u011fraf Makinesi Vlogger Kit<\/strong> \u00f6d\u00fcl\u00fcn\u00fcn sahibi oldu. D\u00f6rd\u00fcnc\u00fc <strong>Alev \u00dcnal<\/strong>, be\u015finci <strong>\u015eevki Karaca<\/strong> ve alt\u0131nc\u0131 <strong>Mehmet Bedir<\/strong>, <strong>Fujifilm Instax Mini 11 Bundle Box<\/strong> \u00f6d\u00fcllerinin sahibi oldular. Yedinci <strong>Serhat Y\u0131lmazer<\/strong>, sekizinci <strong>Ramazan \u00c7\u0131rako\u011flu<\/strong>, dokuzuncu <strong>Deniz Nida \u015eener<\/strong>, onuncu <strong>Tahir Yang\u0131n<\/strong>, on birinci <strong>Dilek A\u015fk\u0131n<\/strong> ve on ikinci <strong>M\u00fcnevver Ulusoy<\/strong>, <strong>Decathlon 500 TL\u2019lik Hediye \u00c7eki<\/strong> kazand\u0131. Ayr\u0131ca dereceye girip<strong> ilk 12\u2019de<\/strong> yer alan t\u00fcm kazananlara <strong>National Geographic 12 Ayl\u0131k Dergi Aboneli\u011fi<\/strong> hediye edilecek.<\/p>\n<h3><strong>\u0130lk 12\u2019ye girmeye hak kazanan foto\u011fraflar\u0131n <span style=\"text-decoration: underline;\">sahipleri a\u015fa\u011f\u0131da:<\/span><\/strong><\/h3>\n<p>1- \u00d6mer Faruk G\u00fcler<\/p>\n<p>2- Mehtap Akba\u015f \u00c7iftci<\/p>\n<p>3- Fazilet Ecemi\u015f Y\u0131lmaz<\/p>\n<p>4- Alev \u00dcnal<\/p>\n<p>5- \u015eevki Karaca<\/p>\n<p>6- Mehmet Bedir<\/p>\n<p>7- Serhat Y\u0131lmazer<\/p>\n<p>8- Ramazan \u00c7\u0131rako\u011flu<\/p>\n<p>9- Deniz Nida \u015eener<\/p>\n<p>10- Tahir Yang\u0131n<\/p>\n<p>11- Dilek A\u015fk\u0131n<\/p>\n<p>12- M\u00fcnevver Ulusoy<\/p>","protected":false},"excerpt":{"rendered":"<p>Sorry, this entry is only available in Turkish. For the sake of viewer convenience, the content is shown below in the alternative language. You may click the link to switch the active language. G\u00fcn\u00fcm\u00fcz\u00fcn en b\u00fcy\u00fck sorunlar\u0131ndan biri olarak \u00f6ne \u00e7\u0131kan iklim de\u011fi\u015fikli\u011finin d\u00fcnyam\u0131za ve ya\u015fad\u0131\u011f\u0131m\u0131z \u00e7evreye etkisine dikkat \u00e7ekmek isteyen Alarko Carrier\u2019\u0131n, bu y\u0131l [&hellip;]<\/p>\n","protected":false},"author":1,"featured_media":144188,"comment_status":"open","ping_status":"open","sticky":false,"template":"","format":"standard","meta":[],"categories":[53],"tags":[94900,15737,97693,5001,1999,94899],"views":104,"_links":{"self":[{"href":"https:\/\/www.enerjigazetesi.ist\/en\/wp-json\/wp\/v2\/posts\/144186"}],"collection":[{"href":"https:\/\/www.enerjigazetesi.ist\/en\/wp-json\/wp\/v2\/posts"}],"about":[{"href":"https:\/\/www.enerjigazetesi.ist\/en\/wp-json\/wp\/v2\/types\/post"}],"author":[{"embeddable":true,"href":"https:\/\/www.enerjigazetesi.ist\/en\/wp-json\/wp\/v2\/users\/1"}],"replies":[{"embeddable":true,"href":"https:\/\/www.enerjigazetesi.ist\/en\/wp-json\/wp\/v2\/comments?post=144186"}],"version-history":[{"count":0,"href":"https:\/\/www.enerjigazetesi.ist\/en\/wp-json\/wp\/v2\/posts\/144186\/revisions"}],"wp:featuredmedia":[{"embeddable":true,"href":"https:\/\/www.enerjigazetesi.ist\/en\/wp-json\/wp\/v2\/media\/144188"}],"wp:attachment":[{"href":"https:\/\/www.enerjigazetesi.ist\/en\/wp-json\/wp\/v2\/media?parent=144186"}],"wp:term":[{"taxonomy":"category","embeddable":true,"href":"https:\/\/www.enerjigazetesi.ist\/en\/wp-json\/wp\/v2\/categories?post=144186"},{"taxonomy":"post_tag","embeddable":true,"href":"https:\/\/www.enerjigazetesi.ist\/en\/wp-json\/wp\/v2\/tags?post=144186"}],"curies":[{"name":"wp","href":"https:\/\/api.w.org\/{rel}","templated":true}]}}