{"id":144035,"date":"2021-10-15T20:04:51","date_gmt":"2021-10-15T17:04:51","guid":{"rendered":"https:\/\/www.enerjigazetesi.ist\/?p=144035"},"modified":"2021-10-15T20:17:13","modified_gmt":"2021-10-15T17:17:13","slug":"irenec-2022-09-11-haziran-da-yuzde-100-yenilenebilir-enerjiye-gecisi-konusacak","status":"publish","type":"post","link":"https:\/\/www.enerjigazetesi.ist\/en\/irenec-2022-09-11-haziran-da-yuzde-100-yenilenebilir-enerjiye-gecisi-konusacak\/","title":{"rendered":"(Turkish) &#8217;IRENEC 2022&#8217;de Bu Y\u0131lda %100 Yenilenebilir Enerjiye Ge\u00e7i\u015f Konu\u015fulacak"},"content":{"rendered":"<p class=\"qtranxs-available-languages-message qtranxs-available-languages-message-en\">Sorry, this entry is only available in <a href=\"https:\/\/www.enerjigazetesi.ist\/tr\/wp-json\/wp\/v2\/posts\/144035\" class=\"qtranxs-available-language-link qtranxs-available-language-link-tr\" title=\"Turkish\">Turkish<\/a>. For the sake of viewer convenience, the content is shown below in the alternative language. You may click the link to switch the active language.<\/p><p><\/p>\n<h2>%100 Yenilenebilir Enerjiye K\u00fcresel Ge\u00e7i\u015f i\u00e7in Bireylerin, Karar Vericilerin, \u00dcniversitelerin, Kooperatiflerin ve Belediyelerin \u00dczerine D\u00fc\u015fen G\u00f6revler ve Sorumluluklar Vard\u0131r.<\/h2>\n<p>Toplumlar\u0131n, \u00fclkelerin ve b\u00f6lgelerin <strong>%100 yenilenebilir enerjiye ge\u00e7i\u015fi<\/strong> ancak \u00e7\u00f6z\u00fcm taraf\u0131nda olan <strong>yerel, ulusal ve b\u00f6lgesel<\/strong> h\u00fck\u00fcmetlerle ger\u00e7ekle\u015febilir.<\/p>\n<p><img loading=\"lazy\" class=\"alignright wp-image-144043\" src=\"https:\/\/www.enerjigazetesi.ist\/wp-content\/uploads\/2021\/10\/irenec-2022-09-11-haziran-da-yuzde-100-yenilenebilir-enerjiye-gecisi-konusacak-3.jpg\" alt=\"\" width=\"320\" height=\"173\" srcset=\"https:\/\/www.enerjigazetesi.ist\/wp-content\/uploads\/2021\/10\/irenec-2022-09-11-haziran-da-yuzde-100-yenilenebilir-enerjiye-gecisi-konusacak-3.jpg 512w, https:\/\/www.enerjigazetesi.ist\/wp-content\/uploads\/2021\/10\/irenec-2022-09-11-haziran-da-yuzde-100-yenilenebilir-enerjiye-gecisi-konusacak-3-300x162.jpg 300w, https:\/\/www.enerjigazetesi.ist\/wp-content\/uploads\/2021\/10\/irenec-2022-09-11-haziran-da-yuzde-100-yenilenebilir-enerjiye-gecisi-konusacak-3-500x270.jpg 500w, https:\/\/www.enerjigazetesi.ist\/wp-content\/uploads\/2021\/10\/irenec-2022-09-11-haziran-da-yuzde-100-yenilenebilir-enerjiye-gecisi-konusacak-3-80x43.jpg 80w\" sizes=\"(max-width: 320px) 100vw, 320px\" \/>Enerji alan\u0131ndaki <span style=\"text-decoration: underline;\"><strong>ye\u015fil \u00e7\u00f6z\u00fcm i\u00e7in;<\/strong><\/span>\u00a0mevcut <strong>en iyi teknolojilerin <\/strong>kullan\u0131ld\u0131\u011f\u0131 <strong>ak\u0131ll\u0131 \u015febekelerin<\/strong>, yenilenebilir <strong>enerji depolama sistemleri<\/strong>nin ve enerjinin <strong>son kullan\u0131m verimlili\u011finin entegrasyonu<\/strong>yla <strong>%100 yenilenebilir enerji<\/strong> hedefine ula\u015f\u0131lmaktad\u0131r.<\/p>\n<p>K\u00fcresel ya\u015fam alan\u0131m\u0131zda gelece\u011fin<strong> enerji sistemlerinin<\/strong> gelece\u011fin teknolojileriyle<strong> planlanmas\u0131<\/strong> ve eski teknolojilerin bir pazardan <strong>di\u011ferine kayd\u0131r\u0131lmas\u0131n\u0131n<\/strong> \u00f6n\u00fcne ge\u00e7ilmesi i\u00e7in <strong>enerji-ekonomi-ekoloji<\/strong> alan\u0131nda <strong>karar verme modelleri<\/strong> ve d\u0131\u015f maliyetlerin i\u00e7selle\u015ftirilmesi gereklidir.<\/p>\n<p><strong>T\u00fcrkiye Yenilenebilir Enerji Birli\u011fi (EUROSOLAR T\u00fcrkiye)<\/strong>, birli\u011fin vizyonu do\u011frultusunda <strong>%100 yenilenebilir enerji<\/strong>ye ge\u00e7i\u015fin <strong>teknik, ekonomik<\/strong> ve <strong>siyasi boyutlar\u0131<\/strong>n\u0131n ve s<strong>anayide, mimaride, ula\u015f\u0131mda <\/strong>ve<strong> e\u011fitimde<\/strong> hayata ge\u00e7me yollar\u0131n\u0131n tart\u0131\u015f\u0131laca\u011f\u0131 uluslararas\u0131 bir platform yaratmak i\u00e7in her y\u0131l <strong>IRENEC Uluslararas\u0131 %100 Yenilenebilir Enerji Konferans\u0131<\/strong>\u2019n\u0131 d\u00fczenlemektedir.<\/p>\n<p><strong>Mevcut enerji a\u011f\u0131n\u0131<\/strong> gelecekte t\u00fcm\u00fcyle<strong> %100 Yenilenebilir Enerjiye d\u00f6n\u00fc\u015ft\u00fcrme<\/strong> y\u00f6n\u00fcndeki k\u00fcresel hedef, <strong>IRENEC 2022<\/strong>\u2019nin ana temas\u0131d\u0131r.<\/p>\n<p><strong>IRENEC 2022<\/strong> <strong>Hakk\u0131nda Detayl\u0131 Bilgi \u0130\u00e7in:<\/strong> <a href=\"https:\/\/www.irenec.org\/\" target=\"_blank\" rel=\"noopener\">https:\/\/www.irenec.org\/<\/a> adresini ziyaret edebilirsiniz.<\/p>","protected":false},"excerpt":{"rendered":"<p>Sorry, this entry is only available in Turkish. For the sake of viewer convenience, the content is shown below in the alternative language. You may click the link to switch the active language. %100 Yenilenebilir Enerjiye K\u00fcresel Ge\u00e7i\u015f i\u00e7in Bireylerin, Karar Vericilerin, \u00dcniversitelerin, Kooperatiflerin ve Belediyelerin \u00dczerine D\u00fc\u015fen G\u00f6revler ve Sorumluluklar Vard\u0131r. Toplumlar\u0131n, \u00fclkelerin ve [&hellip;]<\/p>\n","protected":false},"author":1,"featured_media":144043,"comment_status":"open","ping_status":"open","sticky":false,"template":"","format":"standard","meta":[],"categories":[22893,51,53,52,49,47,48,50],"tags":[780,2258,12,97612,73069,7540,73067,793,105,97613],"views":1157,"_links":{"self":[{"href":"https:\/\/www.enerjigazetesi.ist\/en\/wp-json\/wp\/v2\/posts\/144035"}],"collection":[{"href":"https:\/\/www.enerjigazetesi.ist\/en\/wp-json\/wp\/v2\/posts"}],"about":[{"href":"https:\/\/www.enerjigazetesi.ist\/en\/wp-json\/wp\/v2\/types\/post"}],"author":[{"embeddable":true,"href":"https:\/\/www.enerjigazetesi.ist\/en\/wp-json\/wp\/v2\/users\/1"}],"replies":[{"embeddable":true,"href":"https:\/\/www.enerjigazetesi.ist\/en\/wp-json\/wp\/v2\/comments?post=144035"}],"version-history":[{"count":0,"href":"https:\/\/www.enerjigazetesi.ist\/en\/wp-json\/wp\/v2\/posts\/144035\/revisions"}],"wp:featuredmedia":[{"embeddable":true,"href":"https:\/\/www.enerjigazetesi.ist\/en\/wp-json\/wp\/v2\/media\/144043"}],"wp:attachment":[{"href":"https:\/\/www.enerjigazetesi.ist\/en\/wp-json\/wp\/v2\/media?parent=144035"}],"wp:term":[{"taxonomy":"category","embeddable":true,"href":"https:\/\/www.enerjigazetesi.ist\/en\/wp-json\/wp\/v2\/categories?post=144035"},{"taxonomy":"post_tag","embeddable":true,"href":"https:\/\/www.enerjigazetesi.ist\/en\/wp-json\/wp\/v2\/tags?post=144035"}],"curies":[{"name":"wp","href":"https:\/\/api.w.org\/{rel}","templated":true}]}}