{"id":143933,"date":"2021-10-14T15:12:46","date_gmt":"2021-10-14T12:12:46","guid":{"rendered":"https:\/\/www.enerjigazetesi.ist\/?p=143933"},"modified":"2021-10-14T15:38:46","modified_gmt":"2021-10-14T12:38:46","slug":"emisyon-azaltimi-icin-mevcut-bina-larin-yenilenmesini-de-hizlandirmaliyiz","status":"publish","type":"post","link":"https:\/\/www.enerjigazetesi.ist\/en\/emisyon-azaltimi-icin-mevcut-bina-larin-yenilenmesini-de-hizlandirmaliyiz\/","title":{"rendered":"(Turkish) Emisyon Azalt\u0131m\u0131 \u0130\u00e7in Mevcut Bina Yenilemelerini de H\u0131zland\u0131rmal\u0131y\u0131z"},"content":{"rendered":"<p class=\"qtranxs-available-languages-message qtranxs-available-languages-message-en\">Sorry, this entry is only available in <a href=\"https:\/\/www.enerjigazetesi.ist\/tr\/wp-json\/wp\/v2\/posts\/143933\" class=\"qtranxs-available-language-link qtranxs-available-language-link-tr\" title=\"Turkish\">Turkish<\/a>. For the sake of viewer convenience, the content is shown below in the alternative language. You may click the link to switch the active language.<\/p><p><\/p>\n<h2><strong>\u0130klim de\u011fi\u015fikli\u011fiyle m\u00fccadele hedefiyle 2016\u2019da imzalanan Paris Anla\u015fmas\u0131&#8217;n\u0131n TBMM\u2019de onaylanmas\u0131n\u0131n, T\u00fcrkiye i\u00e7in \u00f6nemli bir ad\u0131m oldu\u011funu vurgulayan \u0130ZODER Ba\u015fkan\u0131 Emrullah Eruslu, \u201c\u0130klim de\u011fi\u015fikli\u011fi ile m\u00fccadelede en etkin uygulamalardan biri binalar\u0131n yal\u0131t\u0131mla enerji verimli olmas\u0131n\u0131n sa\u011flanmas\u0131d\u0131r. T\u00fcrkiye\u2019de t\u00fcm binalar\u0131n enerji verimli ve \u00e7evre dostu bir yap\u0131ya kavu\u015fmas\u0131 i\u00e7in ba\u015fta kamu, ilgili sekt\u00f6rler ve t\u00fcketiciler olmak \u00fczere t\u00fcm taraflar\u0131n sorumluluklar\u0131n\u0131 yerine getirmesi hayati \u00f6nem ta\u015f\u0131yor. Emisyon azalt\u0131m h<\/strong><strong>edeflerine ula\u015fmak i\u00e7in \u00f6ncelikle mevcut binalar\u0131n yenilenmesini h\u0131zland\u0131rmal\u0131y\u0131z<\/strong><strong>\u201d dedi.<\/strong><\/h2>\n<p><strong>\u0130klim de\u011fi\u015fikli\u011finin<\/strong> \u00f6n\u00fcne ge\u00e7mek i\u00e7in<strong> \u00fclkelerin ortak hareket etmelerini<\/strong> sa\u011flayacak Paris Anla\u015fmas\u0131\u2019n\u0131n, k\u00fcresel ortalama y\u00fczey s\u0131cakl\u0131\u011f\u0131ndaki art\u0131\u015f\u0131 <strong>2<\/strong> <strong>derece<\/strong> ile s\u0131n\u0131rland\u0131rmay\u0131 hatta bu art\u0131\u015f\u0131 <img loading=\"lazy\" class=\"alignright wp-image-143936\" src=\"https:\/\/www.enerjigazetesi.ist\/wp-content\/uploads\/2021\/10\/iklim-degisikligi-ile-mucadelede-mevcut-binalarin-yenilenmesi-hizlanmali-2.jpg\" alt=\"\" width=\"320\" height=\"192\" srcset=\"https:\/\/www.enerjigazetesi.ist\/wp-content\/uploads\/2021\/10\/iklim-degisikligi-ile-mucadelede-mevcut-binalarin-yenilenmesi-hizlanmali-2.jpg 566w, https:\/\/www.enerjigazetesi.ist\/wp-content\/uploads\/2021\/10\/iklim-degisikligi-ile-mucadelede-mevcut-binalarin-yenilenmesi-hizlanmali-2-300x180.jpg 300w, https:\/\/www.enerjigazetesi.ist\/wp-content\/uploads\/2021\/10\/iklim-degisikligi-ile-mucadelede-mevcut-binalarin-yenilenmesi-hizlanmali-2-500x299.jpg 500w, https:\/\/www.enerjigazetesi.ist\/wp-content\/uploads\/2021\/10\/iklim-degisikligi-ile-mucadelede-mevcut-binalarin-yenilenmesi-hizlanmali-2-80x48.jpg 80w\" sizes=\"(max-width: 320px) 100vw, 320px\" \/><strong>1.5<\/strong> <strong>derecenin<\/strong> alt\u0131nda tutmay\u0131 ama\u00e7lad\u0131\u011f\u0131n\u0131 belirten <strong>\u0130ZODER Y\u00f6netim Kurulu Ba\u015fkan\u0131 Emrullah Eruslu<\/strong>, <em>\u201cGelecekte \u00e7ok daha farkl\u0131 bir d\u00fcnya olacak ve bu konuda \u015fimdiden gerekli ad\u0131mlar\u0131n at\u0131lmas\u0131 ya\u015famsal \u00f6nemdedir. <strong>Paris \u0130klim Anla\u015fmas\u0131<\/strong> bug\u00fcne kadar imzalanan en ba\u011flay\u0131c\u0131 iklim anla\u015fmas\u0131 olarak g\u00f6r\u00fcl\u00fcyor. T\u00fcrkiye, 2016\u2019da imzalad\u0131\u011f\u0131 Paris Anla\u015fmas\u0131\u2019n\u0131, <strong>07 Ekim 2021<\/strong>\u2019de onaylayarak taraf oldu. B\u00f6ylece T\u00fcrkiye, <strong>2050\u2019ye<\/strong> kadar <strong>sera gaz\u0131 emisyonlar\u0131n\u0131n s\u0131f\u0131rlanmas\u0131n\u0131n<\/strong> hedeflendi\u011fi <strong>Paris Anla\u015fmas\u0131\u2019nda<\/strong>, 2030 y\u0131l\u0131 itibar\u0131yla sera gaz\u0131 emisyonlar\u0131n\u0131 mevcut durumdan <strong>% 21<\/strong>&#8216;e kadar azaltaca\u011f\u0131n\u0131 beyan etti\u201d<\/em> diye konu\u015ftu.<\/p>\n<h3><strong>U de\u011ferini 2,5 kat iyile\u015ftirmemiz halinde emisyonu ancak % 12 azaltabiliyoruz<\/strong><\/h3>\n<p>T\u00fcrkiye\u2019nin <strong>emisyon azalt\u0131m hedefine<\/strong> ula\u015fmas\u0131 i\u00e7in mevcut binalar\u0131n yenilenme oranlar\u0131n\u0131n h\u0131zla art\u0131r\u0131lmas\u0131 gerekti\u011fini ifade eden <strong>\u0130ZODER Y\u00f6netim Kurulu Ba\u015fkan\u0131 Emrullah Eruslu<\/strong>, \u015funlar\u0131 s\u00f6yledi: <em>\u201c\u0130ZODER olarak yapt\u0131\u011f\u0131m\u0131z \u00e7al\u0131\u015fmaya g\u00f6re, \u00fclkemizde y\u00fcr\u00fcrl\u00fckte olan <strong>enerji limitleri<\/strong> ve<strong> U de\u011ferlerinin (\u0131s\u0131l ge\u00e7irgenlik de\u011feri) maliyet etkin<\/strong> bir \u015fekilde yakla\u015f\u0131k <strong>2-2,5<\/strong> kat iyile\u015ftirilmesi halinde; nihai enerjiden <strong>2023&#8217;e kadar<\/strong> yakla\u015f\u0131k <strong>y\u00fczde 7<\/strong>, 2030&#8217;a kadar yakla\u015f\u0131k y\u00fczde <strong>14<\/strong> ve 2050&#8217;ye kadar yakla\u015f\u0131k y\u00fczde <strong>28<\/strong> oran\u0131nda tasarruf edilebilece\u011fi ortaya \u00e7\u0131k\u0131yor. 2030&#8217;a kadar sa\u011flanmas\u0131 \u00f6ng\u00f6r\u00fclen bu tasarruf, yakla\u015f\u0131k olarak ancak y\u00fczde <strong>12<\/strong>&#8216;lik bir emisyon azalt\u0131m potansiyeline kar\u015f\u0131l\u0131k geliyor. Talep taraf\u0131nda<strong> enerji verimlili\u011fi \u00f6nlemlerine<\/strong> odaklan\u0131larak, T\u00fcrkiye\u2019nin Niyet Edilen <strong>Ulusal Katk\u0131 (INDC) beyan\u0131nda<\/strong> hedeflenen y\u00fczde<strong>\u00a021<\/strong>\u2019lik d\u00fc\u015f\u00fc\u015fe ula\u015fmak amac\u0131yla geri kalan y\u00fczde<strong>\u00a0~9<\/strong>\u2019luk a\u00e7\u0131\u011f\u0131 kapatmak i\u00e7in kombine bir \u015fekilde <strong>bina yenileme oran\u0131n\u0131n art\u0131r\u0131lmas\u0131<\/strong> ve daha da iyile\u015ftirilmi\u015f <strong>enerji limitleri<\/strong> ve <strong>U de\u011ferlerinin<\/strong> hayata ge\u00e7irilmesi gereklidir. Bu \u00e7er\u00e7evede mevcut binalar\u0131n yenileme oran\u0131n\u0131n y\u00fczde<strong>\u00a00.45<\/strong>\u2019ten <strong>%\u00a01<\/strong>\u2019e \u00e7\u0131kar\u0131lmas\u0131 ve <strong>2030 y\u0131l\u0131nda<\/strong> <strong>%\u00a02<\/strong> olacak \u015fekilde do\u011frusal bi\u00e7imde y\u00fckseltilmeye devam ettirilmesi gerekiyor.\u201d<\/em><\/p>\n<p>Bug\u00fcn geli\u015fmi\u015f \u00fclkelerin <strong>s\u0131f\u0131r enerjili konutlar<\/strong>,<strong> \u00e7evre dostu pasif evler<\/strong> gibi konseptlere y\u00f6neldi\u011fine dikkat \u00e7eken <strong>\u0130ZODER Ba\u015fkan\u0131 Emrullah Eruslu<\/strong>,<em> \u201c\u00dclkemizde enerji verimlili\u011fi alan\u0131nda maalesef bu noktadan \u00e7ok uzaktay\u0131z. Is\u0131 yal\u0131t\u0131m\u0131 iklim de\u011fi\u015fikli\u011fi ile m\u00fccadelede en etkin uygulamalardan biridir. \u00dclkemizde yal\u0131t\u0131m ile ilgili yasal d\u00fczenlemeler hen\u00fcz AB \u00fclkeleri seviyesinde de\u011fil. \u015eimdi <strong>AB<\/strong> ile aradaki fark\u0131 kapatacak \u015fekilde <strong>b\u00fcy\u00fck<\/strong> ve<strong> kararl\u0131 ad\u0131mlar<\/strong> atarak enerji verimlili\u011fi hedeflerimize ula\u015fmam\u0131z\u0131n zaman\u0131. <strong>TS 825 Binalarda Is\u0131 Yal\u0131t\u0131m Kurallar\u0131 Standard\u0131<\/strong>n\u0131n 2019 y\u0131l\u0131 i\u00e7erisinde ba\u015flayan revizyon \u00e7al\u0131\u015fmalar\u0131n\u0131 ivedilikle tamamlay\u0131p <strong>enerji verimlili\u011fi<\/strong> anlam\u0131nda<strong> AB<\/strong> ile aram\u0131zdaki mesafeyi kapatacak esasl\u0131 ad\u0131mlar\u0131 atarak cesur bir \u015fekilde enerji limitlerimizi belirlememiz gerekiyor. Bu \u00e7al\u0131\u015fmalar kapsam\u0131nda \u00fclkemiz i\u00e7in neredeyse<strong> s\u0131f\u0131r enerji verimli bina<\/strong> tan\u0131m\u0131 yap\u0131lmal\u0131 ve hedef olarak ortaya konulmal\u0131d\u0131r\u201d<\/em> dedi.<\/p>\n<h3><strong>Binalar\u0131m\u0131z enerji verimli, \u00e7evre dostu olmal\u0131<\/strong><\/h3>\n<p>T\u00fcrkiye\u2019de bir metrekarelik bir alan\u0131n <strong>\u0131s\u0131t\u0131lmas\u0131<\/strong> ve<strong> so\u011futulmas\u0131<\/strong> i\u00e7in harcanan y\u0131ll\u0131k enerji miktar\u0131n\u0131n geli\u015fmi\u015f \u00fclkelerin \u00e7ok \u00fczerinde oldu\u011funu belirten\u00a0<strong>Emrullah Eruslu,<\/strong>\u00a0<em>\u201cIs\u0131 yal\u0131t\u0131m\u0131 uygulamalar\u0131 fosil yak\u0131t t\u00fcketiminin azalmas\u0131n\u0131 sa\u011fl\u0131yor. <strong>Is\u0131 yal\u0131t\u0131m\u0131<\/strong> ile k\u0131\u015f mevsiminde \u0131s\u0131tma, yaz mevsiminde ise so\u011futmaya katk\u0131da bulunarak <strong>enerji verimlili\u011fi sa\u011flanmas\u0131n\u0131n<\/strong> yan\u0131 s\u0131ra, atmosfere yay\u0131lan <strong>sera gazlar\u0131n\u0131n sal\u0131m\u0131nda<\/strong> b\u00fcy\u00fck oranda d\u00fc\u015f\u00fc\u015f kaydediliyor.\u00a0Gerek <strong>enerji verimlili\u011fi<\/strong> gerekse <strong>k\u00fcresel \u0131s\u0131nma<\/strong> ve <strong>iklim de\u011fi\u015fikli\u011fine<\/strong> kar\u015f\u0131 belirlenen hedeflere ula\u015fmam\u0131z i\u00e7in daha kal\u0131n yal\u0131t\u0131m malzemesi kullanarak verimlilik sa\u011flamal\u0131y\u0131z. Geli\u015fmi\u015f \u00fclkelerde tan\u0131mlanm\u0131\u015f <strong>U de\u011ferleri<\/strong> ile \u00fclkemizde tavsiye edilen U de\u011ferlerini mukayese etti\u011fimizde, \u00fclke olarak <strong>U de\u011ferlerimizin iyile\u015ftirilmesi<\/strong> gereklili\u011fini a\u00e7\u0131k\u00e7a g\u00f6r\u00fcyoruz.\u00a0<strong>Paris Anla\u015fmas\u0131<\/strong>\u2019ndaki gibi uluslararas\u0131 taahh\u00fctlerin yerine getirilmesi i\u00e7in\u00a0\u00d6ncelikli hedefimiz T\u00fcrkiye\u2019deki binalar\u0131n d<strong>aha az enerji harcayan<\/strong> \u00e7evre dostu bir yap\u0131ya kavu\u015fmas\u0131 olmal\u0131. Bu noktada <strong>kentsel d\u00f6n\u00fc\u015f\u00fcm\u00fc<\/strong> de enerji verimli yap\u0131la\u015fmada f\u0131rsat olarak g\u00f6r\u00fcyoruz\u201d<\/em> \u015feklinde konu\u015ftu.<\/p>","protected":false},"excerpt":{"rendered":"<p>Sorry, this entry is only available in Turkish. For the sake of viewer convenience, the content is shown below in the alternative language. You may click the link to switch the active language. \u0130klim de\u011fi\u015fikli\u011fiyle m\u00fccadele hedefiyle 2016\u2019da imzalanan Paris Anla\u015fmas\u0131&#8217;n\u0131n TBMM\u2019de onaylanmas\u0131n\u0131n, T\u00fcrkiye i\u00e7in \u00f6nemli bir ad\u0131m oldu\u011funu vurgulayan \u0130ZODER Ba\u015fkan\u0131 Emrullah Eruslu, \u201c\u0130klim [&hellip;]<\/p>\n","protected":false},"author":1,"featured_media":143936,"comment_status":"open","ping_status":"open","sticky":false,"template":"","format":"standard","meta":[],"categories":[53,52],"tags":[1814,97567,88703,5738,97569,10921,675,97570,97568,57138,97566],"views":213,"_links":{"self":[{"href":"https:\/\/www.enerjigazetesi.ist\/en\/wp-json\/wp\/v2\/posts\/143933"}],"collection":[{"href":"https:\/\/www.enerjigazetesi.ist\/en\/wp-json\/wp\/v2\/posts"}],"about":[{"href":"https:\/\/www.enerjigazetesi.ist\/en\/wp-json\/wp\/v2\/types\/post"}],"author":[{"embeddable":true,"href":"https:\/\/www.enerjigazetesi.ist\/en\/wp-json\/wp\/v2\/users\/1"}],"replies":[{"embeddable":true,"href":"https:\/\/www.enerjigazetesi.ist\/en\/wp-json\/wp\/v2\/comments?post=143933"}],"version-history":[{"count":0,"href":"https:\/\/www.enerjigazetesi.ist\/en\/wp-json\/wp\/v2\/posts\/143933\/revisions"}],"wp:featuredmedia":[{"embeddable":true,"href":"https:\/\/www.enerjigazetesi.ist\/en\/wp-json\/wp\/v2\/media\/143936"}],"wp:attachment":[{"href":"https:\/\/www.enerjigazetesi.ist\/en\/wp-json\/wp\/v2\/media?parent=143933"}],"wp:term":[{"taxonomy":"category","embeddable":true,"href":"https:\/\/www.enerjigazetesi.ist\/en\/wp-json\/wp\/v2\/categories?post=143933"},{"taxonomy":"post_tag","embeddable":true,"href":"https:\/\/www.enerjigazetesi.ist\/en\/wp-json\/wp\/v2\/tags?post=143933"}],"curies":[{"name":"wp","href":"https:\/\/api.w.org\/{rel}","templated":true}]}}