{"id":143883,"date":"2021-10-14T10:59:07","date_gmt":"2021-10-14T07:59:07","guid":{"rendered":"https:\/\/www.enerjigazetesi.ist\/?p=143883"},"modified":"2021-10-14T11:07:35","modified_gmt":"2021-10-14T08:07:35","slug":"intermodal-tasimaciligiyla-8-futbol-sahasi-buyuklugunde-yesil-alan-korundu","status":"publish","type":"post","link":"https:\/\/www.enerjigazetesi.ist\/en\/intermodal-tasimaciligiyla-8-futbol-sahasi-buyuklugunde-yesil-alan-korundu\/","title":{"rendered":"(Turkish) Intermodal Ta\u015f\u0131mac\u0131l\u0131\u011f\u0131yla 8 Futbol Sahas\u0131 B\u00fcy\u00fckl\u00fc\u011f\u00fcnde Ye\u015fil Alan Korundu"},"content":{"rendered":"<p class=\"qtranxs-available-languages-message qtranxs-available-languages-message-en\">Sorry, this entry is only available in <a href=\"https:\/\/www.enerjigazetesi.ist\/tr\/wp-json\/wp\/v2\/posts\/143883\" class=\"qtranxs-available-language-link qtranxs-available-language-link-tr\" title=\"Turkish\">Turkish<\/a>. For the sake of viewer convenience, the content is shown below in the alternative language. You may click the link to switch the active language.<\/p><p><\/p>\n<h2><strong>REHAU<\/strong>\u00a0<strong>T\u00fcrkiye<\/strong>, manyetik \u015ferit y\u00fcklemelerinin b\u00fcy\u00fck \u00e7o\u011funlu\u011funu Almanya 95. b\u00f6lgede bulunan fabrikas\u0131ndan Bilecik\u2019teki fabrikas\u0131na ara\u00e7 de\u011fi\u015ftirmeden intermodal olarak sevk etmeye ba\u015flad\u0131. Bu y\u00f6ntem ile sadece 7 ay gibi bir s\u00fcrede CO2 gaz\u0131 sal\u0131m\u0131n\u0131n\u0131 azaltarak <strong>REHAU T\u00fcrkiye<\/strong> \u00e7evre dostu bak\u0131\u015f a\u00e7\u0131s\u0131n\u0131 bir kez daha g\u00f6stermi\u015f oldu.<\/h2>\n<p>Intermodal sistem ile yakla\u015f\u0131k <strong>7 ay<\/strong> gibi bir s\u00fcrede<strong> 606 bin 837 kg<\/strong> polimer ta\u015f\u0131yan <strong>REHAU<\/strong> <strong>T\u00fcrkiye<\/strong>, ula\u015f\u0131m\u0131n\u0131 <strong>56 bin 304 km<\/strong> azaltarak<strong> 19 bin 143 litre<\/strong> yak\u0131t tasarrufu sa\u011flad\u0131. Bu da <strong>51 bin 132 kg<\/strong> CO2 azal\u0131m\u0131 anlam\u0131na geliyor. Bu yeni sistem ile REHAU T\u00fcrkiye y\u0131ll\u0131k olarak bak\u0131ld\u0131\u011f\u0131nda ise y\u0131lda <strong>2.324 <img loading=\"lazy\" class=\"alignright wp-image-143885\" src=\"https:\/\/www.enerjigazetesi.ist\/wp-content\/uploads\/2021\/10\/intermodal-tasimaciligiyla-8-futbol-sahasi-buyuklugunde-yesil-alan-korundu-1.jpg\" alt=\"\" width=\"320\" height=\"240\" srcset=\"https:\/\/www.enerjigazetesi.ist\/wp-content\/uploads\/2021\/10\/intermodal-tasimaciligiyla-8-futbol-sahasi-buyuklugunde-yesil-alan-korundu-1.jpg 550w, https:\/\/www.enerjigazetesi.ist\/wp-content\/uploads\/2021\/10\/intermodal-tasimaciligiyla-8-futbol-sahasi-buyuklugunde-yesil-alan-korundu-1-300x225.jpg 300w, https:\/\/www.enerjigazetesi.ist\/wp-content\/uploads\/2021\/10\/intermodal-tasimaciligiyla-8-futbol-sahasi-buyuklugunde-yesil-alan-korundu-1-500x375.jpg 500w, https:\/\/www.enerjigazetesi.ist\/wp-content\/uploads\/2021\/10\/intermodal-tasimaciligiyla-8-futbol-sahasi-buyuklugunde-yesil-alan-korundu-1-67x50.jpg 67w\" sizes=\"(max-width: 320px) 100vw, 320px\" \/>a\u011fac\u0131n<\/strong> yani <strong>8 futbol sahas\u0131 ye\u015fil alan\u0131<\/strong> korumu\u015f oldu.<\/p>\n<p>Konuya ili\u015fkin a\u00e7\u0131klamalarda bulunan <strong>REHAU T\u00fcrkiye Stratejik Sat\u0131nalma Uzman\u0131 Alkan Karahan<\/strong>,<em> \u201cBiz marka olarak <strong>\u00e7evreye<\/strong> ve <strong>s\u00fcrd\u00fcr\u00fclebilirli\u011fe<\/strong> b\u00fcy\u00fck \u00f6nem veriyoruz. Ge\u00e7ti\u011fimiz y\u0131llarda <strong>S\u00fcrd\u00fcr\u00fclebilirlik ve \u0130klim Liderli\u011findeki 50 \u015eirket<\/strong>\u2019ten biri se\u00e7ildik. Ayr\u0131ca \u015firketlerin <strong>s\u00fcrd\u00fcr\u00fclebilirlik performans\u0131n\u0131 \u00e7evre, \u00e7al\u0131\u015fma, insan haklar\u0131, etik ve s\u00fcrd\u00fcr\u00fclebilir sat\u0131n alma<\/strong> kategorilerinde de\u011ferlendiren ba\u011f\u0131ms\u0131z derecelendirme kurulu\u015fu olan <strong>EcoVadis<\/strong>\u2019ten de <strong>alt\u0131n \u00f6d\u00fcl<\/strong> ald\u0131k. <strong>D\u00f6ng\u00fcsel ekonomiler<\/strong> s\u00f6z konusu oldu\u011funda \u015firket olarak her zaman <strong>\u00f6nc\u00fc<\/strong> ve <strong>lider<\/strong> olmak istiyoruz. Zaten <strong>2025 y\u0131l\u0131na<\/strong> kadar grup genelinde <strong>geri d\u00f6n\u00fc\u015f\u00fcm<\/strong> oran\u0131n\u0131 <strong>% 15&#8217;in<\/strong> olduk\u00e7a \u00fczerine \u00e7\u0131karmay\u0131 ve ayn\u0131 zamanda <strong>CO2 emisyonlar\u0131n\u0131<\/strong> en az <strong>% 30<\/strong> azaltmay\u0131 planl\u0131yoruz. Bu nedenle<strong> \u00e7evre<\/strong> ve <strong>s\u00fcrd\u00fcr\u00fclebilirlik<\/strong> konusu <strong>REHAU T\u00fcrkiye<\/strong> olarak i\u015f hedeflerimizin \u00f6ncelikleri aras\u0131nda yer al\u0131yor\u201d<\/em> ifadelerini kulland\u0131.<\/p>","protected":false},"excerpt":{"rendered":"<p>Sorry, this entry is only available in Turkish. For the sake of viewer convenience, the content is shown below in the alternative language. You may click the link to switch the active language. REHAU\u00a0T\u00fcrkiye, manyetik \u015ferit y\u00fcklemelerinin b\u00fcy\u00fck \u00e7o\u011funlu\u011funu Almanya 95. b\u00f6lgede bulunan fabrikas\u0131ndan Bilecik\u2019teki fabrikas\u0131na ara\u00e7 de\u011fi\u015ftirmeden intermodal olarak sevk etmeye ba\u015flad\u0131. Bu y\u00f6ntem [&hellip;]<\/p>\n","protected":false},"author":1,"featured_media":143886,"comment_status":"open","ping_status":"open","sticky":false,"template":"","format":"standard","meta":[],"categories":[53,52],"tags":[40039,97538,97541,97537,1296,97539,97540],"views":142,"_links":{"self":[{"href":"https:\/\/www.enerjigazetesi.ist\/en\/wp-json\/wp\/v2\/posts\/143883"}],"collection":[{"href":"https:\/\/www.enerjigazetesi.ist\/en\/wp-json\/wp\/v2\/posts"}],"about":[{"href":"https:\/\/www.enerjigazetesi.ist\/en\/wp-json\/wp\/v2\/types\/post"}],"author":[{"embeddable":true,"href":"https:\/\/www.enerjigazetesi.ist\/en\/wp-json\/wp\/v2\/users\/1"}],"replies":[{"embeddable":true,"href":"https:\/\/www.enerjigazetesi.ist\/en\/wp-json\/wp\/v2\/comments?post=143883"}],"version-history":[{"count":0,"href":"https:\/\/www.enerjigazetesi.ist\/en\/wp-json\/wp\/v2\/posts\/143883\/revisions"}],"wp:featuredmedia":[{"embeddable":true,"href":"https:\/\/www.enerjigazetesi.ist\/en\/wp-json\/wp\/v2\/media\/143886"}],"wp:attachment":[{"href":"https:\/\/www.enerjigazetesi.ist\/en\/wp-json\/wp\/v2\/media?parent=143883"}],"wp:term":[{"taxonomy":"category","embeddable":true,"href":"https:\/\/www.enerjigazetesi.ist\/en\/wp-json\/wp\/v2\/categories?post=143883"},{"taxonomy":"post_tag","embeddable":true,"href":"https:\/\/www.enerjigazetesi.ist\/en\/wp-json\/wp\/v2\/tags?post=143883"}],"curies":[{"name":"wp","href":"https:\/\/api.w.org\/{rel}","templated":true}]}}