{"id":143829,"date":"2021-10-13T10:48:12","date_gmt":"2021-10-13T07:48:12","guid":{"rendered":"https:\/\/www.enerjigazetesi.ist\/?p=143829"},"modified":"2021-10-13T10:51:16","modified_gmt":"2021-10-13T07:51:16","slug":"doga-da-450-yilda-cozunen-maskeler-gezegenimizi-artik-tehdit-etmeyecek","status":"publish","type":"post","link":"https:\/\/www.enerjigazetesi.ist\/en\/doga-da-450-yilda-cozunen-maskeler-gezegenimizi-artik-tehdit-etmeyecek\/","title":{"rendered":"(Turkish) Do\u011fada 450 Y\u0131lda \u00c7\u00f6z\u00fcnen Maskeler ile Gezegenimizi Korumak M\u00fcmk\u00fcn&#8230;"},"content":{"rendered":"<p class=\"qtranxs-available-languages-message qtranxs-available-languages-message-en\">Sorry, this entry is only available in <a href=\"https:\/\/www.enerjigazetesi.ist\/tr\/wp-json\/wp\/v2\/posts\/143829\" class=\"qtranxs-available-language-link qtranxs-available-language-link-tr\" title=\"Turkish\">Turkish<\/a>. For the sake of viewer convenience, the content is shown below in the alternative language. You may click the link to switch the active language.<\/p><p><\/p>\n<h2>Covid-19 hastal\u0131\u011f\u0131 ile m\u00fccadelede bireysel tedbirlerin ba\u015f\u0131nda gelen maskeler, \u00e7evresel boyutlar\u0131yla gezegenimizi tehdit ediyor. Okyanuslar\u0131n korunmas\u0131 i\u00e7in \u00e7al\u0131\u015fan OceansAsia\u2019n\u0131n raporuna g\u00f6re okyanuslarda yakla\u015f\u0131k 1,6 milyar maske y\u00fcz\u00fcyor ve tek bir maskenin tamamen yok olmas\u0131 450 y\u0131l s\u00fcr\u00fcyor. S\u00fcrd\u00fcr\u00fclebilir ya\u015fam i\u00e7in geri d\u00f6n\u00fc\u015ft\u00fcr\u00fclebilir hammaddelerden \u00fcretilen \u201c<strong>Nanofiber Filtre Medyas\u0131\u201d\u00a0<\/strong>ile<strong>\u00a0<\/strong>maskelerin art\u0131k \u00e7evresel bir sorun te\u015fkil etmeyece\u011fi a\u00e7\u0131kland\u0131.<\/h2>\n<p>D\u00fcnya genelinde g\u00f6r\u00fclen <strong>yeni tip koronavir\u00fcs hastal\u0131\u011f\u0131 (COVID-19)<\/strong> nedeniyle d\u00fcnya zor bir d\u00f6nemden ge\u00e7iyor. D\u00fcnya Sa\u011fl\u0131k \u00d6rg\u00fct\u00fc\u2019n\u00fcn de bir pandemi olarak kabul etti\u011fi <strong>Covid-19 hastal\u0131\u011f\u0131 ile m\u00fccadelede<\/strong> bireysel tedbirler hayati \u00f6nem ta\u015f\u0131yor. Bireysel tedbirlerin ba\u015f\u0131nda gelen <strong>maske, <img loading=\"lazy\" class=\"alignright wp-image-143831\" src=\"https:\/\/www.enerjigazetesi.ist\/wp-content\/uploads\/2021\/10\/doga-da-450-yilda-cozunen-maskeler-gezegenimizi-artik-tehdit-etmeyecek.jpg\" alt=\"\" width=\"320\" height=\"214\" srcset=\"https:\/\/www.enerjigazetesi.ist\/wp-content\/uploads\/2021\/10\/doga-da-450-yilda-cozunen-maskeler-gezegenimizi-artik-tehdit-etmeyecek.jpg 550w, https:\/\/www.enerjigazetesi.ist\/wp-content\/uploads\/2021\/10\/doga-da-450-yilda-cozunen-maskeler-gezegenimizi-artik-tehdit-etmeyecek-300x200.jpg 300w, https:\/\/www.enerjigazetesi.ist\/wp-content\/uploads\/2021\/10\/doga-da-450-yilda-cozunen-maskeler-gezegenimizi-artik-tehdit-etmeyecek-500x334.jpg 500w, https:\/\/www.enerjigazetesi.ist\/wp-content\/uploads\/2021\/10\/doga-da-450-yilda-cozunen-maskeler-gezegenimizi-artik-tehdit-etmeyecek-75x50.jpg 75w, https:\/\/www.enerjigazetesi.ist\/wp-content\/uploads\/2021\/10\/doga-da-450-yilda-cozunen-maskeler-gezegenimizi-artik-tehdit-etmeyecek-450x300.jpg 450w\" sizes=\"(max-width: 320px) 100vw, 320px\" \/><\/strong><strong>\u00e7evresel boyutlar\u0131yla<\/strong> gezegenimizi tehdit ediyor.<\/p>\n<h3><strong>Avrupa&#8217;da maskeden kaynakl\u0131 at\u0131k miktar\u0131 g\u00fcnde yakla\u015f\u0131k 445 milyon<\/strong><\/h3>\n<p>Koronavir\u00fcs salg\u0131n\u0131na kar\u015f\u0131 bir\u00e7ok \u00fclkede kamuya a\u00e7\u0131k alanlarda maske tak\u0131lmas\u0131n\u0131n zorunlu hale getirilmesi ile birlikte g\u00fcnde yakla\u015f\u0131k <strong>3.4 milyar<\/strong> tek kullan\u0131ml\u0131k y\u00fcz maskesinin at\u0131ld\u0131\u011f\u0131 tahmin ediliyor. Covid \u00f6ncesinde de <strong>\u00e7evreyi tehdit<\/strong> eden maskeler, pandemiyle birlikte ciddi bir <strong>at\u0131k sorununa<\/strong> neden oldu. Tahminlere g\u00f6re Avrupa&#8217;da <strong>maskeden kaynakl\u0131 at\u0131k miktar\u0131<\/strong> g\u00fcnde <strong>yakla\u015f\u0131k 445 milyon<\/strong>.<\/p>\n<h3><strong>T\u00fcrkiye\u2019de maskeden kaynakl\u0131 at\u0131k miktar\u0131 g\u00fcnde yakla\u015f\u0131k 6 milyon ton<\/strong><\/h3>\n<p><strong>84 milyon<\/strong> n\u00fcfuslu <em>T\u00fcrkiye<\/em>&#8216;de \u00a0ise maske kullan\u0131m oran\u0131n\u0131n <strong>y\u00fczde 80<\/strong>, at\u0131lan g\u00fcnl\u00fck y\u00fcz maskelerinin yakla\u015f\u0131k<strong> 51 milyon<\/strong> ve <strong>toplam plastik at\u0131k miktar\u0131n\u0131n<\/strong> ise yakla\u015f\u0131k<strong> 6 milyon ton<\/strong> oldu\u011fu tahmin ediliyor.<\/p>\n<h3><strong>Okyanuslarda yakla\u015f\u0131k 1,6 milyar maske y\u00fcz\u00fcyor<\/strong><\/h3>\n<p>Okyanuslar\u0131n korunmas\u0131 i\u00e7in \u00e7al\u0131\u015fan <strong>OceansAsia<\/strong>\u2019n\u0131n <strong>Aral\u0131k 2020<\/strong> tarihli<em> \u2018Masks on the Beach: The Impact of COVID-19 on <strong>Marine Plastic Pollution<\/strong>\u2019<\/em> ba\u015fl\u0131kl\u0131 raporuna g\u00f6re okyanuslarda yakla\u015f\u0131k <strong>1,6 milyar maske<\/strong> y\u00fcz\u00fcyor.<\/p>\n<h3><strong>Tek bir maskenin tamamen yok olmas\u0131 450 y\u0131l s\u00fcr\u00fcyor<\/strong><\/h3>\n<p>Raporda; maskelerin <strong>4 bin 680<\/strong> ila <strong>6 bin 240 ton<\/strong> aras\u0131nda<strong> deniz kirlili\u011fine yol a\u00e7t\u0131\u011f\u0131<\/strong> ve <strong>tek bir maskenin<\/strong> tamamen yok olmas\u0131n\u0131n <strong>450 y\u0131l kadar s\u00fcrece\u011fi<\/strong> belirtiliyor.<\/p>\n<h3><strong>\u00c7evre felaketi ile kar\u015f\u0131 kar\u015f\u0131yay\u0131z<\/strong><\/h3>\n<p>D\u00fcnya genelinde maskelerin<strong> nas\u0131l g\u00fcvenli bir \u015fekilde at\u0131laca\u011f\u0131<\/strong> ve <strong>geri d\u00f6n\u00fc\u015ft\u00fcr\u00fclece\u011fi<\/strong> konusunda \u00e7ok az rehberlik sa\u011flan\u0131yor. Bu konuda d\u00fcnyada iyi bir bertaraf uygulamas\u0131 olmad\u0131\u011f\u0131 i\u00e7in ciddi bir <strong>\u00e7evre felaketi<\/strong> ile kar\u015f\u0131 kar\u015f\u0131yay\u0131z.<\/p>\n<h3><strong>Hifyber\u2019\u0131n\u00a0<\/strong><em>\u201c<\/em><strong>Nanofiber Filtre Medyas\u0131\u201d\u00a0ile\u00a0maskeler, geri d\u00f6n\u00fc\u015ft\u00fcr\u00fclebiliyor<\/strong><\/h3>\n<p><strong>Abal\u0131o\u011flu Holding<\/strong> b\u00fcnyesinde faaliyet g\u00f6steren<strong> Hifyber<\/strong>, y\u00fcz maskesi \u00fcr\u00fcnleri i\u00e7in<strong> \u00e7evreci<\/strong> ve <strong>s\u00fcrd\u00fcr\u00fclebilir bir yakla\u015f\u0131m<\/strong> benimseyerek, geli\u015ftirdi\u011fi \u00e7evreci <em><strong>\u201c<\/strong><\/em><strong>Nanofiber Filtre Medyas\u0131\u201dn\u0131<\/strong>\u00a0 piyasaya s\u00fcrd\u00fc.<\/p>\n<p><strong>Hifyber Genel M\u00fcd\u00fcr\u00fc Ahmet \u00d6zbecetek,\u00a0<\/strong>yapt\u0131\u011f\u0131 a\u00e7\u0131klamada, \u00e7evredeki <strong>plastik at\u0131klar\u0131n azalt\u0131lmas\u0131<\/strong>n\u0131 y\u00f6n\u00fcnde \u00e7al\u0131\u015fmalar\u0131na h\u0131z kesmeden devam etiklerini ve bu kapsamda biyolojik olarak do\u011fada par\u00e7alanabilir \u00f6zellikte filtre medyas\u0131 geli\u015ftirdiklerini belirtti. <strong>\u00d6zbecetek<\/strong>: \u201c<em>Hifyber olarak\u00a0AR-GE \u00e7al\u0131\u015fmalar\u0131m\u0131z\u0131; \u201c\u00e7evreyi<\/em><strong>,\u00a0<\/strong><em>insan\u0131\u00a0ve\u00a0inovasyonu\u201d oda\u011f\u0131m\u0131za alarak y\u00fcr\u00fct\u00fcyoruz. Hifyber<\/em><strong>\u00a0<\/strong><em>y\u00fcz maskelerinde kullan\u0131lmak \u00fczere geli\u015ftirdi\u011fimiz \u201cNanofiber Filtre Medyas\u0131\u201dn\u0131 \u00e7evreye duydu\u011fumuz sorumluluk bilinci ile geri d\u00f6n\u00fc\u015ft\u00fcr\u00fclebilir hammaddelerden \u00fcretiyoruz.<\/em><\/p>\n<h3><strong>Maskelerin %90\u2019\u0131 uzun \u00f6m\u00fcrl\u00fc plastik malzemelerden \u00fcretiliyor<\/strong><\/h3>\n<p><em>D\u00fcnya genelinde yayg\u0131n olarak kullan\u0131lan maskelerin <strong>y\u00fczde 90<\/strong>\u2019\u0131 uzun \u00f6m\u00fcrl\u00fc plastik malzemelerden \u00fcretiliyor. Kullan\u0131m sonras\u0131 \u00e7evreye rastgele at\u0131lan bu maskeler<strong>, 450 y\u0131l<\/strong> \u00e7evrede kalarak; do\u011fay\u0131, canl\u0131lar\u0131 ve insan ya\u015fam\u0131n\u0131 tehdit ediyor. Hifyber olarak maskelerin \u00e7evresel bir tehdit olu\u015fturmas\u0131n\u0131 \u00f6nlemek amac\u0131yla yakla\u015f\u0131k bir y\u0131l s\u00fcren <strong>AR-GE \u00e7al\u0131\u015fmalar\u0131<\/strong>m\u0131z\u0131n sonunda geli\u015ftirdi\u011fimiz<strong> \u201cHF-BIO60 y\u00fcz maskesi filtrasyon katman\u0131\u201d<\/strong> ile<strong> \u00e7evre dostu<\/strong> bir yakla\u015f\u0131m benimsiyoruz.<\/em><\/p>\n<h3><strong>\u201cS\u00fcrd\u00fcr\u00fclebilir ya\u015fama katk\u0131 sa\u011fl\u0131yoruz\u201d<\/strong><\/h3>\n<p><em><strong>EN13432 standard\u0131<\/strong>na uygun olarak kontroll\u00fc ko\u015fullar alt\u0131nda,<strong> y\u00fcksek teknoloji nanofiberlerle<\/strong> birlikte <strong>biyolojik olarak<\/strong> par\u00e7alanabilen \u00fcr\u00fcn\u00fcm\u00fcz ile; <strong>\u00e7evre dostu<\/strong> bir \u015fekilde ya\u015famak, <strong>bireysel karbon ayak izini azaltmak<\/strong> ve <strong>gezegenimizi korumak<\/strong> isteyen herkese yard\u0131mc\u0131 olarak, s\u00fcrd\u00fcr\u00fclebilir ya\u015fama katk\u0131 sa\u011fl\u0131yoruz\u201d\u00a0<\/em>diyerek s\u00f6zlerini tamamlad\u0131.<\/p>\n<p><strong>HF-BIO60<\/strong> y\u00fcz maskesi <strong>filtrasyon katman\u0131<\/strong> ile maskelerde; <strong>N95, N99, FFP1, FFP2 <\/strong>ve<strong> FFP3<\/strong> gibi <strong>\u00e7e\u015fitli verimlilik seviyeleri<\/strong> elde edilebiliyor.<\/p>","protected":false},"excerpt":{"rendered":"<p>Sorry, this entry is only available in Turkish. For the sake of viewer convenience, the content is shown below in the alternative language. You may click the link to switch the active language. Covid-19 hastal\u0131\u011f\u0131 ile m\u00fccadelede bireysel tedbirlerin ba\u015f\u0131nda gelen maskeler, \u00e7evresel boyutlar\u0131yla gezegenimizi tehdit ediyor. Okyanuslar\u0131n korunmas\u0131 i\u00e7in \u00e7al\u0131\u015fan OceansAsia\u2019n\u0131n raporuna g\u00f6re okyanuslarda [&hellip;]<\/p>\n","protected":false},"author":1,"featured_media":143831,"comment_status":"open","ping_status":"open","sticky":false,"template":"","format":"standard","meta":[],"categories":[53,4],"tags":[40039,67254,97489,97494,97495,97496,97491,97492,97493,97488,97490,97497,4033,97498],"views":68,"_links":{"self":[{"href":"https:\/\/www.enerjigazetesi.ist\/en\/wp-json\/wp\/v2\/posts\/143829"}],"collection":[{"href":"https:\/\/www.enerjigazetesi.ist\/en\/wp-json\/wp\/v2\/posts"}],"about":[{"href":"https:\/\/www.enerjigazetesi.ist\/en\/wp-json\/wp\/v2\/types\/post"}],"author":[{"embeddable":true,"href":"https:\/\/www.enerjigazetesi.ist\/en\/wp-json\/wp\/v2\/users\/1"}],"replies":[{"embeddable":true,"href":"https:\/\/www.enerjigazetesi.ist\/en\/wp-json\/wp\/v2\/comments?post=143829"}],"version-history":[{"count":0,"href":"https:\/\/www.enerjigazetesi.ist\/en\/wp-json\/wp\/v2\/posts\/143829\/revisions"}],"wp:featuredmedia":[{"embeddable":true,"href":"https:\/\/www.enerjigazetesi.ist\/en\/wp-json\/wp\/v2\/media\/143831"}],"wp:attachment":[{"href":"https:\/\/www.enerjigazetesi.ist\/en\/wp-json\/wp\/v2\/media?parent=143829"}],"wp:term":[{"taxonomy":"category","embeddable":true,"href":"https:\/\/www.enerjigazetesi.ist\/en\/wp-json\/wp\/v2\/categories?post=143829"},{"taxonomy":"post_tag","embeddable":true,"href":"https:\/\/www.enerjigazetesi.ist\/en\/wp-json\/wp\/v2\/tags?post=143829"}],"curies":[{"name":"wp","href":"https:\/\/api.w.org\/{rel}","templated":true}]}}