{"id":143799,"date":"2021-10-12T17:30:57","date_gmt":"2021-10-12T14:30:57","guid":{"rendered":"https:\/\/www.enerjigazetesi.ist\/?p=143799"},"modified":"2021-10-12T17:30:57","modified_gmt":"2021-10-12T14:30:57","slug":"akkuyu-ngs-projesi-yerli-sanayiye-dinamizm-kazandiriyor","status":"publish","type":"post","link":"https:\/\/www.enerjigazetesi.ist\/en\/akkuyu-ngs-projesi-yerli-sanayiye-dinamizm-kazandiriyor\/","title":{"rendered":"(Turkish) &#8217;Akkuyu NGS Projesi&#8217; Yerli Sanayiye Dinamizm Kazand\u0131r\u0131yor"},"content":{"rendered":"<p class=\"qtranxs-available-languages-message qtranxs-available-languages-message-en\">Sorry, this entry is only available in <a href=\"https:\/\/www.enerjigazetesi.ist\/tr\/wp-json\/wp\/v2\/posts\/143799\" class=\"qtranxs-available-language-link qtranxs-available-language-link-tr\" title=\"Turkish\">Turkish<\/a>. For the sake of viewer convenience, the content is shown below in the alternative language. You may click the link to switch the active language.<\/p><p><\/p>\n<h2>Rusya Devlet Atom Enerjisi Kurumu Rosatom\u2019un yap\u0131m\u0131n\u0131 \u00fcstlendi\u011fi Akkuyu N\u00fckleer G\u00fc\u00e7 Santrali\u2019nin (NGS) yaratt\u0131\u011f\u0131 ekonomik canl\u0131l\u0131k dikkat \u00e7ekiyor. \u0130n\u015faat s\u00fcrecinde b\u00f6lgenin en b\u00fcy\u00fck istihdam merkezlerinden biri haline gelen proje, 400\u2019den fazla T\u00fcrk tedarik\u00e7i firman\u0131n yer ald\u0131\u011f\u0131 tedarik\u00e7i zinciri ile ba\u015far\u0131l\u0131 bir yerelle\u015ftirme \u00f6rne\u011fi olu\u015fturdu.<\/h2>\n<p>T\u00fcrkiye\u2019ye tek kalemde yap\u0131lan en b\u00fcy\u00fck yat\u0131r\u0131m olan <strong>Akkuyu NGS Projesi<\/strong>\u2019nin mal ve hizmet tedarikinin en az <strong>% 40<\/strong>\u2019\u0131n\u0131n yerli imk\u00e2nlardan kar\u015f\u0131lanmas\u0131 \u00f6ng\u00f6r\u00fcl\u00fcyor. Proje bu sayede hem <strong>yerli<\/strong> <strong>sanayiye<\/strong> dinamizm kazand\u0131r\u0131yor hem de \u00f6zellikle pandemi d\u00f6neminde <strong>\u00e7ok say\u0131da firmaya i\u015f <img loading=\"lazy\" class=\"alignright wp-image-143801\" src=\"https:\/\/www.enerjigazetesi.ist\/wp-content\/uploads\/2021\/10\/akkuyu-ngs-projesi-yerli-sanayiye-dinamizm-kazandiriyor-1.jpg\" alt=\"\" width=\"320\" height=\"180\" srcset=\"https:\/\/www.enerjigazetesi.ist\/wp-content\/uploads\/2021\/10\/akkuyu-ngs-projesi-yerli-sanayiye-dinamizm-kazandiriyor-1.jpg 550w, https:\/\/www.enerjigazetesi.ist\/wp-content\/uploads\/2021\/10\/akkuyu-ngs-projesi-yerli-sanayiye-dinamizm-kazandiriyor-1-300x169.jpg 300w, https:\/\/www.enerjigazetesi.ist\/wp-content\/uploads\/2021\/10\/akkuyu-ngs-projesi-yerli-sanayiye-dinamizm-kazandiriyor-1-500x282.jpg 500w, https:\/\/www.enerjigazetesi.ist\/wp-content\/uploads\/2021\/10\/akkuyu-ngs-projesi-yerli-sanayiye-dinamizm-kazandiriyor-1-80x45.jpg 80w\" sizes=\"(max-width: 320px) 100vw, 320px\" \/>imkan\u0131<\/strong> sunarak zorlu ekonomik ortamda firmalara can suyu oluyor.<\/p>\n<p>\u00c7al\u0131\u015fmalar\u0131n t\u00fcm h\u0131z\u0131yla s\u00fcrd\u00fc\u011f\u00fc projede, <strong>4\u2019\u00fcnc\u00fc \u00fcnitenin<\/strong> reakt\u00f6r binas\u0131n\u0131n <strong>in\u015fas\u0131, t\u00fcrbin binas\u0131, yard\u0131mc\u0131 reakt\u00f6r binas\u0131<\/strong> ve <strong>di\u011fer ana tesislerinin in\u015fas\u0131<\/strong> i\u00e7in ba\u015flayan<strong> \u00e7ukur kazma \u00e7al\u0131\u015fmalar\u0131 da<\/strong> devam ediyor. Bu y\u0131l sonuna kadar <strong>4\u2019\u00fcnc\u00fc \u00fcnitenin reakt\u00f6r<\/strong> ve <strong>t\u00fcrbin binalar\u0131n\u0131n<\/strong> temel plakalar\u0131 i\u00e7in beton d\u00f6kme i\u015flemine ba\u015flanmas\u0131 hedeflenen projenin, ayn\u0131 anda <strong>4 g\u00fc\u00e7 \u00fcnitesinde<\/strong> birden s\u00fcren \u00e7al\u0131\u015fmalarla d\u00fcnyan\u0131n en b\u00fcy\u00fck <strong>n\u00fckleer in\u015faat merkezi<\/strong> olaca\u011f\u0131 kaydediliyor.<\/p>\n<p>Her biri<strong> 1200 megavat<\/strong> kapasiteli <strong>4 reakt\u00f6rden<\/strong> y\u0131lda yakla\u015f\u0131k <strong>35 milyar kilowatt\/saat<\/strong> elektrik \u00fcretmesi planlanan santral, T\u00fcrkiye&#8217;nin y\u0131ll\u0131k elektrik talebinin yakla\u015f\u0131k<strong> y\u00fczde 10<\/strong>&#8216;unu kar\u015f\u0131layabilecek.<\/p>\n<h3><strong>\u00a0\u201cProjenin uzun y\u0131llar par\u00e7as\u0131 olmak istiyoruz\u201d<\/strong><\/h3>\n<p>2019 y\u0131l\u0131nda <strong>AECON<\/strong> ve <strong>DEMEKS M\u00fchendisli\u011fin birle\u015fmesi<\/strong> ile kurulan <strong>AECONDEMEKS<\/strong> de <strong>Akkuyu NGS Projesi<\/strong>\u2019ne <strong>mekanik<\/strong> ve <strong>elektrik taahh\u00fct i\u015fleri<\/strong> ile, sekt\u00f6rde<em> elektro-mekanik ve end\u00fcstriyel uygulama konular\u0131nda tasar\u0131m dan\u0131\u015fmanl\u0131\u011f\u0131, m\u00fchendislik ve m\u00fcteahhitlik hizmetleri<\/em> veriyor. <strong>\u201cAkkuyu NGS, T\u00fcrkiye i\u00e7in bir sembol projedir\u201d<\/strong> diyen Firma yetkilisi <strong>Atilla Evrensel<\/strong>, istikrarl\u0131 elektrik enerjisi kayna\u011f\u0131 sa\u011flayacak <strong>Akkuyu NGS<\/strong>\u2019nin hem b\u00f6lgenin hem T\u00fcrkiye\u2019nin sosyo-ekonomik kalk\u0131nmas\u0131na \u015fimdiden sa\u011flad\u0131\u011f\u0131 katk\u0131ya dikkat \u00e7ekti.<\/p>\n<p>Projeyi <strong>\u201cmihenk ta\u015f\u0131\u201d<\/strong> olarak nitelendiren Evrensel,<em> \u201cEnerji \u00e7a\u011f\u0131nday\u0131z ve bu \u00e7a\u011f\u0131n gerekleri var. Ayak uydurman\u0131z ve kendinizi yenilemeniz \u015fart. <strong>Akkuyu NGS Projesi<\/strong>\u2019nin \u00e7a\u011fa ayak uydurabilmemizin gerekliliklerinden biri oldu\u011funu d\u00fc\u015f\u00fcn\u00fcyoruz\u201d<\/em> dedi.<\/p>\n<p>Amac\u0131m\u0131z projenin <strong>in\u015fa<\/strong> ve<strong> i\u015fletme s\u00fcrecinde<\/strong> proje ve taahh\u00fct firmas\u0131 olarak teknik servis hizmetleri vererek uzun y\u0131llar bu projenin bir par\u00e7as\u0131 olabilmek\u201d \u015feklinde konu\u015fan Firma Yetkilisi Makine m\u00fchendisi Atilla Evrensel, proje kapsam\u0131nda verdikleri hizmetleri<span style=\"text-decoration: underline;\"> \u015f\u00f6yle s\u0131ralad\u0131:<\/span><em> \u201cS\u0131hhi tesisat, \u0131s\u0131tma ve so\u011futma, havaland\u0131rma, yang\u0131n s\u00f6nd\u00fcrme tesisat\u0131, su yumu\u015fatma sistemleri, pis su ve ya\u011fmur suyu ar\u0131tma sistemleri, g\u00fcne\u015f enerjisinden <strong>s\u0131cak su \u00fcretme sistemleri, yang\u0131n alg\u0131lama ve alarm sistemleri, bina otomasyon<\/strong> ve <strong>ayd\u0131nlatma sistemleri, telefon, data<\/strong> ve <strong>g\u00fcvenlik sistemleri<\/strong> ile ilgili <strong>proje, uygulama<\/strong> ve<strong> malzeme temini.<\/strong>\u201d<\/em><\/p>\n<h3><strong>\u201cB\u00f6lge ekonomisindeki de\u011fi\u015fimi g\u00f6zle g\u00f6rebilmek m\u00fcmk\u00fcn\u201d<\/strong><\/h3>\n<p>Projede <strong>12 binden fazla<\/strong> personelin \u00e7al\u0131\u015ft\u0131\u011f\u0131n\u0131, ciddi bir yerel personel istihdam\u0131 yaratt\u0131\u011f\u0131n\u0131 kaydeden Evrensel, projenin in\u015fa edildi\u011fi b\u00f6lgedeki de\u011fi\u015fimi ad\u0131m ad\u0131m izlediklerini ifade etti. \u00a0Projenin insan kayna\u011f\u0131 kapasitesini de g\u00fc\u00e7lendirdi\u011fini belirten Evrensel s\u00f6zlerini <span style=\"text-decoration: underline;\">\u015f\u00f6yle devam ettirdi:<\/span><\/p>\n<p><em>\u201cAkkuyu NGS T\u00fcrkiye\u2019nin en b\u00fcy\u00fck projelerinden biri. \u0130stihdam a\u00e7\u0131s\u0131ndan da \u00f6rnek te\u015fkil ediyor. Personellerin bir k\u0131sm\u0131 \u015fantiyede kurulu olan kamp alanlar\u0131nda bir k\u0131sm\u0131 ise b\u00f6lgede ikamet etmekte. Sadece \u00e7al\u0131\u015fmakta olan bu personellerin yeme i\u00e7me ve konaklamas\u0131 bile b\u00f6lge a\u00e7\u0131s\u0131ndan \u00e7ok ciddi bir katma de\u011fer sa\u011flamakta. Ek hizmet sekt\u00f6r\u00fcnde \u00e7al\u0131\u015fan ciddi bir yerel personel say\u0131s\u0131 olmakla beraber, b\u00f6lgedeki esnaf ve konut sekt\u00f6r\u00fc de projenin avantajlar\u0131ndan faydalan\u0131yor. \u0130\u015fe ba\u015flad\u0131\u011f\u0131m\u0131z 2019 y\u0131l\u0131ndan beri ge\u00e7en iki y\u0131ll\u0131k k\u0131sa bir s\u00fcrede b\u00f6lge ekonomisindeki de\u011fi\u015fimi g\u00f6zle g\u00f6rebilmek m\u00fcmk\u00fcn. Bu mutluluk verici bir durum. Bunun yan\u0131 s\u0131ra as\u0131l katk\u0131, santrale proje ve i\u015fletme a\u015famas\u0131nda hizmet sa\u011flayacak alt i\u015fletmelerin teknik ve ekonomik olarak g\u00f6stermi\u015f olduklar\u0131 geli\u015fimdir. Projenin ihtiya\u00e7lar\u0131na g\u00f6re yeti\u015fmi\u015f teknik personel, malzeme ve s\u00fcperviz\u00f6rl\u00fck hizmetleri ciddi bir sekt\u00f6r olu\u015fturuyor.\u201d<\/em><\/p>\n<h3><strong>\u201cN\u00fckleer enerji alan\u0131nda tecr\u00fcbe kazan\u0131yoruz\u201d<\/strong><\/h3>\n<p>N\u00fckleer enerji sekt\u00f6r\u00fcn\u00fcn daha \u00f6nce deneyimlemedikleri bir alan oldu\u011funu s\u00f6yleyen Evrensel\u2019in bu konudaki g\u00f6r\u00fc\u015fleri ise \u015f\u00f6yle: <em>\u201cBu sekt\u00f6r ile tan\u0131\u015fmak, bu alanda tecr\u00fcbe kazanmak her birimizi farkl\u0131 ve \u00f6zel k\u0131l\u0131yor. Ayn\u0131 zamanda rekabet anlam\u0131nda bir ad\u0131m \u00f6ne \u00e7\u0131kt\u0131\u011f\u0131m\u0131z\u0131n fark\u0131nday\u0131z. Gelecekteki proje ve i\u015flerimizde bu tecr\u00fcbenin avantajlar\u0131n\u0131 <strong>yurt i\u00e7i<\/strong> ve<strong> d\u0131\u015f\u0131<\/strong> i\u015flerimizde ya\u015fayaca\u011f\u0131m\u0131zdan eminiz. Pandemi s\u00fcreci t\u00fcm sekt\u00f6rleri derinden etkileyen bir s\u00fcre\u00e7 oldu. Bu tarz s\u00fcre\u00e7lerde veya benzer \u015fekilde ekonomik kriz d\u00f6nemlerinde, geli\u015fen piyasa \u015fartlar\u0131 nedeni ile daralan pazarda mevcut kadrolar\u0131n\u0131z\u0131 ve finans d\u00f6ng\u00fcn\u00fcz\u00fc koruyabilmek ciddi bir ba\u015far\u0131d\u0131r. <strong>Akkuyu NGS Projesi<\/strong> sayesinde biz s\u00fcreci k\u00fc\u00e7\u00fclmeden, hatta b\u00fcy\u00fcyerek atlatmay\u0131 ba\u015faran firmalardan olduk. Bu devasa projede yer alan firmalar pandemi etkilerini hissetmedi bile diyebiliriz.<\/em><\/p>\n<p><em><strong>Korona vir\u00fcse kar\u015f\u0131 t\u00fcm tedbirler<\/strong> hassasiyet ile al\u0131n\u0131yor. <strong>Yatakhane, yemekhane<\/strong> ve <strong>servislerde<\/strong> maksimum ki\u015fi say\u0131s\u0131 \u00f6nlemler kapsam\u0131nda gerekli mesafeyi sa\u011flayacak \u015fekilde d\u00fczenlendi. \u00c7al\u0131\u015fanlar\u0131n maske kullan\u0131m\u0131 zorunlu hale getirildi. Hijyen a\u00e7\u0131s\u0131ndan <strong>dezenfektan, kolonya, sabun<\/strong> ve <strong>su<\/strong> herkesin istedi\u011fi zaman ula\u015fabilece\u011fi miktarda gerekli g\u00f6r\u00fclen noktalarda art\u0131r\u0131ld\u0131. Bunlar\u0131n yan\u0131 s\u0131ra yeni i\u015fe ba\u015flayan \u00e7al\u0131\u015fanlar\u0131m\u0131z i\u015f sahas\u0131na girmeden \u00f6nce belirli bir s\u00fcre g\u00f6zlem alt\u0131nda tutuldular. Gerekli <strong>test<\/strong> ve<strong> s\u00fcre\u00e7<\/strong> tamamland\u0131ktan ve hastal\u0131k durumundan emin olunduktan sonra sahaya giri\u015fleri yap\u0131ld\u0131. Yine \u00e7al\u0131\u015fma esnas\u0131nda mevcut personellerde \u015f\u00fcpheli durumlar g\u00f6zlenirse <strong>hemen tecrit edilip<\/strong> ayn\u0131 \u015fekilde g\u00f6zlem alt\u0131na al\u0131nd\u0131lar ve t\u00fcm testleri yapt\u0131r\u0131ld\u0131. Saha i\u00e7erisinde <strong>a\u015f\u0131lama noktalar\u0131<\/strong> olu\u015fturuldu ve personeller a\u015f\u0131land\u0131. Biz de firma olarak bu \u00f6nlemlerin hepsini uyuyor ve uyguluyoruz.\u201d<\/em><\/p>","protected":false},"excerpt":{"rendered":"<p>Sorry, this entry is only available in Turkish. For the sake of viewer convenience, the content is shown below in the alternative language. You may click the link to switch the active language. Rusya Devlet Atom Enerjisi Kurumu Rosatom\u2019un yap\u0131m\u0131n\u0131 \u00fcstlendi\u011fi Akkuyu N\u00fckleer G\u00fc\u00e7 Santrali\u2019nin (NGS) yaratt\u0131\u011f\u0131 ekonomik canl\u0131l\u0131k dikkat \u00e7ekiyor. \u0130n\u015faat s\u00fcrecinde b\u00f6lgenin en [&hellip;]<\/p>\n","protected":false},"author":1,"featured_media":143802,"comment_status":"open","ping_status":"open","sticky":false,"template":"","format":"standard","meta":[],"categories":[51,53,43],"tags":[3019,13232,48024,97467,5070,3767],"views":315,"_links":{"self":[{"href":"https:\/\/www.enerjigazetesi.ist\/en\/wp-json\/wp\/v2\/posts\/143799"}],"collection":[{"href":"https:\/\/www.enerjigazetesi.ist\/en\/wp-json\/wp\/v2\/posts"}],"about":[{"href":"https:\/\/www.enerjigazetesi.ist\/en\/wp-json\/wp\/v2\/types\/post"}],"author":[{"embeddable":true,"href":"https:\/\/www.enerjigazetesi.ist\/en\/wp-json\/wp\/v2\/users\/1"}],"replies":[{"embeddable":true,"href":"https:\/\/www.enerjigazetesi.ist\/en\/wp-json\/wp\/v2\/comments?post=143799"}],"version-history":[{"count":0,"href":"https:\/\/www.enerjigazetesi.ist\/en\/wp-json\/wp\/v2\/posts\/143799\/revisions"}],"wp:featuredmedia":[{"embeddable":true,"href":"https:\/\/www.enerjigazetesi.ist\/en\/wp-json\/wp\/v2\/media\/143802"}],"wp:attachment":[{"href":"https:\/\/www.enerjigazetesi.ist\/en\/wp-json\/wp\/v2\/media?parent=143799"}],"wp:term":[{"taxonomy":"category","embeddable":true,"href":"https:\/\/www.enerjigazetesi.ist\/en\/wp-json\/wp\/v2\/categories?post=143799"},{"taxonomy":"post_tag","embeddable":true,"href":"https:\/\/www.enerjigazetesi.ist\/en\/wp-json\/wp\/v2\/tags?post=143799"}],"curies":[{"name":"wp","href":"https:\/\/api.w.org\/{rel}","templated":true}]}}