{"id":143687,"date":"2021-10-11T10:06:26","date_gmt":"2021-10-11T07:06:26","guid":{"rendered":"https:\/\/www.enerjigazetesi.ist\/?p=143687"},"modified":"2021-10-11T10:17:12","modified_gmt":"2021-10-11T07:17:12","slug":"2050-yilina-kadar-enerji-arzinin-yarisi-gunesten-karsilanmali","status":"publish","type":"post","link":"https:\/\/www.enerjigazetesi.ist\/en\/2050-yilina-kadar-enerji-arzinin-yarisi-gunesten-karsilanmali\/","title":{"rendered":"(Turkish) &#8221;2050 Y\u0131l\u0131na Kadar Enerji Arz\u0131n\u0131n Yar\u0131s\u0131 G\u00fcne\u015f&#8217;ten Kar\u015f\u0131lanmal\u0131&#8221;"},"content":{"rendered":"<p class=\"qtranxs-available-languages-message qtranxs-available-languages-message-en\">Sorry, this entry is only available in <a href=\"https:\/\/www.enerjigazetesi.ist\/tr\/wp-json\/wp\/v2\/posts\/143687\" class=\"qtranxs-available-language-link qtranxs-available-language-link-tr\" title=\"Turkish\">Turkish<\/a>. For the sake of viewer convenience, the content is shown below in the alternative language. You may click the link to switch the active language.<\/p><p><\/p>\n<h2>Amerika Birle\u015fik Devletleri&#8217;nde (ABD) Washington y\u00f6netimi, 2050&#8217;ye kadar \u00fclkenin enerji arz\u0131n\u0131n yar\u0131ya yak\u0131n\u0131n\u0131n g\u00fcne\u015f enerjisinden sa\u011flamas\u0131 gerekti\u011fini belirtti.<\/h2>\n<p><strong><img loading=\"lazy\" class=\"alignright wp-image-143692\" src=\"https:\/\/www.enerjigazetesi.ist\/wp-content\/uploads\/2021\/10\/2050-yilina-kadar-enerji-arzinin-yarisi-gunesten-karsilanmali-1.jpg\" alt=\"\" width=\"320\" height=\"240\" srcset=\"https:\/\/www.enerjigazetesi.ist\/wp-content\/uploads\/2021\/10\/2050-yilina-kadar-enerji-arzinin-yarisi-gunesten-karsilanmali-1.jpg 550w, https:\/\/www.enerjigazetesi.ist\/wp-content\/uploads\/2021\/10\/2050-yilina-kadar-enerji-arzinin-yarisi-gunesten-karsilanmali-1-300x225.jpg 300w, https:\/\/www.enerjigazetesi.ist\/wp-content\/uploads\/2021\/10\/2050-yilina-kadar-enerji-arzinin-yarisi-gunesten-karsilanmali-1-500x375.jpg 500w, https:\/\/www.enerjigazetesi.ist\/wp-content\/uploads\/2021\/10\/2050-yilina-kadar-enerji-arzinin-yarisi-gunesten-karsilanmali-1-67x50.jpg 67w\" sizes=\"(max-width: 320px) 100vw, 320px\" \/>Enerji Bakanl\u0131\u011f\u0131 (DOE)<\/strong> taraf\u0131ndan yay\u0131nlanan son raporda, hali haz\u0131rda \u00fclkenin enerji ihtiyac\u0131n\u0131n <strong>% 3<\/strong>&#8216;\u00fcn\u00fcn g\u00fcne\u015ften sa\u011fland\u0131\u011f\u0131, bu oran\u0131n <strong>2035 y\u0131l\u0131na<\/strong> kadar<strong> % 40<\/strong>&#8216;a, <strong>2050&#8217;ye<\/strong> kadar ise <strong>% 45<\/strong>&#8216;e y\u00fckselebilece\u011fi belirtildi.<\/p>\n<p>Bakanl\u0131k, bu hedeflere ula\u015fmaya y\u00f6nelik ABD&#8217;nin<strong>\u00a0y\u0131ll\u0131k g\u00fcne\u015f enerjisi<\/strong> i\u00e7in yap\u0131lan <strong>kapasite art\u0131r\u0131m<\/strong> yat\u0131r\u0131mlar\u0131n\u0131n <strong>4 kat\u0131na<\/strong> \u00e7\u0131kart\u0131lmas\u0131 gerekti\u011fine vurgu yaparken bu hedef i\u00e7in gereken di\u011fer bir \u015fart\u0131n da <strong>k\u00f6m\u00fcr<\/strong> ve<strong> do\u011fal gazdan<\/strong> elektrik elde etmek i\u00e7in kurulmu\u015f<strong> alt yap\u0131<\/strong> ve <strong>elektrik \u015febekelerine<\/strong> yap\u0131lan <strong>kamu yat\u0131r\u0131mlar\u0131n\u0131n noktalanmas\u0131<\/strong> ve <strong>karbon bazl\u0131<\/strong> enerji kullan\u0131m\u0131n\u0131 <strong>cayd\u0131r\u0131c\u0131 politikalara<\/strong> a\u011f\u0131rl\u0131k verilmesi oldu\u011funa da dikkat \u00e7ekti.<\/p>\n<p>Kaynak: <a href=\"https:\/\/tr.euronews.com\/2021\/09\/09\/abd-enerji-bakanl-g-2050-ye-kadar-enerji-arz-n-n-yar-s-gunes-ten-kars-lanmal\" target=\"_blank\" rel=\"noopener\">Euronews<\/a><\/p>","protected":false},"excerpt":{"rendered":"<p>Sorry, this entry is only available in Turkish. For the sake of viewer convenience, the content is shown below in the alternative language. You may click the link to switch the active language. Amerika Birle\u015fik Devletleri&#8217;nde (ABD) Washington y\u00f6netimi, 2050&#8217;ye kadar \u00fclkenin enerji arz\u0131n\u0131n yar\u0131ya yak\u0131n\u0131n\u0131n g\u00fcne\u015f enerjisinden sa\u011flamas\u0131 gerekti\u011fini belirtti. Enerji Bakanl\u0131\u011f\u0131 (DOE) taraf\u0131ndan [&hellip;]<\/p>\n","protected":false},"author":1,"featured_media":143692,"comment_status":"open","ping_status":"open","sticky":false,"template":"","format":"standard","meta":[],"categories":[51,53,49],"tags":[5070,1238,97407,2206,97409,7540,97408],"views":169,"_links":{"self":[{"href":"https:\/\/www.enerjigazetesi.ist\/en\/wp-json\/wp\/v2\/posts\/143687"}],"collection":[{"href":"https:\/\/www.enerjigazetesi.ist\/en\/wp-json\/wp\/v2\/posts"}],"about":[{"href":"https:\/\/www.enerjigazetesi.ist\/en\/wp-json\/wp\/v2\/types\/post"}],"author":[{"embeddable":true,"href":"https:\/\/www.enerjigazetesi.ist\/en\/wp-json\/wp\/v2\/users\/1"}],"replies":[{"embeddable":true,"href":"https:\/\/www.enerjigazetesi.ist\/en\/wp-json\/wp\/v2\/comments?post=143687"}],"version-history":[{"count":0,"href":"https:\/\/www.enerjigazetesi.ist\/en\/wp-json\/wp\/v2\/posts\/143687\/revisions"}],"wp:featuredmedia":[{"embeddable":true,"href":"https:\/\/www.enerjigazetesi.ist\/en\/wp-json\/wp\/v2\/media\/143692"}],"wp:attachment":[{"href":"https:\/\/www.enerjigazetesi.ist\/en\/wp-json\/wp\/v2\/media?parent=143687"}],"wp:term":[{"taxonomy":"category","embeddable":true,"href":"https:\/\/www.enerjigazetesi.ist\/en\/wp-json\/wp\/v2\/categories?post=143687"},{"taxonomy":"post_tag","embeddable":true,"href":"https:\/\/www.enerjigazetesi.ist\/en\/wp-json\/wp\/v2\/tags?post=143687"}],"curies":[{"name":"wp","href":"https:\/\/api.w.org\/{rel}","templated":true}]}}