{"id":143672,"date":"2021-10-10T21:29:30","date_gmt":"2021-10-10T18:29:30","guid":{"rendered":"https:\/\/www.enerjigazetesi.ist\/?p=143672"},"modified":"2021-10-10T21:37:40","modified_gmt":"2021-10-10T18:37:40","slug":"ankaranin-baskent-olusu-13-ekimde-haluk-levent-konseri-ile-kutlaniyor","status":"publish","type":"post","link":"https:\/\/www.enerjigazetesi.ist\/en\/ankaranin-baskent-olusu-13-ekimde-haluk-levent-konseri-ile-kutlaniyor\/","title":{"rendered":"(Turkish) Ankara\u2019n\u0131n Ba\u015fkent Olu\u015fu 13 Ekim&#8217;de Haluk Levent Konseri ile Kutlan\u0131yor!"},"content":{"rendered":"<p class=\"qtranxs-available-languages-message qtranxs-available-languages-message-en\">Sorry, this entry is only available in <a href=\"https:\/\/www.enerjigazetesi.ist\/tr\/wp-json\/wp\/v2\/posts\/143672\" class=\"qtranxs-available-language-link qtranxs-available-language-link-tr\" title=\"Turkish\">Turkish<\/a>. For the sake of viewer convenience, the content is shown below in the alternative language. You may click the link to switch the active language.<\/p><p><\/p>\n<h2><img loading=\"lazy\" class=\"alignright wp-image-143676\" src=\"https:\/\/www.enerjigazetesi.ist\/wp-content\/uploads\/2021\/10\/ankara-nin-baskent-olusu-13-ekimde-haluk-levent-konseri-ile-kutlaniyor.jpg\" alt=\"\" width=\"300\" height=\"300\" srcset=\"https:\/\/www.enerjigazetesi.ist\/wp-content\/uploads\/2021\/10\/ankara-nin-baskent-olusu-13-ekimde-haluk-levent-konseri-ile-kutlaniyor.jpg 550w, https:\/\/www.enerjigazetesi.ist\/wp-content\/uploads\/2021\/10\/ankara-nin-baskent-olusu-13-ekimde-haluk-levent-konseri-ile-kutlaniyor-300x300.jpg 300w, https:\/\/www.enerjigazetesi.ist\/wp-content\/uploads\/2021\/10\/ankara-nin-baskent-olusu-13-ekimde-haluk-levent-konseri-ile-kutlaniyor-150x150.jpg 150w, https:\/\/www.enerjigazetesi.ist\/wp-content\/uploads\/2021\/10\/ankara-nin-baskent-olusu-13-ekimde-haluk-levent-konseri-ile-kutlaniyor-400x400.jpg 400w, https:\/\/www.enerjigazetesi.ist\/wp-content\/uploads\/2021\/10\/ankara-nin-baskent-olusu-13-ekimde-haluk-levent-konseri-ile-kutlaniyor-50x50.jpg 50w, https:\/\/www.enerjigazetesi.ist\/wp-content\/uploads\/2021\/10\/ankara-nin-baskent-olusu-13-ekimde-haluk-levent-konseri-ile-kutlaniyor-100x100.jpg 100w, https:\/\/www.enerjigazetesi.ist\/wp-content\/uploads\/2021\/10\/ankara-nin-baskent-olusu-13-ekimde-haluk-levent-konseri-ile-kutlaniyor-500x500.jpg 500w\" sizes=\"(max-width: 300px) 100vw, 300px\" \/>Ankara&#8217;n\u0131n ba\u015fkent ilan olu\u015fu 98&#8217;inci y\u0131l\u0131nda b\u00fcy\u00fck bir co\u015fkuyla kutlan\u0131yor. Sevilen sanat\u00e7\u0131 Haluk Levent, 13 Ekim 2021 \u00c7ar\u015famba saat 20.00\u2019de G\u00f6lba\u015f\u0131 Atat\u00fcrk Sahil Park\u0131\u2019nda Ankaral\u0131larla bir araya geliyor.<\/h2>\n<p>Ankara, ba\u015fkent olu\u015funun <strong>98. Y\u0131l d\u00f6n\u00fcm\u00fcnde<\/strong> sevilen sanat\u00e7\u0131<strong> Haluk Levent<\/strong>\u2019i a\u011f\u0131rl\u0131yor. <strong>Mogan G\u00f6l\u00fc<\/strong> kenar\u0131nda <strong>13 Ekim co\u015fkusunu<\/strong> hep birlikte ya\u015famak i\u00e7in t\u00fcm Ankaral\u0131lar\u0131 konsere davet eden G\u00f6lba\u015f\u0131 Belediye Ba\u015fkan\u0131 Ramazan \u015eim\u015fek <span style=\"text-decoration: underline;\">yapt\u0131\u011f\u0131 a\u00e7\u0131klamada;<\/span><\/p>\n<p><em>\u201cAnkara\u2019m\u0131z\u0131n Ba\u015fkent olu\u015funun <strong>98. Y\u0131l\u0131n\u0131<\/strong> kutlayaca\u011f\u0131z. Ak\u015fam <strong>20.00\u2019<\/strong> da G\u00f6lba\u015f\u0131\u2019n\u0131n e\u015fsiz atmosferinde de\u011ferli sanat\u00e7\u0131m\u0131z Haluk Levent ile bu co\u015fkuyu ya\u015famak i\u00e7in b\u00fct\u00fcn Ankaral\u0131lar\u0131 G\u00f6lba\u015f\u0131 Atat\u00fcrk Sahil Park\u2019a bekliyoruz. Sa\u011fl\u0131k tedbirleri kapsam\u0131nda giri\u015flerde <strong>HES Kodu kontrol\u00fc<\/strong> yap\u0131lacak,<strong> maske<\/strong> ve <strong>hijyen kurallar\u0131na<\/strong> riayet edilecek\u201d<\/em> ifadelerini kulland\u0131.<\/p>","protected":false},"excerpt":{"rendered":"<p>Sorry, this entry is only available in Turkish. For the sake of viewer convenience, the content is shown below in the alternative language. You may click the link to switch the active language. Ankara&#8217;n\u0131n ba\u015fkent ilan olu\u015fu 98&#8217;inci y\u0131l\u0131nda b\u00fcy\u00fck bir co\u015fkuyla kutlan\u0131yor. Sevilen sanat\u00e7\u0131 Haluk Levent, 13 Ekim 2021 \u00c7ar\u015famba saat 20.00\u2019de G\u00f6lba\u015f\u0131 Atat\u00fcrk [&hellip;]<\/p>\n","protected":false},"author":1,"featured_media":143676,"comment_status":"open","ping_status":"open","sticky":false,"template":"","format":"standard","meta":[],"categories":[53,4],"tags":[97403,2674,97404,97405,97402,70511,97401,95438],"views":198,"_links":{"self":[{"href":"https:\/\/www.enerjigazetesi.ist\/en\/wp-json\/wp\/v2\/posts\/143672"}],"collection":[{"href":"https:\/\/www.enerjigazetesi.ist\/en\/wp-json\/wp\/v2\/posts"}],"about":[{"href":"https:\/\/www.enerjigazetesi.ist\/en\/wp-json\/wp\/v2\/types\/post"}],"author":[{"embeddable":true,"href":"https:\/\/www.enerjigazetesi.ist\/en\/wp-json\/wp\/v2\/users\/1"}],"replies":[{"embeddable":true,"href":"https:\/\/www.enerjigazetesi.ist\/en\/wp-json\/wp\/v2\/comments?post=143672"}],"version-history":[{"count":0,"href":"https:\/\/www.enerjigazetesi.ist\/en\/wp-json\/wp\/v2\/posts\/143672\/revisions"}],"wp:featuredmedia":[{"embeddable":true,"href":"https:\/\/www.enerjigazetesi.ist\/en\/wp-json\/wp\/v2\/media\/143676"}],"wp:attachment":[{"href":"https:\/\/www.enerjigazetesi.ist\/en\/wp-json\/wp\/v2\/media?parent=143672"}],"wp:term":[{"taxonomy":"category","embeddable":true,"href":"https:\/\/www.enerjigazetesi.ist\/en\/wp-json\/wp\/v2\/categories?post=143672"},{"taxonomy":"post_tag","embeddable":true,"href":"https:\/\/www.enerjigazetesi.ist\/en\/wp-json\/wp\/v2\/tags?post=143672"}],"curies":[{"name":"wp","href":"https:\/\/api.w.org\/{rel}","templated":true}]}}