{"id":143638,"date":"2021-10-10T05:06:54","date_gmt":"2021-10-10T02:06:54","guid":{"rendered":"https:\/\/www.enerjigazetesi.ist\/?p=143638"},"modified":"2021-10-10T05:07:17","modified_gmt":"2021-10-10T02:07:17","slug":"bembeyaz-in-turkiye-promiyeri-altin-portakal-da-gerceklesti","status":"publish","type":"post","link":"https:\/\/www.enerjigazetesi.ist\/en\/bembeyaz-in-turkiye-promiyeri-altin-portakal-da-gerceklesti\/","title":{"rendered":"(Turkish) &#8217;Bembeyaz&#8217;\u0131n T\u00fcrkiye Pr\u00f6miyeri Alt\u0131n Portakal\u2019da Ger\u00e7ekle\u015fti!"},"content":{"rendered":"<p class=\"qtranxs-available-languages-message qtranxs-available-languages-message-en\">Sorry, this entry is only available in <a href=\"https:\/\/www.enerjigazetesi.ist\/tr\/wp-json\/wp\/v2\/posts\/143638\" class=\"qtranxs-available-language-link qtranxs-available-language-link-tr\" title=\"Turkish\">Turkish<\/a>. For the sake of viewer convenience, the content is shown below in the alternative language. You may click the link to switch the active language.<\/p><p><\/p>\n<h2><strong>Necip \u00c7a\u011fhan \u00d6zdemir\u2019in yaz\u0131p y\u00f6netti\u011fi ilk uzun metraj filmi, ba\u015frollerini Mert F\u0131rat, Ece \u00c7e\u015fmio\u011flu ve \u0130nan\u00e7 Konuk\u00e7u\u2019nun payla\u015ft\u0131\u011f\u0131 <\/strong><strong><em>\u201cBembeyaz\u201d<\/em><\/strong><strong>, 06 Ekim \u00c7ar\u015famba ak\u015fam\u0131 58. Antalya Alt\u0131n Portakal Film Festivali galas\u0131nda T\u00fcrkiye pr\u00f6miyerini ger\u00e7ekle\u015ftirdi!<\/strong><strong> Ulusal Uzun Metraj Film Yar\u0131\u015fmas\u0131\u2019nda yer alan<\/strong><strong> filmin, 07 Ekim Per\u015fembe sabah\u0131 festival kapsam\u0131nda d\u00fczenlenen s\u00f6yle\u015fisi ise y\u00f6netmen ve senarist <\/strong><strong>Necip \u00c7a\u011fhan \u00d6zdemir, oyunculardan Kubilay Tun\u00e7er, Esra Erg\u00fcn, Kamer \u00c7elenk, <\/strong><strong>yap\u0131mc\u0131lardan <\/strong><strong>Ahmet Berk \u00d6zdemir,<\/strong><strong> Mustafa Karadeniz, ortak yap\u0131mc\u0131lardan U\u011fur Deniz Terzio\u011flu, genel koordinat\u00f6r Baran Do\u011fan, cast direkt\u00f6r\u00fc Harika Uygur ile sanat y\u00f6netmeni Osman \u00d6zcan\u2019\u0131n kat\u0131l\u0131m\u0131yla Muammer Brav moderat\u00f6rl\u00fc\u011f\u00fcnde ger\u00e7ekle\u015fti.<\/strong><\/h2>\n<p><strong>Vural (Mert F\u0131rat)<\/strong> 30\u2019lu ya\u015flar\u0131n\u0131n ortalar\u0131nda, <strong>ABD konsoloslu\u011fu&#8217;<\/strong>nun kar\u015f\u0131s\u0131nda pasaport foto\u011fraflar\u0131 \u00e7eken bir <strong>d\u00fckkan\u0131 kalp hastas\u0131<\/strong> babas\u0131 \u0130brahim ile birlikte \u00e7ekip \u00e7eviren, evli ve bir \u00e7ocuk <img loading=\"lazy\" class=\"alignright wp-image-143641\" src=\"https:\/\/www.enerjigazetesi.ist\/wp-content\/uploads\/2021\/10\/bembeyaz-in-turkiye-promiyeri-altin-portakal-da-gerceklesti.jpg\" alt=\"\" width=\"320\" height=\"193\" srcset=\"https:\/\/www.enerjigazetesi.ist\/wp-content\/uploads\/2021\/10\/bembeyaz-in-turkiye-promiyeri-altin-portakal-da-gerceklesti.jpg 508w, https:\/\/www.enerjigazetesi.ist\/wp-content\/uploads\/2021\/10\/bembeyaz-in-turkiye-promiyeri-altin-portakal-da-gerceklesti-300x181.jpg 300w, https:\/\/www.enerjigazetesi.ist\/wp-content\/uploads\/2021\/10\/bembeyaz-in-turkiye-promiyeri-altin-portakal-da-gerceklesti-500x301.jpg 500w, https:\/\/www.enerjigazetesi.ist\/wp-content\/uploads\/2021\/10\/bembeyaz-in-turkiye-promiyeri-altin-portakal-da-gerceklesti-80x48.jpg 80w\" sizes=\"(max-width: 320px) 100vw, 320px\" \/>babas\u0131, <strong>dindar bir aileden<\/strong> gelen bir adamd\u0131r. Her f\u0131rsatta<strong> o\u011fluna do\u011fruyu<\/strong> ve <strong>iyiyi \u00f6\u011f\u00fctleyen<\/strong> bu adam\u0131n herkesten saklad\u0131\u011f\u0131 bir s\u0131rr\u0131 vard\u0131r: Ayn\u0131 mahallede oturan <strong>Sonay (Ece \u00c7e\u015fmio\u011flu)<\/strong> ile ili\u015fkisi. Bunal\u0131mda olan Sonay\u2019dan \u00f6\u011frenmek \u00fczere oldu\u011fu \u015fey ise t\u00fcm hayat\u0131n\u0131 bir daha eskisi gibi olmayacak \u015fekilde de\u011fi\u015ftirecektir.<\/p>\n<p><strong>Necip \u00c7a\u011fhan \u00d6zdemir<\/strong>\u2019in senaryosunu yazd\u0131\u011f\u0131 ve y\u00f6netmenli\u011fini \u00fcstlendi\u011fi <strong>Ganador Productions <\/strong>yap\u0131m\u0131 <strong><em>\u201cBembeyaz\u201d<\/em><\/strong>\u0131n ba\u015frollerini <strong>Mert F\u0131rat, Ece \u00c7e\u015fmio\u011flu<\/strong> ve <strong>\u0130nan\u00e7<\/strong> <strong>Konuk\u00e7u<\/strong> payla\u015f\u0131yor. Filmin oyuncu kadrosunda ayn\u0131 zamanda <strong>R\u0131za Ak\u0131n, Kubilay Tun\u00e7er,\u00a0 Esra Erg\u00fcn, Sarp Tan\u0131\u015f, Gonca K\u00fc\u00e7\u00fckardal\u0131, Erdem Kaynarca, Kamer \u00c7elenk, Sencar Sa\u011fd\u0131\u00e7, Koray Can Yana\u015f\u0131k, Ayd\u0131n Yap\u0131c\u0131<\/strong> ve <strong>Ece Ertez<\/strong> rol al\u0131yor. <strong><em>\u201cBembeyaz\u201d<\/em><\/strong>\u0131n yap\u0131mc\u0131l\u0131\u011f\u0131n\u0131 Ahmet Berk \u00d6zdemir, Necip \u00c7a\u011fhan \u00d6zdemir, Mustafa Karadeniz, Selami Onur ve Arzu \u015eelale Seyhan \u00fcstleniyor.<\/p>\n<p><strong>D\u00fcnya pr\u00f6miyeri<\/strong>ni haziran ay\u0131nda<strong> \u00c7in\u2019de<\/strong> d\u00fczenlenen<strong> 24. Uluslararas\u0131 \u015eanghay Film Festivali Ana Yar\u0131\u015fmas\u0131 <\/strong>kapsam\u0131nda yapan <strong><em>\u201cBembeyaz\u201d<\/em><\/strong>, <strong>58. Antalya Alt\u0131n Portakal Film Festivali<\/strong>\u2019nin ard\u0131ndan <strong>21 Ekim-3 Kas\u0131m 2021<\/strong> tarihlerinde Brezilya\u2019da ger\u00e7ekle\u015fecek <strong>Sao Paulo Uluslararas\u0131 Film Festivali<\/strong>\u2019nde yolculu\u011funa devam edecek.<\/p>","protected":false},"excerpt":{"rendered":"<p>Sorry, this entry is only available in Turkish. For the sake of viewer convenience, the content is shown below in the alternative language. You may click the link to switch the active language. Necip \u00c7a\u011fhan \u00d6zdemir\u2019in yaz\u0131p y\u00f6netti\u011fi ilk uzun metraj filmi, ba\u015frollerini Mert F\u0131rat, Ece \u00c7e\u015fmio\u011flu ve \u0130nan\u00e7 Konuk\u00e7u\u2019nun payla\u015ft\u0131\u011f\u0131 \u201cBembeyaz\u201d, 06 Ekim \u00c7ar\u015famba [&hellip;]<\/p>\n","protected":false},"author":1,"featured_media":143641,"comment_status":"open","ping_status":"open","sticky":false,"template":"","format":"standard","meta":[],"categories":[53,4],"tags":[97173,97372,97085,97370,97371,96763,97369],"views":185,"_links":{"self":[{"href":"https:\/\/www.enerjigazetesi.ist\/en\/wp-json\/wp\/v2\/posts\/143638"}],"collection":[{"href":"https:\/\/www.enerjigazetesi.ist\/en\/wp-json\/wp\/v2\/posts"}],"about":[{"href":"https:\/\/www.enerjigazetesi.ist\/en\/wp-json\/wp\/v2\/types\/post"}],"author":[{"embeddable":true,"href":"https:\/\/www.enerjigazetesi.ist\/en\/wp-json\/wp\/v2\/users\/1"}],"replies":[{"embeddable":true,"href":"https:\/\/www.enerjigazetesi.ist\/en\/wp-json\/wp\/v2\/comments?post=143638"}],"version-history":[{"count":0,"href":"https:\/\/www.enerjigazetesi.ist\/en\/wp-json\/wp\/v2\/posts\/143638\/revisions"}],"wp:featuredmedia":[{"embeddable":true,"href":"https:\/\/www.enerjigazetesi.ist\/en\/wp-json\/wp\/v2\/media\/143641"}],"wp:attachment":[{"href":"https:\/\/www.enerjigazetesi.ist\/en\/wp-json\/wp\/v2\/media?parent=143638"}],"wp:term":[{"taxonomy":"category","embeddable":true,"href":"https:\/\/www.enerjigazetesi.ist\/en\/wp-json\/wp\/v2\/categories?post=143638"},{"taxonomy":"post_tag","embeddable":true,"href":"https:\/\/www.enerjigazetesi.ist\/en\/wp-json\/wp\/v2\/tags?post=143638"}],"curies":[{"name":"wp","href":"https:\/\/api.w.org\/{rel}","templated":true}]}}