{"id":143560,"date":"2021-10-08T11:01:26","date_gmt":"2021-10-08T08:01:26","guid":{"rendered":"https:\/\/www.enerjigazetesi.ist\/?p=143560"},"modified":"2021-10-08T11:01:26","modified_gmt":"2021-10-08T08:01:26","slug":"sedas-yatirim-icin-kocaeli-ne-216-milyon-tllik-kaynak-ayirdi","status":"publish","type":"post","link":"https:\/\/www.enerjigazetesi.ist\/en\/sedas-yatirim-icin-kocaeli-ne-216-milyon-tllik-kaynak-ayirdi\/","title":{"rendered":"(Turkish) &#8217;SEDA\u015e&#8217; Yat\u0131r\u0131m \u0130\u00e7in Kocaeli\u2019ne 216 Milyon TL&#8217;lik Kaynak Ay\u0131rd\u0131"},"content":{"rendered":"<p class=\"qtranxs-available-languages-message qtranxs-available-languages-message-en\">Sorry, this entry is only available in <a href=\"https:\/\/www.enerjigazetesi.ist\/tr\/wp-json\/wp\/v2\/posts\/143560\" class=\"qtranxs-available-language-link qtranxs-available-language-link-tr\" title=\"Turkish\">Turkish<\/a>. For the sake of viewer convenience, the content is shown below in the alternative language. You may click the link to switch the active language.<\/p><p><\/p>\n<h2><strong>SEDA\u015e\u2019\u0131n Kocaeli\u2019ne ba\u011fl\u0131 11 il\u00e7esinde y\u0131l sonuna kadar tamamlanmas\u0131 planlanan yat\u0131r\u0131m ve bak\u0131m \u00e7al\u0131\u015fmalar\u0131 aral\u0131ks\u0131z devam ediyor. SEDA\u015e Y\u00f6netim Kurulu ve \u0130cra Ba\u015fkan\u0131 Dr. Necmi Odyakmaz, 216 milyon TL kaynak ayr\u0131lan b\u00f6lgedeki yat\u0131r\u0131mlar\u0131n s\u00fcrece\u011fi mesaj\u0131n\u0131 verdi.<\/strong><\/h2>\n<p>20 bin kilometrekarelik alandaki 3,7 milyon n\u00fcfusa hizmet veren <strong>Sakarya Elektrik Da\u011f\u0131t\u0131m A.\u015e. (SEDA\u015e)<\/strong>, Kocaeli\u2019ndeki yat\u0131r\u0131m \u00e7al\u0131\u015fmalar\u0131n\u0131 ger\u00e7ekle\u015ftiriyor. Kentteki ihtiya\u00e7lara g\u00f6re haz\u0131rlanan programda <strong>\u0130zmit, Gebze, Kartepe, G\u00f6lc\u00fck, Karam\u00fcrsel, Kand\u0131ra, \u00c7ay\u0131rova, Dar\u0131ca, Derince, K\u00f6rfez<\/strong> ve <strong>Ba\u015fiskele<\/strong> il\u00e7elerinde bu y\u0131l\u0131n sonuna kadar<strong> kapasite art\u0131r\u0131m\u0131, \u015febeke <img loading=\"lazy\" class=\"alignright wp-image-143563\" src=\"https:\/\/www.enerjigazetesi.ist\/wp-content\/uploads\/2021\/10\/sedas-yatirim-icin-kocaeli-ne-216-milyon-tllik-kaynak-ayirdi-1.jpg\" alt=\"\" width=\"320\" height=\"205\" srcset=\"https:\/\/www.enerjigazetesi.ist\/wp-content\/uploads\/2021\/10\/sedas-yatirim-icin-kocaeli-ne-216-milyon-tllik-kaynak-ayirdi-1.jpg 550w, https:\/\/www.enerjigazetesi.ist\/wp-content\/uploads\/2021\/10\/sedas-yatirim-icin-kocaeli-ne-216-milyon-tllik-kaynak-ayirdi-1-300x193.jpg 300w, https:\/\/www.enerjigazetesi.ist\/wp-content\/uploads\/2021\/10\/sedas-yatirim-icin-kocaeli-ne-216-milyon-tllik-kaynak-ayirdi-1-500x321.jpg 500w, https:\/\/www.enerjigazetesi.ist\/wp-content\/uploads\/2021\/10\/sedas-yatirim-icin-kocaeli-ne-216-milyon-tllik-kaynak-ayirdi-1-78x50.jpg 78w\" sizes=\"(max-width: 320px) 100vw, 320px\" \/>yenileme<\/strong> ve <strong>ana hatlarda devam eden<\/strong> yeralt\u0131 \u00e7al\u0131\u015fmalar\u0131n\u0131n tamamlanmas\u0131 planlan\u0131yor. 1 milyondan fazla ki\u015finin ya\u015fad\u0131\u011f\u0131 b\u00f6lgede s\u00fcrd\u00fcr\u00fclen yat\u0131r\u0131m\u0131n de\u011feri ise <strong>216 milyon TL<\/strong> oldu.<\/p>\n<h3><strong>Odyakmaz projeleri ayr\u0131nt\u0131lar\u0131yla anlatt\u0131<\/strong><\/h3>\n<p>Y\u00f6netim Kurulu ve \u0130cra Ba\u015fkan\u0131 Dr. Necmi Odyakmaz, katma de\u011ferli projelerle SEDA\u015e\u2019\u0131n hizmet b\u00f6lgesine katk\u0131 sa\u011flamay\u0131 hedeflediklerini s\u00f6yleyerek <span style=\"text-decoration: underline;\">\u015funlar\u0131 kaydetti;<\/span> <em>\u201c\u00dclkemizin \u00f6nemli sanayi kurulu\u015flar\u0131na ev sahipli\u011fi yapan <strong>Kocaeli\u2019nin<\/strong> en g\u00fcncel ihtiya\u00e7lar\u0131n\u0131 ara\u015ft\u0131rarak m\u00fc\u015fterilerin beklentilerini kar\u015f\u0131layacak yat\u0131r\u0131m plan\u0131m\u0131za ara vermeden t\u00fcm g\u00fcc\u00fcm\u00fczle devam ediyoruz. Kentimize hem istihdam olanaklar\u0131 hem ekonomik fayda yaratan <strong>Gebze<\/strong> ba\u015fta olmak \u00fczere, <strong>11 il\u00e7emizde<\/strong> ayn\u0131 anda kapsaml\u0131 bir \u00e7al\u0131\u015fma y\u00fcr\u00fct\u00fcyoruz. Sahadaki ekiplerimiz <strong>508 kilometreyi<\/strong> a\u015fk\u0131n <strong>kablo-iletken \u00e7ekimi<\/strong> ve <strong>4 bin 500 adet direk montaj\u0131<\/strong>n\u0131 ger\u00e7ekle\u015ftiriyorlar. \u0130lk etapta an itibar\u0131yla \u015febeke yenileme, yeni alternatif \u015febeke tesisi, kapasite art\u0131\u015f\u0131 ve hatlarda g\u00fcvenlik mesafesi d\u00fczenlemesi gibi \u00e7al\u0131\u015fmalar s\u00fcrd\u00fcr\u00fcyoruz. Bu b\u00f6lgelerde k\u00f6yler de dahil olmak \u00fczere enerji hatlar\u0131 ile trafolarda yenileme ve bak\u0131m faaliyetlerimizde yap\u0131l\u0131yor. Bunlara destekleyici nitelikteki ek tesis projelerimizi de y\u0131l sonuna kadar devreye alarak ilave 45 adet beton k\u00f6\u015fk tipi trafo ve yakla\u015f\u0131k 90 tane direk tipi trafo tesisini Kocaelililerin hizmetine sunaca\u011f\u0131z\u201d<\/em>. Odyakmaz, devam eden projelerin m\u00fc\u015fteri memnuniyetini art\u0131rmay\u0131 ama\u00e7lad\u0131\u011f\u0131n\u0131 ifade ederek \u00f6n\u00fcm\u00fczdeki d\u00f6nemlerde de yat\u0131r\u0131mlar\u0131n s\u00fcrece\u011fini s\u00f6zlerine ekledi.<\/p>\n<h3><strong>\u0130\u015f g\u00fcvenli\u011fi ve operasyonda s\u00fcreklilik i\u00e7in planl\u0131 kesintiler<\/strong><\/h3>\n<p>Elektrik hizmetinde s\u00fcreklili\u011fi sa\u011flamay\u0131 ve kentte artan enerji talebini kar\u015f\u0131lamay\u0131 hedefleyen \u00e7al\u0131\u015fmalar\u0131n enerjili hatta yap\u0131labilmesinin m\u00fcmk\u00fcn olmamas\u0131 nedeniyle planl\u0131 kesintilere ba\u015fvuruluyor. M\u00fc\u015fterilerin elektrik ihtiyac\u0131n\u0131 kar\u015f\u0131lamak ad\u0131na zorunluluk ta\u015f\u0131yan planl\u0131 kesintilerde, <strong>can <\/strong>ve<strong> mal g\u00fcvenli\u011fini koruyabilmek<\/strong> i\u00e7in hatlardaki <strong>enerji devre d\u0131\u015f\u0131 b\u0131rak\u0131larak<\/strong> \u00f6nceden belirtilen s\u00fcre \u00e7er\u00e7evesinde <strong>planl\u0131 elektrik kesintisi<\/strong> ger\u00e7ekle\u015ftiriliyor. Bu sayede, <strong>yat\u0131r\u0131m<\/strong> ve <strong>bak\u0131m<\/strong> <strong>i\u015flemlerinin<\/strong> emniyetli bi\u00e7imde yap\u0131labilirken, <strong>\u015febekelerde de teknik s\u00fcrd\u00fcr\u00fclebilirlik<\/strong> sa\u011flan\u0131yor.<\/p>\n<h3><strong>48 saat \u00f6nceden duyuru yap\u0131l\u0131yor<\/strong><\/h3>\n<p>Teknik ve d\u0131\u015f etmenlerden kaynakl\u0131 kesintilerin \u00f6n\u00fcne ge\u00e7ebilmek i\u00e7in yap\u0131lan \u00e7al\u0131\u015fmalarda planl\u0131 kesinti yap\u0131lacak b\u00f6lgelerin isimleri, <strong>48 saat<\/strong> \u00f6nceden <strong>SEDA\u015e<\/strong> web sitesinden duyuruluyor. Ayr\u0131ca, m\u00fc\u015fteriler sistemde <strong>kay\u0131tl\u0131 bulunan telefon numaralar\u0131<\/strong>na <strong>SMS g\u00f6nderilerek<\/strong> bilgilendiriliyor.<\/p>","protected":false},"excerpt":{"rendered":"<p>Sorry, this entry is only available in Turkish. For the sake of viewer convenience, the content is shown below in the alternative language. You may click the link to switch the active language. SEDA\u015e\u2019\u0131n Kocaeli\u2019ne ba\u011fl\u0131 11 il\u00e7esinde y\u0131l sonuna kadar tamamlanmas\u0131 planlanan yat\u0131r\u0131m ve bak\u0131m \u00e7al\u0131\u015fmalar\u0131 aral\u0131ks\u0131z devam ediyor. SEDA\u015e Y\u00f6netim Kurulu ve \u0130cra [&hellip;]<\/p>\n","protected":false},"author":1,"featured_media":143564,"comment_status":"open","ping_status":"open","sticky":false,"template":"","format":"standard","meta":[],"categories":[51,53],"tags":[43766,15016,29819,1254,56856,34604,2444,97302],"views":142,"_links":{"self":[{"href":"https:\/\/www.enerjigazetesi.ist\/en\/wp-json\/wp\/v2\/posts\/143560"}],"collection":[{"href":"https:\/\/www.enerjigazetesi.ist\/en\/wp-json\/wp\/v2\/posts"}],"about":[{"href":"https:\/\/www.enerjigazetesi.ist\/en\/wp-json\/wp\/v2\/types\/post"}],"author":[{"embeddable":true,"href":"https:\/\/www.enerjigazetesi.ist\/en\/wp-json\/wp\/v2\/users\/1"}],"replies":[{"embeddable":true,"href":"https:\/\/www.enerjigazetesi.ist\/en\/wp-json\/wp\/v2\/comments?post=143560"}],"version-history":[{"count":0,"href":"https:\/\/www.enerjigazetesi.ist\/en\/wp-json\/wp\/v2\/posts\/143560\/revisions"}],"wp:featuredmedia":[{"embeddable":true,"href":"https:\/\/www.enerjigazetesi.ist\/en\/wp-json\/wp\/v2\/media\/143564"}],"wp:attachment":[{"href":"https:\/\/www.enerjigazetesi.ist\/en\/wp-json\/wp\/v2\/media?parent=143560"}],"wp:term":[{"taxonomy":"category","embeddable":true,"href":"https:\/\/www.enerjigazetesi.ist\/en\/wp-json\/wp\/v2\/categories?post=143560"},{"taxonomy":"post_tag","embeddable":true,"href":"https:\/\/www.enerjigazetesi.ist\/en\/wp-json\/wp\/v2\/tags?post=143560"}],"curies":[{"name":"wp","href":"https:\/\/api.w.org\/{rel}","templated":true}]}}