{"id":143543,"date":"2021-10-07T21:13:27","date_gmt":"2021-10-07T18:13:27","guid":{"rendered":"https:\/\/www.enerjigazetesi.ist\/?p=143543"},"modified":"2021-10-07T21:15:02","modified_gmt":"2021-10-07T18:15:02","slug":"elektrikli-ve-hibrit-araclari-ile-mg-turkiyedeki-buyumesini-surduruyor","status":"publish","type":"post","link":"https:\/\/www.enerjigazetesi.ist\/en\/elektrikli-ve-hibrit-araclari-ile-mg-turkiyedeki-buyumesini-surduruyor\/","title":{"rendered":"(Turkish) Elektrikli ve Hibrit Ara\u00e7lar\u0131 ile &#8216;MG&#8217; T\u00fcrkiye\u2019deki B\u00fcy\u00fcmesini S\u00fcrd\u00fcr\u00fcyor&#8230;"},"content":{"rendered":"<p class=\"qtranxs-available-languages-message qtranxs-available-languages-message-en\">Sorry, this entry is only available in <a href=\"https:\/\/www.enerjigazetesi.ist\/tr\/wp-json\/wp\/v2\/posts\/143543\" class=\"qtranxs-available-language-link qtranxs-available-language-link-tr\" title=\"Turkish\">Turkish<\/a>. For the sake of viewer convenience, the content is shown below in the alternative language. You may click the link to switch the active language.<\/p><p><\/p>\n<h2><strong>Avrupa\u2019da sat\u0131\u015flar\u0131 5 kat artan, 2021\u2019de ilk 6 aydaki sat\u0131\u015flar\u0131 21.000 adede ula\u015fan ve \u00f6zellikle elektrikli modelleriyle dikkatleri \u00fczerine \u00e7eken MG, Bursa\u2019n\u0131n g\u00fc\u00e7l\u00fc bayilerinden Ceketciler Otomotiv\u2019in de kat\u0131l\u0131m\u0131yla bayi a\u011f\u0131n\u0131 daha da g\u00fc\u00e7lendirmi\u015f olurken <\/strong><strong>Avrupa ile paralel h\u0131zl\u0131 b\u00fcy\u00fcmesini s\u00fcrd\u00fcren MG T\u00fcrkiye\u2019deki 6\u2019nc\u0131, Avrupa\u2019daki 407\u2019nci noktas\u0131na Bursa\u2019da Ceketciler Otomotiv ile kavu\u015ftu.<\/strong><\/h2>\n<p>\u00dclkemizde Do\u011fan Holding \u00e7at\u0131s\u0131 alt\u0131nda faaliyet g\u00f6steren <strong>Do\u011fan Trend Otomotiv<\/strong> taraf\u0131ndan temsil edilen efsanevi \u0130ngiliz otomobillerin \u00fcreticisi MG, yenilik\u00e7i \u00fcr\u00fcn yelpazesiyle T\u00fcrkiye\u2019deki bayi a\u011f\u0131n\u0131 geni\u015fletmeye devam ediyor.<\/p>\n<p><img loading=\"lazy\" class=\"alignright wp-image-143545\" src=\"https:\/\/www.enerjigazetesi.ist\/wp-content\/uploads\/2021\/10\/elektrikli-ve-hibrit-araclari-ile-mg-turkiyedeki-buyumesini-surduruyor-2.jpg\" alt=\"\" width=\"320\" height=\"214\" srcset=\"https:\/\/www.enerjigazetesi.ist\/wp-content\/uploads\/2021\/10\/elektrikli-ve-hibrit-araclari-ile-mg-turkiyedeki-buyumesini-surduruyor-2.jpg 550w, https:\/\/www.enerjigazetesi.ist\/wp-content\/uploads\/2021\/10\/elektrikli-ve-hibrit-araclari-ile-mg-turkiyedeki-buyumesini-surduruyor-2-300x200.jpg 300w, https:\/\/www.enerjigazetesi.ist\/wp-content\/uploads\/2021\/10\/elektrikli-ve-hibrit-araclari-ile-mg-turkiyedeki-buyumesini-surduruyor-2-500x334.jpg 500w, https:\/\/www.enerjigazetesi.ist\/wp-content\/uploads\/2021\/10\/elektrikli-ve-hibrit-araclari-ile-mg-turkiyedeki-buyumesini-surduruyor-2-75x50.jpg 75w, https:\/\/www.enerjigazetesi.ist\/wp-content\/uploads\/2021\/10\/elektrikli-ve-hibrit-araclari-ile-mg-turkiyedeki-buyumesini-surduruyor-2-450x300.jpg 450w\" sizes=\"(max-width: 320px) 100vw, 320px\" \/>Do\u011fan Holding Otomotiv Grubu CEO&#8217;su <strong>Ka\u011fan Da\u011ftekin<\/strong>, MG\u2019nin \u00fclke \u00e7ap\u0131nda <strong>elektrikli ara\u00e7lar pazar\u0131nda<\/strong> yayg\u0131nla\u015fmas\u0131na katk\u0131 sa\u011flad\u0131\u011f\u0131n\u0131 vurgulayarak; <em>\u201cT\u00fcm T\u00fcrkiye\u2019de sat\u0131\u015fa sunuldu\u011fu g\u00fcnden itibaren \u00f6nemli bir sat\u0131\u015f adedine ula\u015fan ve elektrikli otomobil segmentinde<strong> %15<\/strong> pay elde eden MG markas\u0131, <strong>Bursal\u0131 Ceketciler Otomotiv<\/strong>\u2019in de aileye kat\u0131lmas\u0131yla <strong>Marmara B\u00f6lgesi\u2019nde<\/strong> b\u00fcy\u00fck bir g\u00fc\u00e7 kazanm\u0131\u015f oldu. Bu a\u00e7\u0131l\u0131\u015f MG markas\u0131 i\u00e7in olduk\u00e7a \u00f6nemli bir ad\u0131m. Otomotivin ba\u015fkenti <strong>Bursa\u2019ya<\/strong> yak\u0131\u015fan bir tesise kavu\u015ftu\u011fumuz i\u00e7in \u00e7ok memnunuz\u201d<\/em> dedi.<\/p>\n<p>Konu\u015fmas\u0131nda Bursa\u2019n\u0131n otomotiv sekt\u00f6r\u00fcndeki \u00f6nemine de de\u011finen Da\u011ftekin,<em> \u201cBursa, T\u00fcrkiye otomotiv pazar\u0131nda en y\u00fcksek paya sahip olan illerimizden birisi. Ayr\u0131ca en fazla elektrikli otomobilin sat\u0131ld\u0131\u011f\u0131 <strong>4&#8217;\u00fcnc\u00fc il<\/strong> olarak <strong>T\u00fcrkiye\u2019deki elektrikli d\u00f6n\u00fc\u015f\u00fcme<\/strong> \u00f6nderlik ediyor. Bursal\u0131lar\u0131n elektrikli otomobile olan talebi bizi olduk\u00e7a \u015fa\u015f\u0131rtt\u0131 ve ald\u0131\u011f\u0131m\u0131z bu enerji ile yeni tesisi a\u00e7mak \u00fczere Ceketciler Ailesi ile birlikte \u00e7al\u0131\u015ft\u0131k.<strong> Ceketciler Ailesi<\/strong>\u2019ne bu yat\u0131r\u0131m i\u00e7in <strong>Do\u011fan Trend Otomotiv<\/strong> olarak te\u015fekk\u00fcr ederiz. 2021 y\u0131l\u0131nda T\u00fcrkiye pazar\u0131na \u00e7ok h\u0131zl\u0131 bir giri\u015f yapan markam\u0131z, <strong>Do\u011fan Trend Otomotiv<\/strong>\u2019in g\u00fcc\u00fc ve g\u00fcvencesi ile t\u00fcm T\u00fcrkiye\u2019de <strong>yetkili sat\u0131\u015f<\/strong> ve <strong>servis a\u011f\u0131n\u0131<\/strong> geni\u015fletmeyi s\u00fcrd\u00fcrecektir. MG olarak yenilik\u00e7i modellerimizle \u00fclkemizde <strong>elektrikli ara\u00e7lar pazar\u0131n\u0131n<\/strong> b\u00fcy\u00fcmesine de katk\u0131da bulunmaya devam edece\u011fiz\u201d<\/em> ifadelerine yer verdi.<\/p>","protected":false},"excerpt":{"rendered":"<p>Sorry, this entry is only available in Turkish. For the sake of viewer convenience, the content is shown below in the alternative language. You may click the link to switch the active language. Avrupa\u2019da sat\u0131\u015flar\u0131 5 kat artan, 2021\u2019de ilk 6 aydaki sat\u0131\u015flar\u0131 21.000 adede ula\u015fan ve \u00f6zellikle elektrikli modelleriyle dikkatleri \u00fczerine \u00e7eken MG, Bursa\u2019n\u0131n [&hellip;]<\/p>\n","protected":false},"author":1,"featured_media":143546,"comment_status":"open","ping_status":"open","sticky":false,"template":"","format":"standard","meta":[],"categories":[51,53],"tags":[97296,97297,30187,54965,97298,97295],"views":153,"_links":{"self":[{"href":"https:\/\/www.enerjigazetesi.ist\/en\/wp-json\/wp\/v2\/posts\/143543"}],"collection":[{"href":"https:\/\/www.enerjigazetesi.ist\/en\/wp-json\/wp\/v2\/posts"}],"about":[{"href":"https:\/\/www.enerjigazetesi.ist\/en\/wp-json\/wp\/v2\/types\/post"}],"author":[{"embeddable":true,"href":"https:\/\/www.enerjigazetesi.ist\/en\/wp-json\/wp\/v2\/users\/1"}],"replies":[{"embeddable":true,"href":"https:\/\/www.enerjigazetesi.ist\/en\/wp-json\/wp\/v2\/comments?post=143543"}],"version-history":[{"count":0,"href":"https:\/\/www.enerjigazetesi.ist\/en\/wp-json\/wp\/v2\/posts\/143543\/revisions"}],"wp:featuredmedia":[{"embeddable":true,"href":"https:\/\/www.enerjigazetesi.ist\/en\/wp-json\/wp\/v2\/media\/143546"}],"wp:attachment":[{"href":"https:\/\/www.enerjigazetesi.ist\/en\/wp-json\/wp\/v2\/media?parent=143543"}],"wp:term":[{"taxonomy":"category","embeddable":true,"href":"https:\/\/www.enerjigazetesi.ist\/en\/wp-json\/wp\/v2\/categories?post=143543"},{"taxonomy":"post_tag","embeddable":true,"href":"https:\/\/www.enerjigazetesi.ist\/en\/wp-json\/wp\/v2\/tags?post=143543"}],"curies":[{"name":"wp","href":"https:\/\/api.w.org\/{rel}","templated":true}]}}