{"id":143531,"date":"2021-10-07T20:40:05","date_gmt":"2021-10-07T17:40:05","guid":{"rendered":"https:\/\/www.enerjigazetesi.ist\/?p=143531"},"modified":"2021-10-07T20:42:32","modified_gmt":"2021-10-07T17:42:32","slug":"okul-tirasi-altin-portakaldaki-galada-ilk-kez-turkiyede-izleyiciyle-bulustu","status":"publish","type":"post","link":"https:\/\/www.enerjigazetesi.ist\/en\/okul-tirasi-altin-portakaldaki-galada-ilk-kez-turkiyede-izleyiciyle-bulustu\/","title":{"rendered":"(Turkish) &#8217;Okul T\u0131ra\u015f\u0131&#8217; Alt\u0131n Portakal Galas\u0131nda \u0130lk Kez T\u00fcrkiye\u2019de \u0130zleyiciyle Bulu\u015ftu"},"content":{"rendered":"<p class=\"qtranxs-available-languages-message qtranxs-available-languages-message-en\">Sorry, this entry is only available in <a href=\"https:\/\/www.enerjigazetesi.ist\/tr\/wp-json\/wp\/v2\/posts\/143531\" class=\"qtranxs-available-language-link qtranxs-available-language-link-tr\" title=\"Turkish\">Turkish<\/a>. For the sake of viewer convenience, the content is shown below in the alternative language. You may click the link to switch the active language.<\/p><p><\/p>\n<h2><strong>Ferit Karahan\u2019\u0131n, uluslararas\u0131 festivallerden \u00f6d\u00fcller toplamay\u0131 s\u00fcrd\u00fcren yeni filmi <em>\u201cOkul T\u0131ra\u015f\u0131\u201d<\/em>, 05 Ekim 2021 Sal\u0131 ak\u015fam\u0131 58. Antalya Alt\u0131n Portakal Film Festivali <\/strong><strong>Ulusal Uzun Metraj Film Yar\u0131\u015fmas\u0131\u2019ndaki galas\u0131yla <\/strong><strong>ilk kez T\u00fcrkiye\u2019de izleyiciyle bulu\u015ftu.<\/strong> 0<strong>6 Ekim \u00c7ar\u015famba sabah\u0131 ger\u00e7ekle\u015fen s\u00f6yle\u015fide ise y\u00f6netmen Ferit Karahan, senaryoyu Karahan\u2019la birlikte yazan G\u00fclistan Acet, yap\u0131mc\u0131 Kanat Do\u011framac\u0131, ortak yap\u0131mc\u0131 Tudor Alexandru Craciun, genel koordinat\u00f6r Ekin Zeytinler, ba\u015frol oyuncular\u0131ndan Cansu F\u0131r\u0131nc\u0131, Melih Sel\u00e7uk ve Samet Y\u0131ld\u0131z, Muammer Brav moderat\u00f6rl\u00fc\u011f\u00fcnde sinemaseverlerle bir araya geldi. <\/strong><\/h2>\n<p><strong><em>\u201cOk<\/em><\/strong><strong><em>ul<\/em><\/strong><strong><em> T\u0131ra\u015f\u0131\u201d<\/em><\/strong>, <strong>bask\u0131<\/strong> ve <strong>disiplinin<\/strong> yo\u011fun oldu\u011fu bir yat\u0131l\u0131 okulda hastalanan arkada\u015f\u0131n\u0131 doktora g\u00f6t\u00fcrmeye \u00e7al\u0131\u015fan; fakat okulun b\u00fcrokrasisini, idarenin vurdumduymazl\u0131\u011f\u0131n\u0131 ve zor co\u011frafi ko\u015fullar\u0131 a\u015fmak zorunda olan <strong>Yusuf\u2019un dokunakl\u0131 hik\u00e2yesi<\/strong>&#8230; Ba\u015frollerini <strong>Ekin Ko\u00e7, Mahir \u0130pek, Cansu<\/strong> <strong>F\u0131r\u0131nc\u0131<\/strong>, <strong>Melih Sel\u00e7uk<\/strong> ile birlikte \u00e7ocuk oyuncu <strong>Samet Y\u0131ld\u0131z<\/strong>\u2019\u0131n payla\u015ft\u0131\u011f\u0131 filmin kadrosunda yer alan di\u011fer \u00e7ocuk oyuncular ise, \u00e7ekimlerin yap\u0131ld\u0131\u011f\u0131 Van\u2019\u0131n Bah\u00e7esaray il\u00e7esinde b\u00f6lgenin yerel halk\u0131ndan <img loading=\"lazy\" class=\"alignright wp-image-143533\" src=\"https:\/\/www.enerjigazetesi.ist\/wp-content\/uploads\/2021\/10\/okul-tirasi-altin-portakaldaki-galada-ilk-kez-turkiyede-izleyiciyle-bulustu-2.jpg\" alt=\"\" width=\"320\" height=\"153\" srcset=\"https:\/\/www.enerjigazetesi.ist\/wp-content\/uploads\/2021\/10\/okul-tirasi-altin-portakaldaki-galada-ilk-kez-turkiyede-izleyiciyle-bulustu-2.jpg 513w, https:\/\/www.enerjigazetesi.ist\/wp-content\/uploads\/2021\/10\/okul-tirasi-altin-portakaldaki-galada-ilk-kez-turkiyede-izleyiciyle-bulustu-2-300x144.jpg 300w, https:\/\/www.enerjigazetesi.ist\/wp-content\/uploads\/2021\/10\/okul-tirasi-altin-portakaldaki-galada-ilk-kez-turkiyede-izleyiciyle-bulustu-2-500x240.jpg 500w, https:\/\/www.enerjigazetesi.ist\/wp-content\/uploads\/2021\/10\/okul-tirasi-altin-portakaldaki-galada-ilk-kez-turkiyede-izleyiciyle-bulustu-2-80x38.jpg 80w\" sizes=\"(max-width: 320px) 100vw, 320px\" \/>se\u00e7ildi. <strong>Ferit Karahan<\/strong>\u2019\u0131n <strong>G\u00fclistan Acet <\/strong>ile birlikte kaleme ald\u0131\u011f\u0131 senaryo, y\u00f6netmenin kendi hayat\u0131ndan da izler ta\u015f\u0131yor. Edit\u00f6rl\u00fc\u011f\u00fcn\u00fc <strong>Sercan Sezgin<\/strong>\u2019in ve <strong>Hayedeh Safiyari<\/strong>\u2019nin, g\u00f6r\u00fcnt\u00fc y\u00f6netmenli\u011fini <strong>T\u00fcrksoy G\u00f6lebeyi<\/strong>\u2019nin yapt\u0131\u011f\u0131 filmin d\u00fcnya da\u011f\u0131t\u0131m\u0131n\u0131 ise \u0130talya merkezli <strong>Intramovies<\/strong> \u00fcstleniyor.<\/p>\n<p><strong>71. Berlin Uluslararas\u0131 Film Festivali<\/strong>\u2019nde <strong>FIPRESCI \u00d6d\u00fcl\u00fc <\/strong><strong><em>\u201cOkul<\/em><em> T\u0131ra\u015f\u0131\u201d<\/em><\/strong>, <strong>38. Uluslararas\u0131 <\/strong><strong>Fecr Film Festivali<\/strong>\u2019nde<strong> En \u0130yi Senaryo \u00d6d\u00fcl\u00fc<\/strong>, <strong>36. Uluslararas\u0131 Valencia Film Festivali CINEMA JOVE<\/strong>\u2019da <strong>En \u0130yi Film<\/strong> ve<strong> En \u0130yi Seyirci \u00d6d\u00fcl\u00fc<\/strong>, <strong>28. Avrupa Film Festivali Pali\u0107\u2019<\/strong>te <strong>En \u0130yi Y\u00f6netmen \u00d6d\u00fcl\u00fc<\/strong>,<strong> 11. Atl\u00e1ntida Film Festivali<\/strong>\u2019nde <strong>Ele\u015ftirmenler \u00d6d\u00fcl\u00fc<\/strong>,<strong> 17. Uluslararas\u0131 Kazan M\u00fcsl\u00fcman Filmleri Festivali\u2019<\/strong>nde <strong>En \u0130yi Erkek Oyuncu \u00d6d\u00fcl\u00fc<\/strong> ve <strong>En \u0130yi Y\u00f6netmen<\/strong> <strong>\u00d6d\u00fcl\u00fc<\/strong>, <strong>37. Hayfa Uluslararas\u0131 Film Festivali<\/strong>\u2019nde <strong>J\u00fcri \u00d6zel \u00d6d\u00fcl\u00fc<\/strong>, <strong>2021<\/strong> <strong>Ourense Uluslararas\u0131 Film Festivali<\/strong>\u2019nde ise <strong>En \u0130yi Y\u00f6netmen \u00d6d\u00fcl\u00fc <\/strong>kazand\u0131.<\/p>\n<p><strong>Asteros Film <\/strong>yap\u0131m\u0131<strong> <em>\u201cOkul<\/em><em> T\u0131ra\u015f\u0131\u201d<\/em><\/strong>, Alt\u0131n Portakal\u2019\u0131n yan\u0131 s\u0131ra farkl\u0131 \u00fclkelerde uluslararas\u0131 festivallerde yar\u0131\u015fmaya ve g\u00f6sterimlerini ger\u00e7ekle\u015ftirmeye devam ediyor&#8230;<\/p>","protected":false},"excerpt":{"rendered":"<p>Sorry, this entry is only available in Turkish. For the sake of viewer convenience, the content is shown below in the alternative language. You may click the link to switch the active language. Ferit Karahan\u2019\u0131n, uluslararas\u0131 festivallerden \u00f6d\u00fcller toplamay\u0131 s\u00fcrd\u00fcren yeni filmi \u201cOkul T\u0131ra\u015f\u0131\u201d, 05 Ekim 2021 Sal\u0131 ak\u015fam\u0131 58. Antalya Alt\u0131n Portakal Film Festivali [&hellip;]<\/p>\n","protected":false},"author":1,"featured_media":143537,"comment_status":"open","ping_status":"open","sticky":false,"template":"","format":"standard","meta":[],"categories":[53,4],"tags":[97173,97289,94129,94124,94125,97288,97290],"views":235,"_links":{"self":[{"href":"https:\/\/www.enerjigazetesi.ist\/en\/wp-json\/wp\/v2\/posts\/143531"}],"collection":[{"href":"https:\/\/www.enerjigazetesi.ist\/en\/wp-json\/wp\/v2\/posts"}],"about":[{"href":"https:\/\/www.enerjigazetesi.ist\/en\/wp-json\/wp\/v2\/types\/post"}],"author":[{"embeddable":true,"href":"https:\/\/www.enerjigazetesi.ist\/en\/wp-json\/wp\/v2\/users\/1"}],"replies":[{"embeddable":true,"href":"https:\/\/www.enerjigazetesi.ist\/en\/wp-json\/wp\/v2\/comments?post=143531"}],"version-history":[{"count":0,"href":"https:\/\/www.enerjigazetesi.ist\/en\/wp-json\/wp\/v2\/posts\/143531\/revisions"}],"wp:featuredmedia":[{"embeddable":true,"href":"https:\/\/www.enerjigazetesi.ist\/en\/wp-json\/wp\/v2\/media\/143537"}],"wp:attachment":[{"href":"https:\/\/www.enerjigazetesi.ist\/en\/wp-json\/wp\/v2\/media?parent=143531"}],"wp:term":[{"taxonomy":"category","embeddable":true,"href":"https:\/\/www.enerjigazetesi.ist\/en\/wp-json\/wp\/v2\/categories?post=143531"},{"taxonomy":"post_tag","embeddable":true,"href":"https:\/\/www.enerjigazetesi.ist\/en\/wp-json\/wp\/v2\/tags?post=143531"}],"curies":[{"name":"wp","href":"https:\/\/api.w.org\/{rel}","templated":true}]}}