{"id":143460,"date":"2021-10-07T11:03:40","date_gmt":"2021-10-07T08:03:40","guid":{"rendered":"https:\/\/www.enerjigazetesi.ist\/?p=143460"},"modified":"2021-10-07T11:04:36","modified_gmt":"2021-10-07T08:04:36","slug":"mesleki-teknik-anadolu-liseleri-ndeki-atolye-yenilemeleri-ile-egitime-destek","status":"publish","type":"post","link":"https:\/\/www.enerjigazetesi.ist\/en\/mesleki-teknik-anadolu-liseleri-ndeki-atolye-yenilemeleri-ile-egitime-destek\/","title":{"rendered":"(Turkish) Mesleki Teknik Liselerindeki At\u00f6lye Yenilemeleri ile E\u011fitime Destek!"},"content":{"rendered":"<p class=\"qtranxs-available-languages-message qtranxs-available-languages-message-en\">Sorry, this entry is only available in <a href=\"https:\/\/www.enerjigazetesi.ist\/tr\/wp-json\/wp\/v2\/posts\/143460\" class=\"qtranxs-available-language-link qtranxs-available-language-link-tr\" title=\"Turkish\">Turkish<\/a>. For the sake of viewer convenience, the content is shown below in the alternative language. You may click the link to switch the active language.<\/p><p><\/p>\n<h2><strong>Bosch Termoteknik Akademi, Antalya Konyaalt\u0131 Baht\u0131l\u0131 Mesleki ve Teknik Anadolu Lisesi ve Mu\u015f Rekabet Kurumu Mesleki ve Teknik Anadolu Lisesi\u2019nde yeni uygulama at\u00f6lyelerini kullan\u0131ma sundu.<\/strong><\/h2>\n<p>T\u00fcrkiye Cumhuriyeti Milli E\u011fitim Bakanl\u0131\u011f\u0131 Mesleki ve Teknik E\u011fitim Genel M\u00fcd\u00fcrl\u00fc\u011f\u00fc ile Bosch Termoteknik aras\u0131nda yap\u0131lan <strong>Mesleki E\u011fitim \u0130\u015f Birli\u011fi Protokol\u00fc<\/strong> kapsam\u0131nda Bosch Termoteknik Akademi, e\u011fitime verdi\u011fi desteklerle \u00f6\u011frencilerin daha kapsaml\u0131 ve kaliteli uygulamal\u0131 e\u011fitim almalar\u0131na <img loading=\"lazy\" class=\"alignright wp-image-143462\" src=\"https:\/\/www.enerjigazetesi.ist\/wp-content\/uploads\/2021\/10\/mesleki-teknik-anadolu-liseleri-ndeki-atolye-yenilemeleri-ile-egitime-destek-1.jpg\" alt=\"\" width=\"320\" height=\"186\" srcset=\"https:\/\/www.enerjigazetesi.ist\/wp-content\/uploads\/2021\/10\/mesleki-teknik-anadolu-liseleri-ndeki-atolye-yenilemeleri-ile-egitime-destek-1.jpg 550w, https:\/\/www.enerjigazetesi.ist\/wp-content\/uploads\/2021\/10\/mesleki-teknik-anadolu-liseleri-ndeki-atolye-yenilemeleri-ile-egitime-destek-1-300x174.jpg 300w, https:\/\/www.enerjigazetesi.ist\/wp-content\/uploads\/2021\/10\/mesleki-teknik-anadolu-liseleri-ndeki-atolye-yenilemeleri-ile-egitime-destek-1-500x290.jpg 500w, https:\/\/www.enerjigazetesi.ist\/wp-content\/uploads\/2021\/10\/mesleki-teknik-anadolu-liseleri-ndeki-atolye-yenilemeleri-ile-egitime-destek-1-80x46.jpg 80w\" sizes=\"(max-width: 320px) 100vw, 320px\" \/>ve <strong>kalifiye insan kayna\u011f\u0131n\u0131n yeti\u015ftirilmesi<\/strong>ne katk\u0131da bulunmay\u0131 hedefliyor. Bosch Termoteknik Akademi; e\u011fitim kurumlar\u0131na verdi\u011fi hizmet i\u00e7i e\u011fitim, \u00f6\u011fretim ama\u00e7l\u0131 cihaz ve g\u00f6rsel materyal destekleri haricinde, <strong>Milli E\u011fitim Bakanl\u0131\u011f\u0131<\/strong> ile <strong>Kas\u0131m 2016<\/strong>&#8216;da imzalad\u0131klar\u0131 \u201cE\u011fitim Kurumlar\u0131 \u0130\u015f Birli\u011fi Protokol\u00fc\u201d kapsam\u0131nda farkl\u0131 meslek liselerinde yenileme \u00e7al\u0131\u015fmalar\u0131na da imza at\u0131yor. Meslek Lisesi \u00f6\u011frencilerinin bulunduklar\u0131 b\u00f6lgelerde ihtiya\u00e7 duyduklar\u0131 son teknoloji <strong>\u0131s\u0131tma, klima<\/strong> ve <strong>havaland\u0131rma ekipmanlar\u0131<\/strong> ile at\u00f6lyeleri yeniliyor.<\/p>\n<p>Son olarak <strong>Antalya Konyaalt\u0131 Baht\u0131l\u0131 Mesleki ve Teknik Anadolu Lisesi<\/strong>\u2019ndeki at\u00f6lye <strong>Bosch VRF klima sistemleri<\/strong> ve <strong>sistem otomasyonu, Bosch split klima sistemi<\/strong> ve <strong>Buderus yo\u011fu\u015fmal\u0131 kombi sistemleri<\/strong> kullanarak <span style=\"text-decoration: underline;\">yenilenirken;<\/span> Mu\u015f Rekabet Kurumu Mesleki ve Teknik Anadolu Lisesinde bulunan uygulama at\u00f6lyelesi Bosch ve Buderus konvansiyonel ve yo\u011fu\u015fmal\u0131 kombi sistemleriyle donat\u0131ld\u0131. Bosch Termotenik Akademi Antalya Konyaalt\u0131 Baht\u0131l\u0131 Mesleki ve Teknik Anadolu Lisesi laboratuvar a\u00e7\u0131l\u0131\u015f\u0131na Bosch Termoteknik Akademi M\u00fcd\u00fcr\u00fc Suat Eyi de kat\u0131ld\u0131.<\/p>\n<p>Bosch Termoteknik Sat\u0131\u015f Sonras\u0131 Hizmetler Direkt\u00f6r\u00fc Nazif \u00d6zak\u0131nc\u0131, e\u011fitime verdikleri desteklerle ilgili <em>\u201cBosch Termoteknik Akademi \u00e7at\u0131s\u0131 alt\u0131nda uzun zamand\u0131r sekt\u00f6r\u00fcn geli\u015fimi i\u00e7in s\u00fcrd\u00fcrd\u00fc\u011f\u00fcm\u00fcz e\u011fitime destek faaliyetlerimizi devam ettiriyoruz. Meslek liselerine yapt\u0131\u011f\u0131m\u0131z yat\u0131r\u0131mlarla \u00fclkemizin ve sekt\u00f6r\u00fcn nitelikli teknik personel ihtiyac\u0131na katk\u0131 sa\u011flamay\u0131 ve hizmet kalitesinin daha da artmas\u0131n\u0131 ama\u00e7l\u0131yoruz. Milli E\u011fitim Bakanl\u0131\u011f\u0131 ile imzalad\u0131\u011f\u0131m\u0131z i\u015f birli\u011fi protokol\u00fcyle Bosch Termoteknik Akademi Uygulama Laboratuvarlar\u0131na yenilerini ekleyerek e\u011fitime destek vermeye devam edece\u011fiz.\u201d<\/em> dedi.<\/p>","protected":false},"excerpt":{"rendered":"<p>Sorry, this entry is only available in Turkish. For the sake of viewer convenience, the content is shown below in the alternative language. You may click the link to switch the active language. Bosch Termoteknik Akademi, Antalya Konyaalt\u0131 Baht\u0131l\u0131 Mesleki ve Teknik Anadolu Lisesi ve Mu\u015f Rekabet Kurumu Mesleki ve Teknik Anadolu Lisesi\u2019nde yeni uygulama [&hellip;]<\/p>\n","protected":false},"author":1,"featured_media":143463,"comment_status":"open","ping_status":"open","sticky":false,"template":"","format":"standard","meta":[],"categories":[46,53,52],"tags":[50406,97259,97258],"views":262,"_links":{"self":[{"href":"https:\/\/www.enerjigazetesi.ist\/en\/wp-json\/wp\/v2\/posts\/143460"}],"collection":[{"href":"https:\/\/www.enerjigazetesi.ist\/en\/wp-json\/wp\/v2\/posts"}],"about":[{"href":"https:\/\/www.enerjigazetesi.ist\/en\/wp-json\/wp\/v2\/types\/post"}],"author":[{"embeddable":true,"href":"https:\/\/www.enerjigazetesi.ist\/en\/wp-json\/wp\/v2\/users\/1"}],"replies":[{"embeddable":true,"href":"https:\/\/www.enerjigazetesi.ist\/en\/wp-json\/wp\/v2\/comments?post=143460"}],"version-history":[{"count":0,"href":"https:\/\/www.enerjigazetesi.ist\/en\/wp-json\/wp\/v2\/posts\/143460\/revisions"}],"wp:featuredmedia":[{"embeddable":true,"href":"https:\/\/www.enerjigazetesi.ist\/en\/wp-json\/wp\/v2\/media\/143463"}],"wp:attachment":[{"href":"https:\/\/www.enerjigazetesi.ist\/en\/wp-json\/wp\/v2\/media?parent=143460"}],"wp:term":[{"taxonomy":"category","embeddable":true,"href":"https:\/\/www.enerjigazetesi.ist\/en\/wp-json\/wp\/v2\/categories?post=143460"},{"taxonomy":"post_tag","embeddable":true,"href":"https:\/\/www.enerjigazetesi.ist\/en\/wp-json\/wp\/v2\/tags?post=143460"}],"curies":[{"name":"wp","href":"https:\/\/api.w.org\/{rel}","templated":true}]}}