{"id":143441,"date":"2021-10-06T15:56:15","date_gmt":"2021-10-06T12:56:15","guid":{"rendered":"https:\/\/www.enerjigazetesi.ist\/?p=143441"},"modified":"2021-10-06T15:56:15","modified_gmt":"2021-10-06T12:56:15","slug":"tarihte-bugun-6-ekim-1923-istanbulun-kurtulusu","status":"publish","type":"post","link":"https:\/\/www.enerjigazetesi.ist\/en\/tarihte-bugun-6-ekim-1923-istanbulun-kurtulusu\/","title":{"rendered":"(Turkish) Tarihte Bug\u00fcn: 6 Ekim 1923 \u0130stanbul&#8217;un Kurtulu\u015fu&#8230;"},"content":{"rendered":"<p class=\"qtranxs-available-languages-message qtranxs-available-languages-message-en\">Sorry, this entry is only available in <a href=\"https:\/\/www.enerjigazetesi.ist\/tr\/wp-json\/wp\/v2\/posts\/143441\" class=\"qtranxs-available-language-link qtranxs-available-language-link-tr\" title=\"Turkish\">Turkish<\/a>. For the sake of viewer convenience, the content is shown below in the alternative language. You may click the link to switch the active language.<\/p><p><\/p>\n<h2>\u0130tilaf Devletleri donanmalar\u0131 30 Ekim 1918&#8217;de imzalanan\u00a0Mondros Ate\u015fkes Antla\u015fmas\u0131&#8217;na dayanarak 13 Kas\u0131m 1918&#8217;de Haydarpa\u015fa \u00f6nlerine demirleyip \u0130stanbul&#8217;a girdi. Fiilen ger\u00e7ekle\u015fmi\u015f olan i\u015fgal, 16 Mart 1920 tarihinde resmi i\u015fgale d\u00f6n\u00fc\u015ft\u00fc.<\/h2>\n<p>T\u00fcrk Ordusu&#8217;nun <strong>\u0130zmir&#8217;e girmesinden<\/strong> sonra\u00a0<strong>Fahrettin Pa\u015fa\u00a0<\/strong>komutas\u0131ndaki <strong>5. S\u00fcvari Kolordusu<\/strong> \u0130tilaf Devletleri kontrol\u00fcndeki tarafs\u0131z b\u00f6lgeye do\u011fru ilerlemeye ba\u015flad\u0131. Bunun \u00fczerine <strong>M\u00fcttefik kuvvetlerde<\/strong> bulunan <strong>Frans\u0131z<\/strong> ve <strong>\u0130talyan<\/strong> birlikleri derhal geri \u00e7ekildi. <strong>\u00c7anakkale&#8217;de<\/strong> bulunan <img loading=\"lazy\" class=\"alignright wp-image-143444\" src=\"https:\/\/www.enerjigazetesi.ist\/wp-content\/uploads\/2021\/10\/tarihte-bugun-6-ekim-1923-istanbulun-kurtulusu.jpg\" alt=\"\" width=\"320\" height=\"229\" srcset=\"https:\/\/www.enerjigazetesi.ist\/wp-content\/uploads\/2021\/10\/tarihte-bugun-6-ekim-1923-istanbulun-kurtulusu.jpg 550w, https:\/\/www.enerjigazetesi.ist\/wp-content\/uploads\/2021\/10\/tarihte-bugun-6-ekim-1923-istanbulun-kurtulusu-300x214.jpg 300w, https:\/\/www.enerjigazetesi.ist\/wp-content\/uploads\/2021\/10\/tarihte-bugun-6-ekim-1923-istanbulun-kurtulusu-500x357.jpg 500w, https:\/\/www.enerjigazetesi.ist\/wp-content\/uploads\/2021\/10\/tarihte-bugun-6-ekim-1923-istanbulun-kurtulusu-70x50.jpg 70w\" sizes=\"(max-width: 320px) 100vw, 320px\" \/>\u0130ngiliz birlikleri General\u00a0<strong><a class=\"mw-redirect\" title=\"Charles Harington Harington\" href=\"https:\/\/tr.wikipedia.org\/wiki\/Charles_Harington_Harington\">Harington<\/a><\/strong>&#8216;un emriyle savunma pozisyonu ald\u0131.<\/p>\n<p>\u0130ngiltere,\u00a0<strong><a title=\"Ankara H\u00fck\u00fbmeti\" href=\"https:\/\/tr.wikipedia.org\/wiki\/Ankara_H%C3%BCk%C3%BBmeti\">Ankara H\u00fck\u00fcmeti<\/a><\/strong>\u00a0ile anla\u015fma yollar\u0131 aramaya ba\u015flad\u0131. Ankara H\u00fck\u00fbmeti \u0130stanbul ve \u00c7anakkale bo\u011fazlar\u0131n\u0131n denetimini istedi. \u0130ngiltere ba\u015fbakan\u0131\u00a0<strong><a class=\"mw-redirect\" title=\"Lloyd George\" href=\"https:\/\/tr.wikipedia.org\/wiki\/Lloyd_George\">Lloyd George<\/a>\u00a0<\/strong>bu istekleri reddetti. Birliklere sava\u015f pozisyonu almas\u0131 emrini verdi.<sup id=\"cite_ref-1\" class=\"reference\"><a href=\"https:\/\/tr.wikipedia.org\/wiki\/%C4%B0stanbul%27un_Kurtulu%C5%9Fu#cite_note-1\">[1]<\/a><\/sup>\u00a0Fakat <strong>Harington ate\u015f a\u00e7\u0131lmamas\u0131<\/strong> emrini verdi. T\u00fcrk birlikleri, \u0130ngiliz direni\u015fi ile kar\u015f\u0131la\u015fmadan tarafs\u0131z b\u00f6lgeye girerek <strong>\u00c7anakkale Bo\u011faz\u0131&#8217;na<\/strong> do\u011fru ilerlemeye ba\u015flad\u0131. T\u00fcrklerle sava\u015f\u0131lmas\u0131n\u0131 istemeyen\u00a0<strong><a title=\"\" href=\"https:\/\/tr.wikipedia.org\/wiki\/Winston_Churchill\">Winston Churchill<\/a><\/strong>&#8216;in ba\u015f\u0131n\u0131 \u00e7ekti\u011fi bir grup bakan istifa etti.\u00a0<i>(bkz.\u00a0<strong><a title=\"\u00c7anakkale Krizi\" href=\"https:\/\/tr.wikipedia.org\/wiki\/%C3%87anakkale_Krizi\">\u00c7anakkale Krizi<\/a><\/strong>)<\/i><\/p>\n<div class=\"reflist\">\n<p><strong><a href=\"https:\/\/tr.wikipedia.org\/wiki\/%C4%B0stanbul%27un_Kurtulu%C5%9Fu#cite_ref-1\">^<\/a><\/strong>\u00a0<span class=\"reference-text\"><cite class=\"kaynak web\"><a class=\"external text\" href=\"http:\/\/en.calameo.com\/read\/0023338633a8f32697993\" rel=\"nofollow\">&#8220;<strong>T\u00fcrk Kurtulu\u015f Sava\u015f\u0131&#8217;nda \u0130\u015fgal Kuvvetleri<\/strong>&#8220;<\/a>. 18 Ekim 2017 tarihinde kayna\u011f\u0131ndan\u00a0<a class=\"external text\" href=\"https:\/\/web.archive.org\/web\/20171018032746\/http:\/\/en.calameo.com\/read\/0023338633a8f32697993\" rel=\"nofollow\">ar\u015fivlendi<\/a><span class=\"reference-accessdate\">. Eri\u015fim tarihi: 7 Eyl\u00fcl 2015<\/span>.<\/cite><\/span><\/p>\n<\/div>\n<p>Di\u011fer taraftan\u00a0<a title=\"\u0130zmir'in Kurtulu\u015fu\" href=\"https:\/\/tr.wikipedia.org\/wiki\/%C4%B0zmir%27in_Kurtulu%C5%9Fu\"><strong>\u0130zmir&#8217;in Kurtulu\u015fu<\/strong><\/a>&#8216;ndan sonra\u00a0<strong><a class=\"mw-redirect\" title=\"Damat Ferit Pa\u015fa\" href=\"https:\/\/tr.wikipedia.org\/wiki\/Damat_Ferit_Pa%C5%9Fa\">Damat Ferit Pa\u015fa<\/a><\/strong>\u00a0<strong>21 Eyl\u00fcl 1922<\/strong>&#8216;de \u00fclkeden ka\u00e7t\u0131. Mudanya M\u00fctarekesi gere\u011fi Trakya topraklar\u0131n\u0131n teslimi yap\u0131l\u0131rken T\u00fcrkiye&#8217;yi temsil edecek ki\u015fi olarak Mustafa Kemal Pa\u015fa&#8217;n\u0131n iste\u011fi ile\u00a0<strong><a title=\"Refet Bele\" href=\"https:\/\/tr.wikipedia.org\/wiki\/Refet_Bele\">Refet Pa\u015fa<\/a><\/strong>; \u0130stanbul komutan\u0131 olarak da Mill\u00ee M\u00fcdafaa Umumi Katibi\u00a0<strong><a title=\"Selahattin Adil\" href=\"https:\/\/tr.wikipedia.org\/wiki\/Selahattin_Adil\">Selahattin Adil Pa\u015fa<\/a><\/strong>\u00a0g\u00f6revlendirildi. Refet Pa\u015fa, <strong>19 Ekim<\/strong> tarihinde TBMM Muhaf\u0131z Grubu&#8217;ndan 100 ki\u015filik bir kuvvetle G\u00fclnihal vapuru ile Mudanya&#8217;dan ayr\u0131l\u0131p \u0130stanbul&#8217;a geldi. Ard\u0131ndan &#8220;\u0130stanbul Komutan\u0131&#8221; s\u0131fat\u0131yla Selahattin Adil Pa\u015fa, <strong>81. Alay<\/strong> ile <strong>\u0130stanbul&#8217;a<\/strong> geldi. Refet Pa\u015fa ve Selahattin Adil Pa\u015fa&#8217;n\u0131n \u0130stanbul&#8217;a gelmesine ra\u011fmen i\u015fgal sonlanmad\u0131. \u00c7\u00fcnk\u00fc m\u00fctarekeye g\u00f6re i\u015fgal kuvvetleri <strong>bar\u0131\u015f antla\u015fmas\u0131 imzalanmas\u0131ndan<\/strong> hemen sonra <strong>\u0130stanbul&#8217;u<\/strong> bo\u015faltacakt\u0131.<\/p>\n<p><strong>24 Temmuz 1923<\/strong> tarihinde\u00a0<a class=\"mw-redirect\" title=\"Lozan Bar\u0131\u015f Antla\u015fmas\u0131\" href=\"https:\/\/tr.wikipedia.org\/wiki\/Lozan_Bar%C4%B1%C5%9F_Antla%C5%9Fmas%C4%B1\"><strong>Lozan Bar\u0131\u015f Antla\u015fmas\u0131<\/strong><\/a>&#8216;ndan sonra, 23 A\u011fustos 1923&#8217;ten itibaren <strong>\u0130tilaf kuvvetleri<\/strong> \u0130stanbul&#8217;dan ayr\u0131lmaya ba\u015flad\u0131. <strong>Son \u0130tilaf birli\u011fi<\/strong> ise <strong>4 Ekim 1923<\/strong> g\u00fcn\u00fc\u00a0<strong><a title=\"Dolmabah\u00e7e Saray\u0131\" href=\"https:\/\/tr.wikipedia.org\/wiki\/Dolmabah%C3%A7e_Saray%C4%B1\">Dolmabah\u00e7e Saray\u0131<\/a><\/strong>\u00a0\u00f6n\u00fcnde d\u00fczenlenen bir t\u00f6renle\u00a0<strong><a title=\"T\u00fcrk bayra\u011f\u0131\" href=\"https:\/\/tr.wikipedia.org\/wiki\/T%C3%BCrk_bayra%C4%9F%C4%B1\">T\u00fcrk bayra\u011f\u0131n\u0131<\/a><\/strong>\u00a0selamlayarak \u015fehri terk etti.<\/p>\n<p><strong>06 Ekim 1923<\/strong>&#8216;te ise\u00a0<strong><a title=\"\u015e\u00fckr\u00fc Naili G\u00f6kberk\" href=\"https:\/\/tr.wikipedia.org\/wiki\/%C5%9E%C3%BCkr%C3%BC_Naili_G%C3%B6kberk\">\u015e\u00fckr\u00fc Naili Pa\u015fa<\/a><\/strong>\u00a0komutas\u0131ndaki\u00a0<a title=\"3. Kolordu (T\u00fcrkiye)\" href=\"https:\/\/tr.wikipedia.org\/wiki\/3._Kolordu_(T%C3%BCrkiye)\"><strong>3. Kolordu<\/strong><\/a>\u00a0\u0130stanbul&#8217;a girdi<sup id=\"cite_ref-2\" class=\"reference\"><a href=\"https:\/\/tr.wikipedia.org\/wiki\/%C4%B0stanbul%27un_Kurtulu%C5%9Fu#cite_note-2\">[Not 1]<\/a><\/sup>\u00a0ve i\u015fgal resmen sonland\u0131. \u0130\u015fgal <strong>4 y\u0131l 10 ay 23 g\u00fcn<\/strong> s\u00fcrd\u00fc. Her y\u0131l\u0131n <strong>6 Ekim&#8217;i<\/strong> b\u00f6ylece <strong>\u0130stanbul&#8217;un kurtulu\u015f g\u00fcn\u00fc<\/strong> olarak belirlendi ve kutlanmaya ba\u015fland\u0131.<\/p>\n<p>Kaynak: <a href=\"https:\/\/tr.wikipedia.org\/wiki\/%C4%B0stanbul%27un_Kurtulu%C5%9Fu\" target=\"_blank\" rel=\"noopener\">Wikipedia<\/a><\/p>","protected":false},"excerpt":{"rendered":"<p>Sorry, this entry is only available in Turkish. For the sake of viewer convenience, the content is shown below in the alternative language. You may click the link to switch the active language. \u0130tilaf Devletleri donanmalar\u0131 30 Ekim 1918&#8217;de imzalanan\u00a0Mondros Ate\u015fkes Antla\u015fmas\u0131&#8217;na dayanarak 13 Kas\u0131m 1918&#8217;de Haydarpa\u015fa \u00f6nlerine demirleyip \u0130stanbul&#8217;a girdi. Fiilen ger\u00e7ekle\u015fmi\u015f olan i\u015fgal, [&hellip;]<\/p>\n","protected":false},"author":1,"featured_media":143444,"comment_status":"open","ping_status":"open","sticky":false,"template":"","format":"standard","meta":[],"categories":[53,4],"tags":[97247,97251,97248,97250,97249],"views":249,"_links":{"self":[{"href":"https:\/\/www.enerjigazetesi.ist\/en\/wp-json\/wp\/v2\/posts\/143441"}],"collection":[{"href":"https:\/\/www.enerjigazetesi.ist\/en\/wp-json\/wp\/v2\/posts"}],"about":[{"href":"https:\/\/www.enerjigazetesi.ist\/en\/wp-json\/wp\/v2\/types\/post"}],"author":[{"embeddable":true,"href":"https:\/\/www.enerjigazetesi.ist\/en\/wp-json\/wp\/v2\/users\/1"}],"replies":[{"embeddable":true,"href":"https:\/\/www.enerjigazetesi.ist\/en\/wp-json\/wp\/v2\/comments?post=143441"}],"version-history":[{"count":0,"href":"https:\/\/www.enerjigazetesi.ist\/en\/wp-json\/wp\/v2\/posts\/143441\/revisions"}],"wp:featuredmedia":[{"embeddable":true,"href":"https:\/\/www.enerjigazetesi.ist\/en\/wp-json\/wp\/v2\/media\/143444"}],"wp:attachment":[{"href":"https:\/\/www.enerjigazetesi.ist\/en\/wp-json\/wp\/v2\/media?parent=143441"}],"wp:term":[{"taxonomy":"category","embeddable":true,"href":"https:\/\/www.enerjigazetesi.ist\/en\/wp-json\/wp\/v2\/categories?post=143441"},{"taxonomy":"post_tag","embeddable":true,"href":"https:\/\/www.enerjigazetesi.ist\/en\/wp-json\/wp\/v2\/tags?post=143441"}],"curies":[{"name":"wp","href":"https:\/\/api.w.org\/{rel}","templated":true}]}}