{"id":143391,"date":"2021-10-06T11:54:59","date_gmt":"2021-10-06T08:54:59","guid":{"rendered":"https:\/\/www.enerjigazetesi.ist\/?p=143391"},"modified":"2021-10-06T11:56:03","modified_gmt":"2021-10-06T08:56:03","slug":"aipa-ve-cerebrum-tech-arasinda-isbirligi-protokolu-imzalandi","status":"publish","type":"post","link":"https:\/\/www.enerjigazetesi.ist\/en\/aipa-ve-cerebrum-tech-arasinda-isbirligi-protokolu-imzalandi\/","title":{"rendered":"(Turkish) AIPA ve Cerebrum Tech Aras\u0131nda \u0130\u015fbirli\u011fi Protokol\u00fc \u0130mzaland\u0131"},"content":{"rendered":"<p class=\"qtranxs-available-languages-message qtranxs-available-languages-message-en\">Sorry, this entry is only available in <a href=\"https:\/\/www.enerjigazetesi.ist\/tr\/wp-json\/wp\/v2\/posts\/143391\" class=\"qtranxs-available-language-link qtranxs-available-language-link-tr\" title=\"Turkish\">Turkish<\/a>. For the sake of viewer convenience, the content is shown below in the alternative language. You may click the link to switch the active language.<\/p><p><\/p>\n<h2>Yapay Zeka Politikalar\u0131 Derne\u011fi (AIPA) ve Cerebrum Tech aras\u0131nda yapay zeka alan\u0131nda \u00e7e\u015fitli konularda i\u015f birli\u011fini i\u00e7eren protokol imzaland\u0131.<\/h2>\n<p>T\u00fcrkiye\u2019de de <strong>yapay zeka \u00e7al\u0131\u015fmalar\u0131<\/strong> h\u0131zla b\u00fcy\u00fcmeye devam ederken, 2021 y\u0131l\u0131n\u0131n ba\u015f\u0131nda kurulan ve T\u00fcrkiye\u2019nin yan\u0131 s\u0131ra <strong>\u0130ngiltere, ABD<\/strong> ve <strong>G\u00fcney Kore<\/strong>\u2019de de faaliyet g\u00f6steren Cerebrum Tech ile <img loading=\"lazy\" class=\"alignright wp-image-143394\" src=\"https:\/\/www.enerjigazetesi.ist\/wp-content\/uploads\/2021\/10\/aipa-ve-cerebrum-tech-arasinda-isbirligi-protokol-imzalandi-1.jpg\" alt=\"\" width=\"320\" height=\"214\" srcset=\"https:\/\/www.enerjigazetesi.ist\/wp-content\/uploads\/2021\/10\/aipa-ve-cerebrum-tech-arasinda-isbirligi-protokol-imzalandi-1.jpg 550w, https:\/\/www.enerjigazetesi.ist\/wp-content\/uploads\/2021\/10\/aipa-ve-cerebrum-tech-arasinda-isbirligi-protokol-imzalandi-1-300x200.jpg 300w, https:\/\/www.enerjigazetesi.ist\/wp-content\/uploads\/2021\/10\/aipa-ve-cerebrum-tech-arasinda-isbirligi-protokol-imzalandi-1-500x334.jpg 500w, https:\/\/www.enerjigazetesi.ist\/wp-content\/uploads\/2021\/10\/aipa-ve-cerebrum-tech-arasinda-isbirligi-protokol-imzalandi-1-75x50.jpg 75w, https:\/\/www.enerjigazetesi.ist\/wp-content\/uploads\/2021\/10\/aipa-ve-cerebrum-tech-arasinda-isbirligi-protokol-imzalandi-1-450x300.jpg 450w\" sizes=\"(max-width: 320px) 100vw, 320px\" \/>AIPA aras\u0131nda \u00f6nemli bir i\u015f birli\u011finin temeli at\u0131ld\u0131. <strong>Ankara\u2019da<\/strong> ger\u00e7ekle\u015ftirilen etkinlikte, AIPA ad\u0131na Ba\u015fkan <strong>Zafer K\u00fc\u00e7\u00fck\u015fabano\u011flu<\/strong> ve Cerebrum Tech ad\u0131na Y\u00f6netim Kurulu Ba\u015fkan\u0131 <strong>Dr. R. Erdem Erkul<\/strong> ve davetliler t\u00f6ren alan\u0131nda haz\u0131r bulundu.<\/p>\n<p>\u0130\u015f birli\u011fi protokol\u00fc imza t\u00f6reninde konu\u015fan Erdem Erkul, <em>\u201cT\u00fcrkiye\u2019de yapay zeka \u00e7al\u0131\u015fmalar\u0131n\u0131n g\u00fc\u00e7lendirilmesi ve teknoloji ekosistemine katk\u0131da bulunulmas\u0131 bizler i\u00e7in \u00e7ok \u00f6nemli. Cerebrum Tech\u2019i kurarken belirledi\u011fimiz odak teknolojilerimizden belki de en \u00f6nemlisi yapay zeka. \u00c7\u00fcnk\u00fc <strong>yapay zeka arac\u0131l\u0131\u011f\u0131yla<\/strong> di\u011fer pek \u00e7ok <strong>teknolojinin de de\u011fi\u015fti\u011fini<\/strong> ve <strong>d\u00f6n\u00fc\u015ft\u00fc\u011f\u00fcn\u00fc<\/strong> g\u00f6r\u00fcyoruz. Bu anlamda T\u00fcrkiye\u2019de yapay zeka alan\u0131nda yap\u0131lan \u00e7al\u0131\u015fmalar\u0131n\u0131n desteklenmesi, yeti\u015fmi\u015f i\u015f g\u00fcc\u00fcn\u00fcn artmas\u0131 ve politikalar \u00fcretilebilmesi \u00e7ok kritik. Biz de \u00f6ncelikli hedefi <strong>\u201cgen\u00e7lere ilham veren bir teknoloji \u015firketi\u201d<\/strong> olan bir yap\u0131 olarak sorumluluk almaya her zaman haz\u0131r\u0131z. Bu anlamda Yapay Zeka Politikalar\u0131 Derne\u011fi ile yapt\u0131\u011f\u0131m\u0131z i\u015f birli\u011finin T\u00fcrkiye\u2019de yapay zeka \u00e7al\u0131\u015fmalar\u0131na h\u0131z kazand\u0131raca\u011f\u0131na y\u00fcrekten inan\u0131yorum\u201d<\/em> dedi.<\/p>\n<p>K\u00fc\u00e7\u00fck\u015fabano\u011flu ise konu\u015fmas\u0131nda, protokolde \u00fclkenin <strong>yapay zeka<\/strong> alan\u0131nda yarar\u0131na olacak bir\u00e7ok madde oldu\u011funu vurgulayarak, <em>\u201cEn \u00f6nemli husus \u00fclkemizin, \u00f6zellikle de <strong>26 milyon Z ku\u015fa\u011f\u0131&#8217;<\/strong>n\u0131n potansiyelini ortaya koyarak \u00fclkemizden <strong>yeni Cahit Arflar<\/strong> \u00e7\u0131karmak. Bu sebeple <strong>AIPA<\/strong> ve <strong>Cerebrum Tech<\/strong>\u2019in bug\u00fcn imzalayaca\u011f\u0131 protokol\u00fcn \u00e7ok \u00f6nemli oldu\u011funu d\u00fc\u015f\u00fcn\u00fcyoruz. Bildiklerimizin de\u011fil, bilmediklerimizin pe\u015finden gidiyoruz diyen <strong>Cerebrum Tech<\/strong> ile gelece\u011fi d\u00fc\u015f\u00fcn\u00fcyoruz diyen <strong>AIPA<\/strong>\u2019ya bu \u00fclkenin, \u00f6zellikle de milyonlarca gencimizin \u00e7ok ihtiyac\u0131n\u0131 oldu\u011funu d\u00fc\u015f\u00fcn\u00fcyoruz. Az sonra imzalayaca\u011f\u0131m\u0131z protokol\u00fcn \u00fclkemize ve gen\u00e7lerimize hay\u0131rl\u0131 olmas\u0131n\u0131 diliyorum\u201d<\/em> de\u011ferlendirmesinde bulundu.<\/p>\n<p><strong>Cerebrum Tech<\/strong> ve <strong>Yapay Zeka Politikalar\u0131 Derne\u011fi<\/strong> aras\u0131ndaki i\u015f birli\u011finde, yapay zeka \u00e7al\u0131\u015fmalar\u0131 konusunda bilin\u00e7lendirme ve fark\u0131ndal\u0131k \u00e7al\u0131\u015fmalar\u0131 yapmak; <em>yerel, ulusal, b\u00f6lgesel ve k\u00fcresel yapay zek\u00e2 topluluklar\u0131 aras\u0131ndaki ileti\u015fim ve etkile\u015fimi art\u0131rmak; kamu politikalar\u0131na katk\u0131 sa\u011flamak; akademik \u00e7al\u0131\u015fmalar\u0131 te\u015fvik etmek; ihtiya\u00e7lar do\u011frultusunda yapay zek\u00e2 alan\u0131na dair data ve tan\u0131mlamalar \u00fcretmek, bu bilgileri kamuoyu ile payla\u015fmak ve yapay zeka ile ili\u015fkili alanlarda \u00f6\u011frenim g\u00f6ren \u00f6\u011frencilere staj imkan\u0131<\/em> sa\u011flamak gibi pek \u00e7ok nokta yer al\u0131yor.<\/p>","protected":false},"excerpt":{"rendered":"<p>Sorry, this entry is only available in Turkish. For the sake of viewer convenience, the content is shown below in the alternative language. You may click the link to switch the active language. Yapay Zeka Politikalar\u0131 Derne\u011fi (AIPA) ve Cerebrum Tech aras\u0131nda yapay zeka alan\u0131nda \u00e7e\u015fitli konularda i\u015f birli\u011fini i\u00e7eren protokol imzaland\u0131. T\u00fcrkiye\u2019de de yapay [&hellip;]<\/p>\n","protected":false},"author":1,"featured_media":143395,"comment_status":"open","ping_status":"open","sticky":false,"template":"","format":"standard","meta":[],"categories":[53,157],"tags":[97228,87239,65918,73906,97230],"views":78,"_links":{"self":[{"href":"https:\/\/www.enerjigazetesi.ist\/en\/wp-json\/wp\/v2\/posts\/143391"}],"collection":[{"href":"https:\/\/www.enerjigazetesi.ist\/en\/wp-json\/wp\/v2\/posts"}],"about":[{"href":"https:\/\/www.enerjigazetesi.ist\/en\/wp-json\/wp\/v2\/types\/post"}],"author":[{"embeddable":true,"href":"https:\/\/www.enerjigazetesi.ist\/en\/wp-json\/wp\/v2\/users\/1"}],"replies":[{"embeddable":true,"href":"https:\/\/www.enerjigazetesi.ist\/en\/wp-json\/wp\/v2\/comments?post=143391"}],"version-history":[{"count":0,"href":"https:\/\/www.enerjigazetesi.ist\/en\/wp-json\/wp\/v2\/posts\/143391\/revisions"}],"wp:featuredmedia":[{"embeddable":true,"href":"https:\/\/www.enerjigazetesi.ist\/en\/wp-json\/wp\/v2\/media\/143395"}],"wp:attachment":[{"href":"https:\/\/www.enerjigazetesi.ist\/en\/wp-json\/wp\/v2\/media?parent=143391"}],"wp:term":[{"taxonomy":"category","embeddable":true,"href":"https:\/\/www.enerjigazetesi.ist\/en\/wp-json\/wp\/v2\/categories?post=143391"},{"taxonomy":"post_tag","embeddable":true,"href":"https:\/\/www.enerjigazetesi.ist\/en\/wp-json\/wp\/v2\/tags?post=143391"}],"curies":[{"name":"wp","href":"https:\/\/api.w.org\/{rel}","templated":true}]}}