{"id":143367,"date":"2021-10-05T14:24:04","date_gmt":"2021-10-05T11:24:04","guid":{"rendered":"https:\/\/www.enerjigazetesi.ist\/?p=143367"},"modified":"2021-10-05T14:33:48","modified_gmt":"2021-10-05T11:33:48","slug":"alarko-holding-ten-basin-aciklamasi","status":"publish","type":"post","link":"https:\/\/www.enerjigazetesi.ist\/en\/alarko-holding-ten-basin-aciklamasi\/","title":{"rendered":"(Turkish) &#8217;Alarko Holding&#8217;ten Bas\u0131n A\u00e7\u0131klamas\u0131"},"content":{"rendered":"<p class=\"qtranxs-available-languages-message qtranxs-available-languages-message-en\">Sorry, this entry is only available in <a href=\"https:\/\/www.enerjigazetesi.ist\/tr\/wp-json\/wp\/v2\/posts\/143367\" class=\"qtranxs-available-language-link qtranxs-available-language-link-tr\" title=\"Turkish\">Turkish<\/a>. For the sake of viewer convenience, the content is shown below in the alternative language. You may click the link to switch the active language.<\/p><p><\/p>\n<h2>11 A\u011fustos 2021 tarihinde Alarko \u015eirketler Toplulu\u011fu ad\u0131na yapm\u0131\u015f oldu\u011fumuz \u00f6zel durum a\u00e7\u0131klamas\u0131 ile Toplulu\u011fumuz \u0130cra Kurulu Ba\u015fkan\u0131 Say\u0131n Ayhan Yavrucu\u2019nun emekli olmas\u0131 sebebiyle bo\u015falan \u0130cra Kurulu Ba\u015fkanl\u0131\u011f\u0131 g\u00f6revine Say\u0131n \u00dcmit Nuri Y\u0131ld\u0131z\u2019\u0131n getirildi\u011fini duyurmu\u015ftuk.<img loading=\"lazy\" class=\"alignright wp-image-143370\" src=\"https:\/\/www.enerjigazetesi.ist\/wp-content\/uploads\/2021\/10\/alarko-holding-ten-basin-aciklamasi-2.jpg\" alt=\"\" width=\"270\" height=\"360\" srcset=\"https:\/\/www.enerjigazetesi.ist\/wp-content\/uploads\/2021\/10\/alarko-holding-ten-basin-aciklamasi-2.jpg 550w, https:\/\/www.enerjigazetesi.ist\/wp-content\/uploads\/2021\/10\/alarko-holding-ten-basin-aciklamasi-2-225x300.jpg 225w, https:\/\/www.enerjigazetesi.ist\/wp-content\/uploads\/2021\/10\/alarko-holding-ten-basin-aciklamasi-2-300x400.jpg 300w, https:\/\/www.enerjigazetesi.ist\/wp-content\/uploads\/2021\/10\/alarko-holding-ten-basin-aciklamasi-2-38x50.jpg 38w, https:\/\/www.enerjigazetesi.ist\/wp-content\/uploads\/2021\/10\/alarko-holding-ten-basin-aciklamasi-2-500x666.jpg 500w\" sizes=\"(max-width: 270px) 100vw, 270px\" \/><\/h2>\n<p>Say\u0131n Y\u0131ld\u0131z, i\u015f ya\u015fam\u0131n\u0131n 23 y\u0131l\u0131n\u0131 \u015eirketler Toplulu\u011fumuzda ge\u00e7irmi\u015f olup, son olarak Alarko Holding Genel M\u00fcd\u00fcrl\u00fc\u011f\u00fc g\u00f6revini s\u00fcrd\u00fcrmekteydi. Say\u0131n Y\u0131ld\u0131z, Ankara \u00dcniversitesi Siyasal Bilgiler Fak\u00fcltesi mezunu olup, University of Illinois\u2019te y\u00fcksek lisans e\u011fitimini tamamlam\u0131\u015ft\u0131r. Alarko \u015eirketler Toplulu\u011fu\u2019na kat\u0131lmadan \u00f6nce Maliye Bakanl\u0131\u011f\u0131 Ba\u015f Hesap Uzman\u0131 ve \u0130\u015f ve \u0130\u015f\u00e7i Bulma Kurumu Genel M\u00fcd\u00fcr Yard\u0131mc\u0131s\u0131 olarak g\u00f6rev alm\u0131\u015f olup, <strong>1998 y\u0131l\u0131ndan bu yana<\/strong> \u015eirketler Toplulu\u011fumuzda \u00e7al\u0131\u015fmaktad\u0131r.<\/p>\n<p>Say\u0131n Y\u0131ld\u0131z, \u015eirketler Toplulu\u011fumuza kat\u0131ld\u0131\u011f\u0131 1998 y\u0131l\u0131ndan itibaren, de\u011ferleri, yakla\u015f\u0131mlar\u0131, tecr\u00fcbesi ve y\u00f6netim anlay\u0131\u015f\u0131 ile Toplulu\u011fumuzda \u00fcstlendi\u011fi g\u00f6revleri ba\u015far\u0131yla y\u00fcr\u00fctm\u00fc\u015f olup, kendisinin kurucular\u0131m\u0131z <strong>Dr. \u00dczeyir Garih<\/strong> ve<strong> \u0130shak Alaton<\/strong>\u2019dan ba\u015flayarak bu g\u00fcnlere ula\u015fan Toplulu\u011fumuz vizyonunu yeni ufuklara ta\u015f\u0131yaca\u011f\u0131na olan inanc\u0131m\u0131z\u0131 vurgulamak isteriz.<\/p>\n<p><strong>Say\u0131n Y\u0131ld\u0131z<\/strong> ile birlikte <strong>Alarko \u015eirketler Toplulu\u011fu<\/strong>\u2019nun <strong>yeni ba\u015far\u0131lara ula\u015faca\u011f\u0131na<\/strong> inanc\u0131m\u0131z tamd\u0131r.<\/p>\n<p>Sayg\u0131lar\u0131m\u0131zla,<\/p>\n<p><strong>Alarko Holding A.\u015e.<\/strong><\/p>","protected":false},"excerpt":{"rendered":"<p>Sorry, this entry is only available in Turkish. For the sake of viewer convenience, the content is shown below in the alternative language. You may click the link to switch the active language. 11 A\u011fustos 2021 tarihinde Alarko \u015eirketler Toplulu\u011fu ad\u0131na yapm\u0131\u015f oldu\u011fumuz \u00f6zel durum a\u00e7\u0131klamas\u0131 ile Toplulu\u011fumuz \u0130cra Kurulu Ba\u015fkan\u0131 Say\u0131n Ayhan Yavrucu\u2019nun emekli [&hellip;]<\/p>\n","protected":false},"author":1,"featured_media":143371,"comment_status":"open","ping_status":"open","sticky":false,"template":"","format":"standard","meta":[],"categories":[46,53],"tags":[97215,69607,75783,97214,7282,97213],"views":372,"_links":{"self":[{"href":"https:\/\/www.enerjigazetesi.ist\/en\/wp-json\/wp\/v2\/posts\/143367"}],"collection":[{"href":"https:\/\/www.enerjigazetesi.ist\/en\/wp-json\/wp\/v2\/posts"}],"about":[{"href":"https:\/\/www.enerjigazetesi.ist\/en\/wp-json\/wp\/v2\/types\/post"}],"author":[{"embeddable":true,"href":"https:\/\/www.enerjigazetesi.ist\/en\/wp-json\/wp\/v2\/users\/1"}],"replies":[{"embeddable":true,"href":"https:\/\/www.enerjigazetesi.ist\/en\/wp-json\/wp\/v2\/comments?post=143367"}],"version-history":[{"count":0,"href":"https:\/\/www.enerjigazetesi.ist\/en\/wp-json\/wp\/v2\/posts\/143367\/revisions"}],"wp:featuredmedia":[{"embeddable":true,"href":"https:\/\/www.enerjigazetesi.ist\/en\/wp-json\/wp\/v2\/media\/143371"}],"wp:attachment":[{"href":"https:\/\/www.enerjigazetesi.ist\/en\/wp-json\/wp\/v2\/media?parent=143367"}],"wp:term":[{"taxonomy":"category","embeddable":true,"href":"https:\/\/www.enerjigazetesi.ist\/en\/wp-json\/wp\/v2\/categories?post=143367"},{"taxonomy":"post_tag","embeddable":true,"href":"https:\/\/www.enerjigazetesi.ist\/en\/wp-json\/wp\/v2\/tags?post=143367"}],"curies":[{"name":"wp","href":"https:\/\/api.w.org\/{rel}","templated":true}]}}