{"id":143351,"date":"2021-10-05T13:14:47","date_gmt":"2021-10-05T10:14:47","guid":{"rendered":"https:\/\/www.enerjigazetesi.ist\/?p=143351"},"modified":"2021-10-05T13:16:19","modified_gmt":"2021-10-05T10:16:19","slug":"yesil-mutabakat-ve-turkiye-etkinliginin-konugu-doc-dr-cigdem-nas","status":"publish","type":"post","link":"https:\/\/www.enerjigazetesi.ist\/en\/yesil-mutabakat-ve-turkiye-etkinliginin-konugu-doc-dr-cigdem-nas\/","title":{"rendered":"(Turkish) Ye\u015fil Mutabakat ve T\u00fcrkiye Etkinli\u011fi&#8217;nin Konu\u011fu &#8216;Do\u00e7. Dr. \u00c7i\u011fdem Nas'"},"content":{"rendered":"<p class=\"qtranxs-available-languages-message qtranxs-available-languages-message-en\">Sorry, this entry is only available in <a href=\"https:\/\/www.enerjigazetesi.ist\/tr\/wp-json\/wp\/v2\/posts\/143351\" class=\"qtranxs-available-language-link qtranxs-available-language-link-tr\" title=\"Turkish\">Turkish<\/a>. For the sake of viewer convenience, the content is shown below in the alternative language. You may click the link to switch the active language.<\/p><p><\/p>\n<h2><strong>\u201cYe\u015fil Mutabakat ve T\u00fcrkiye\u201d<\/strong> konulu etkinlik 12 Ekim 2021 Sal\u0131 g\u00fcn\u00fc saat 18:00-19:00 aras\u0131nda d\u00fczenlenecektir.<\/h2>\n<p style=\"text-align: center;\"><a href=\"http:\/\/bit.ly\/2WnwYBD\" target=\"_blank\" rel=\"noopener\"><img loading=\"lazy\" class=\"aligncenter size-full wp-image-143354\" src=\"https:\/\/www.enerjigazetesi.ist\/wp-content\/uploads\/2021\/10\/yesil-mutabakat-ve-turkiye-etkinliginin-konugu-doc-dr-cigdem-nas-1.jpg\" alt=\"\" width=\"550\" height=\"257\" srcset=\"https:\/\/www.enerjigazetesi.ist\/wp-content\/uploads\/2021\/10\/yesil-mutabakat-ve-turkiye-etkinliginin-konugu-doc-dr-cigdem-nas-1.jpg 550w, https:\/\/www.enerjigazetesi.ist\/wp-content\/uploads\/2021\/10\/yesil-mutabakat-ve-turkiye-etkinliginin-konugu-doc-dr-cigdem-nas-1-300x140.jpg 300w, https:\/\/www.enerjigazetesi.ist\/wp-content\/uploads\/2021\/10\/yesil-mutabakat-ve-turkiye-etkinliginin-konugu-doc-dr-cigdem-nas-1-500x234.jpg 500w, https:\/\/www.enerjigazetesi.ist\/wp-content\/uploads\/2021\/10\/yesil-mutabakat-ve-turkiye-etkinliginin-konugu-doc-dr-cigdem-nas-1-80x37.jpg 80w\" sizes=\"(max-width: 550px) 100vw, 550px\" \/><\/a><\/p>\n<p>Ger\u00e7ekle\u015ftirilecek bu ilk etkinli\u011fin konu\u011fu ise <strong>\u0130stanbul Kalk\u0131nma Vakf\u0131 (\u0130KV) Genel Sekreteri Do\u00e7.Dr. \u00c7i\u011fdem Nas<\/strong> olacakt\u0131r. <strong>Sn. Do\u00e7. Dr. Nas<\/strong>, <strong>ye\u015fil mutabakat<\/strong> konusunda T\u00fcrkiye\u2019de ilk \u00e7al\u0131\u015fmalar\u0131 y\u00fcr\u00fcten ki\u015filerin ba\u015f\u0131nda gelmektedir.<\/p>\n<p><strong>Etkinli\u011fe Kat\u0131l\u0131m \u0130\u00e7in:<\/strong> <a href=\"http:\/\/bit.ly\/2WnwYBD\" target=\"_blank\" rel=\"nofollow noopener\">http:\/\/bit.ly\/2WnwYBD<\/a>\u00a0linkinden kay\u0131t olunmas\u0131 zorunludur.<\/p>","protected":false},"excerpt":{"rendered":"<p>Sorry, this entry is only available in Turkish. For the sake of viewer convenience, the content is shown below in the alternative language. You may click the link to switch the active language. \u201cYe\u015fil Mutabakat ve T\u00fcrkiye\u201d konulu etkinlik 12 Ekim 2021 Sal\u0131 g\u00fcn\u00fc saat 18:00-19:00 aras\u0131nda d\u00fczenlenecektir. Ger\u00e7ekle\u015ftirilecek bu ilk etkinli\u011fin konu\u011fu ise \u0130stanbul [&hellip;]<\/p>\n","protected":false},"author":1,"featured_media":143355,"comment_status":"open","ping_status":"open","sticky":false,"template":"","format":"standard","meta":[],"categories":[53,52],"tags":[97204,97203,4033,85540,97205,97202],"views":189,"_links":{"self":[{"href":"https:\/\/www.enerjigazetesi.ist\/en\/wp-json\/wp\/v2\/posts\/143351"}],"collection":[{"href":"https:\/\/www.enerjigazetesi.ist\/en\/wp-json\/wp\/v2\/posts"}],"about":[{"href":"https:\/\/www.enerjigazetesi.ist\/en\/wp-json\/wp\/v2\/types\/post"}],"author":[{"embeddable":true,"href":"https:\/\/www.enerjigazetesi.ist\/en\/wp-json\/wp\/v2\/users\/1"}],"replies":[{"embeddable":true,"href":"https:\/\/www.enerjigazetesi.ist\/en\/wp-json\/wp\/v2\/comments?post=143351"}],"version-history":[{"count":0,"href":"https:\/\/www.enerjigazetesi.ist\/en\/wp-json\/wp\/v2\/posts\/143351\/revisions"}],"wp:featuredmedia":[{"embeddable":true,"href":"https:\/\/www.enerjigazetesi.ist\/en\/wp-json\/wp\/v2\/media\/143355"}],"wp:attachment":[{"href":"https:\/\/www.enerjigazetesi.ist\/en\/wp-json\/wp\/v2\/media?parent=143351"}],"wp:term":[{"taxonomy":"category","embeddable":true,"href":"https:\/\/www.enerjigazetesi.ist\/en\/wp-json\/wp\/v2\/categories?post=143351"},{"taxonomy":"post_tag","embeddable":true,"href":"https:\/\/www.enerjigazetesi.ist\/en\/wp-json\/wp\/v2\/tags?post=143351"}],"curies":[{"name":"wp","href":"https:\/\/api.w.org\/{rel}","templated":true}]}}