{"id":143313,"date":"2021-10-05T10:50:22","date_gmt":"2021-10-05T07:50:22","guid":{"rendered":"https:\/\/www.enerjigazetesi.ist\/?p=143313"},"modified":"2021-10-05T10:51:02","modified_gmt":"2021-10-05T07:51:02","slug":"49-uncu-yasini-kutlayan-milliyet-sanatin-ekim-2021-sayisi-cikti","status":"publish","type":"post","link":"https:\/\/www.enerjigazetesi.ist\/en\/49-uncu-yasini-kutlayan-milliyet-sanatin-ekim-2021-sayisi-cikti\/","title":{"rendered":"(Turkish) 49&#8217;uncu Ya\u015f\u0131n\u0131 Kutlayan &#8216;Milliyet Sanat&#8217;\u0131n Ekim 2021 Say\u0131s\u0131 \u00c7\u0131kt\u0131&#8230;"},"content":{"rendered":"<p class=\"qtranxs-available-languages-message qtranxs-available-languages-message-en\">Sorry, this entry is only available in <a href=\"https:\/\/www.enerjigazetesi.ist\/tr\/wp-json\/wp\/v2\/posts\/143313\" class=\"qtranxs-available-language-link qtranxs-available-language-link-tr\" title=\"Turkish\">Turkish<\/a>. For the sake of viewer convenience, the content is shown below in the alternative language. You may click the link to switch the active language.<\/p><p><\/p>\n<h2><strong>1&#8217;inci say\u0131s\u0131n\u0131 Eyl\u00fcl 1972\u2019de \u00e7\u0131karan Milliyet Sanat, geride b\u0131rakt\u0131\u011f\u0131 49. y\u0131l\u0131, yine elinizden b\u0131rakamayaca\u011f\u0131n\u0131z bir say\u0131yla kutluyor! Milliyet Sanat\u2019\u0131n Ekim 2021 say\u0131s\u0131nda Hali\u00e7\u2019teki Tersane \u0130stanbul\u2019da d\u00fczenlenecek Contemporary \u0130stanbul\u2019un ba\u015fkan\u0131 Ali G\u00fcreli ile s\u00f6yle\u015fi, yeni filmi ve dizisiyle yeniden izleyici kar\u015f\u0131s\u0131na \u00e7\u0131kan Nejat \u0130\u015fler\u2019in Asu Maro ile s\u00f6yle\u015fisi, 29 Ekim\u2019de Mimar Sinan Operas\u0131\u2019n\u0131n d\u00fcnya pr\u00f6miyeri ile a\u00e7\u0131lacak yeni AKM, 25. y\u0131l\u0131n\u0131 yerli ve yabanc\u0131 25 oyunla kutlayan \u0130stanbul Uluslararas\u0131 Tiyatro Festivali, fantastik bilimkurgu roman\u0131 <em>Dune <\/em>ve sinemadaki lanetli uyarlamalar\u0131, 01-10 Ekim 2021 tarihleri aras\u0131nda d\u00fczenlenen 31. Akbank Caz Festivali ve daha bir\u00e7ok renkli i\u00e7erik okurlar\u0131 bekliyor. Sanat\u0131n t\u00fcm dallar\u0131n\u0131 kucaklayan dolu dolu yaz\u0131 ve r\u00f6portajlar\u0131yla Milliyet Sanat, dijital uygulamalarla birlikte raflarda&#8230;<\/strong><\/h2>\n<p><strong>Milliyet Sanat<\/strong>, ekim say\u0131s\u0131n\u0131n kapa\u011f\u0131nda okurlar\u0131 <strong>07-10 Ekim 2021<\/strong>\u2019de yeni yerinde, Tersane \u0130stanbul\u2019da 16. Edisyonunu ger\u00e7ekle\u015ftirecek <strong>Contemporary \u0130stanbul<\/strong> ile kar\u015f\u0131l\u0131yor. Contemporary \u0130stanbul Y\u00f6netim Kurulu Ba\u015fkan\u0131 <strong>Ali G\u00fcreli<\/strong>, her y\u0131l \u00e7a\u011fda\u015f sanat\u0131n nabz\u0131n\u0131 tutan fuar\u0131 ve yeniliklerini <img loading=\"lazy\" class=\"alignright wp-image-143315\" src=\"https:\/\/www.enerjigazetesi.ist\/wp-content\/uploads\/2021\/10\/49-uncu-yasini-kutlayan-milliyet-sanatin-ekim-2021-sayisi-cikti-1.jpg\" alt=\"\" width=\"320\" height=\"177\" srcset=\"https:\/\/www.enerjigazetesi.ist\/wp-content\/uploads\/2021\/10\/49-uncu-yasini-kutlayan-milliyet-sanatin-ekim-2021-sayisi-cikti-1.jpg 478w, https:\/\/www.enerjigazetesi.ist\/wp-content\/uploads\/2021\/10\/49-uncu-yasini-kutlayan-milliyet-sanatin-ekim-2021-sayisi-cikti-1-300x166.jpg 300w, https:\/\/www.enerjigazetesi.ist\/wp-content\/uploads\/2021\/10\/49-uncu-yasini-kutlayan-milliyet-sanatin-ekim-2021-sayisi-cikti-1-80x44.jpg 80w\" sizes=\"(max-width: 320px) 100vw, 320px\" \/>anlat\u0131yor. Plastik sanatlar sayfalar\u0131nda ayr\u0131ca, <strong>Sel\u00e7uk Demirel<\/strong>\u2019in <em>\u201cBir A\u011fac\u0131n Alt\u0131nda\u201d<\/em> sergisinin yan\u0131 s\u0131ra Dirimart\u2019\u0131n kurucusu <strong>Hazer \u00d6zi<\/strong>l\u2019in, <em>\u201cNe Yerdeyim Ne G\u00f6kte\u201d<\/em> ba\u015fl\u0131kl\u0131 sergisini anlatan <strong>Ramazan Can<\/strong>\u2019\u0131n, \u00fc\u00e7\u00fcnc\u00fc ki\u015fisel sergisi <em>\u201cM\u00fch\u00fcr\u201d<\/em>\u00fc a\u00e7an <strong>Burcu Erden<\/strong>\u2019in, sanat koleksiyonerli\u011fi \u00fczerine <strong>Murat \u00dclker<\/strong>\u2019in, <em>\u201cFahrelnissa Zeid: F\u0131rt\u0131naya Do\u011fru\u201d<\/em> sergisinin k\u00fcrat\u00f6r\u00fc <strong>O\u011fuz Erten<\/strong>\u2019in, <strong>01-11 Ekim 2021<\/strong> d\u00fczenlenen 212 Photography \u0130stanbul\u2019un festival direkt\u00f6r\u00fc <strong>Banu Tun\u00e7a\u011f<\/strong>\u2019\u0131n r\u00f6portajlar\u0131 yer al\u0131yor.<\/p>\n<p>Ekim say\u0131s\u0131n\u0131n <strong>Ay\u0131n S\u00f6yle\u015fisi<\/strong> b\u00f6l\u00fcm\u00fcnde<strong> Asu Maro<\/strong>, sekiz b\u00f6l\u00fcm\u00fc a\u015fmayan konuk oyunculuklar, ba\u015f\u0131 sonu belli dijital i\u015flerle g\u00f6nl\u00fcndeki kariyeri in\u015fa eden <strong>Nejat \u0130\u015fler<\/strong>\u2019i a\u011f\u0131rl\u0131yor. Oyuncunun son filmi <strong><em>\u201c9,75\u201d<\/em> <\/strong>ve ikinci sezonu yay\u0131nlanmaya ba\u015flayan<strong> <em>\u201cSayg\u0131 2\u201d<\/em> <\/strong>dizisiyle ba\u015flayan<strong> sohbet, hayata<\/strong> ve <strong>hayattaki se\u00e7imlere<\/strong> uzanan zengin bir s\u00f6yle\u015fiye d\u00f6n\u00fc\u015f\u00fcyor.<\/p>\n<p><strong>Milliyet Sanat<\/strong>, sinema sayfalar\u0131nda; Frank Herbert\u2019\u0131n, Denis Villeneuve imzas\u0131yla yeni bir sinema uyarlamas\u0131nda bir kez daha izleyici kar\u015f\u0131s\u0131na \u00e7\u0131kan \u201clanetli\u201d <em>Dune<\/em> roman\u0131na ge\u00e7mi\u015fte bula\u015fan y\u00f6netmenlerin ya\u015fad\u0131klar\u0131na yak\u0131ndan bak\u0131yor. <strong>08-17 Ekim 2021<\/strong>\u2019de \u0130stanbul\u2019da, 1<strong>4-19 Ekim\u2019de<\/strong> Ankara\u2019da,<strong> 22-26 Ekim\u2019de<\/strong> ise \u0130zmir\u2019de sinemaseverlerle bulu\u015facak <strong>Filmekimi<\/strong>, <em>\u201cOtel Transilvanya: Transformanya\u201d<\/em> ile oyunculuktan \u015fark\u0131c\u0131l\u0131\u011fa uzanan ser\u00fcvenine yap\u0131mc\u0131l\u0131\u011f\u0131 da ekleyen <strong>Selena Gomez<\/strong>, 2-9 Ekim tarihleri aras\u0131nda d\u00fczenlenen <strong>58. Antalya Alt\u0131n Portakal Film Festivali<\/strong>, James Bond\u2019u canland\u0131ran akt\u00f6rlerin incelemesi gibi farkl\u0131 i\u00e7erikler de ayn\u0131 sayfalarda okurlar\u0131 bekliyor.<\/p>\n<p><strong>22 Ekim-20 Kas\u0131m 2021<\/strong> aras\u0131nda 25. y\u0131l\u0131n\u0131 <strong>25 yerli<\/strong> ve <strong>uluslararas\u0131 yap\u0131mla<\/strong> kutlayan <strong>\u0130stanbul<\/strong> <strong>Uluslararas\u0131 Tiyatro Festivali<\/strong>, hem fiziksel hem \u00e7evrimi\u00e7i ger\u00e7ekle\u015fecek heyecan uyand\u0131ran program\u0131yla <strong>Milliyet Sanat<\/strong> sayfalar\u0131na konuk oluyor. Festival kapsam\u0131nda oyunlar\u0131n\u0131 sahneleyecek olan <strong>BAM \u0130stanbul<\/strong> ekibi <em>\u201cIst\u0131rap Korosu\u201d<\/em>nu, <strong>Zerrin Tekindor<\/strong> ise <em>\u201cToz\u201d<\/em>u anlat\u0131yor. <strong>Se\u00e7kin Selvi <\/strong>ise yeni yaz\u0131s\u0131n\u0131, ge\u00e7ti\u011fimiz ay hayat\u0131n\u0131 kaybeden usta oyuncu <strong>Ferhan \u015eensoy<\/strong>\u2019a ay\u0131r\u0131yor.<\/p>\n<p><strong>Milliyet Sanat<\/strong> ekim say\u0131s\u0131nda, <strong>12 y\u0131l sonra<\/strong> perdesini Mimar Sinan Operas\u0131\u2019n\u0131n d\u00fcnya pr\u00f6miyeri ile a\u00e7maya haz\u0131rlanan <strong>Atat\u00fcrk K\u00fclt\u00fcr Merkezi<\/strong>\u2019nin heyecan\u0131 da sanatseverleri bekliyor.<\/p>\n<p><strong>01-10 Ekim 2021<\/strong> tarihleri aras\u0131nda <strong>\u201cyeniden \u015fehrin caz h\u00e2li\u201d<\/strong> slogan\u0131yla d\u00fczenlenen <strong>31. Akbank Caz Festivali<\/strong>\u2019nin ve be\u015finci n\u00fcshas\u0131 <strong>02-03 Ekim 2021<\/strong> tarihlerinde <strong>Zorlu PSM<\/strong>\u2019de ger\u00e7ekle\u015fecek <strong>S\u00f3nar<\/strong> <strong>Festival<\/strong>\u2019in yer ald\u0131\u011f\u0131 m\u00fczik sayfalar\u0131nda, <strong>Egemen Limoncuo\u011flu<\/strong> yeni alb\u00fcmleri <em>\u201cFuture Past\u201d<\/em>i sevenleriyle payla\u015fan <strong>Duran Duran<\/strong>\u2019\u0131 kaleme al\u0131yor. M\u00fczik sayfalar\u0131 yeni alb\u00fcmler, projeler ve <strong>Naim Dilmener<\/strong>\u2019in <strong>M\u00fczikal G\u00fcnce<\/strong>\u2019si ile dolu dolu devam ediyor.<\/p>\n<p>\u00c7ocuklar i\u00e7in kitap \u00f6nerileriyle ba\u015flayan edebiyat sayfalar\u0131nda <strong>\u015eaziye Karl\u0131kl\u0131<\/strong> yeni kitab\u0131 <em>Son Kad\u0131n\u2019<\/em>\u0131, <strong>Ba\u015far Ba\u015far\u0131r<\/strong> yeni roman\u0131<strong> <em>Dolunay \u0130ki Gece S\u00fcrer<\/em><\/strong>\u2019i, Goncourt \u00d6d\u00fcll\u00fc yazar <strong>Leila Slimani<\/strong> ise yeni roman\u0131 <em>Ba\u015fkalar\u0131n\u0131n \u00dclkesi<\/em>\u2019ni anlat\u0131yor. <strong>Ekim 2021 <\/strong>say\u0131s\u0131n\u0131n podcast sayfas\u0131na ise<strong> 20 y\u0131ld\u0131r<\/strong> s\u00fcrd\u00fcrd\u00fc\u011f\u00fc radyo program\u0131 <strong>\u201cCinayet Masas\u0131\u201d<\/strong>n\u0131 podcast olarak da dinleyicilerle bulu\u015fturan <strong>Sevin Okyay<\/strong> konuk oluyor.<\/p>\n<p><strong>Bilgi i\u00e7in<\/strong><strong>:<\/strong>\u00a0<a href=\"http:\/\/www.milliyetsanat.com\/\" target=\"_blank\" rel=\"noopener\">milliyetsanat.com<\/a>\u00a0&#8211; <a href=\"https:\/\/instagram.com\/milliyet_sanat?igshid=6mzywg50040g\" target=\"_blank\" rel=\"noopener\">instagram.com\/milliyet_sanat<\/a>\u00a0&#8211; <a href=\"https:\/\/twitter.com\/milliyet_sanat?s=11\" target=\"_blank\" rel=\"noopener\">twitter.com\/milliyet_sanat<\/a><\/p>","protected":false},"excerpt":{"rendered":"<p>Sorry, this entry is only available in Turkish. For the sake of viewer convenience, the content is shown below in the alternative language. You may click the link to switch the active language. 1&#8217;inci say\u0131s\u0131n\u0131 Eyl\u00fcl 1972\u2019de \u00e7\u0131karan Milliyet Sanat, geride b\u0131rakt\u0131\u011f\u0131 49. y\u0131l\u0131, yine elinizden b\u0131rakamayaca\u011f\u0131n\u0131z bir say\u0131yla kutluyor! Milliyet Sanat\u2019\u0131n Ekim 2021 say\u0131s\u0131nda [&hellip;]<\/p>\n","protected":false},"author":1,"featured_media":143315,"comment_status":"open","ping_status":"open","sticky":false,"template":"","format":"standard","meta":[],"categories":[53,157],"tags":[97175,97173,97176,97180,97171,97179,95538,97177,97178,97174,97181,97172,48487],"views":152,"_links":{"self":[{"href":"https:\/\/www.enerjigazetesi.ist\/en\/wp-json\/wp\/v2\/posts\/143313"}],"collection":[{"href":"https:\/\/www.enerjigazetesi.ist\/en\/wp-json\/wp\/v2\/posts"}],"about":[{"href":"https:\/\/www.enerjigazetesi.ist\/en\/wp-json\/wp\/v2\/types\/post"}],"author":[{"embeddable":true,"href":"https:\/\/www.enerjigazetesi.ist\/en\/wp-json\/wp\/v2\/users\/1"}],"replies":[{"embeddable":true,"href":"https:\/\/www.enerjigazetesi.ist\/en\/wp-json\/wp\/v2\/comments?post=143313"}],"version-history":[{"count":0,"href":"https:\/\/www.enerjigazetesi.ist\/en\/wp-json\/wp\/v2\/posts\/143313\/revisions"}],"wp:featuredmedia":[{"embeddable":true,"href":"https:\/\/www.enerjigazetesi.ist\/en\/wp-json\/wp\/v2\/media\/143315"}],"wp:attachment":[{"href":"https:\/\/www.enerjigazetesi.ist\/en\/wp-json\/wp\/v2\/media?parent=143313"}],"wp:term":[{"taxonomy":"category","embeddable":true,"href":"https:\/\/www.enerjigazetesi.ist\/en\/wp-json\/wp\/v2\/categories?post=143313"},{"taxonomy":"post_tag","embeddable":true,"href":"https:\/\/www.enerjigazetesi.ist\/en\/wp-json\/wp\/v2\/tags?post=143313"}],"curies":[{"name":"wp","href":"https:\/\/api.w.org\/{rel}","templated":true}]}}