{"id":143308,"date":"2021-10-04T18:27:56","date_gmt":"2021-10-04T15:27:56","guid":{"rendered":"https:\/\/www.enerjigazetesi.ist\/?p=143308"},"modified":"2021-10-04T18:32:04","modified_gmt":"2021-10-04T15:32:04","slug":"yat-yarisi-etkinligi-ruhun-yelkenleri-2021-tasucu-silifkede-yapildi","status":"publish","type":"post","link":"https:\/\/www.enerjigazetesi.ist\/en\/yat-yarisi-etkinligi-ruhun-yelkenleri-2021-tasucu-silifkede-yapildi\/","title":{"rendered":"(Turkish) Yat Yar\u0131\u015f\u0131 Etkinli\u011fi &#8216;Ruhun Yelkenleri 2021&#8217; Ta\u015fucu-Silifke\u2019de Yap\u0131ld\u0131"},"content":{"rendered":"<p class=\"qtranxs-available-languages-message qtranxs-available-languages-message-en\">Sorry, this entry is only available in <a href=\"https:\/\/www.enerjigazetesi.ist\/tr\/wp-json\/wp\/v2\/posts\/143308\" class=\"qtranxs-available-language-link qtranxs-available-language-link-tr\" title=\"Turkish\">Turkish<\/a>. For the sake of viewer convenience, the content is shown below in the alternative language. You may click the link to switch the active language.<\/p><p><\/p>\n<h2>Engelliler ve toplumun di\u011fer fertleri aras\u0131nda yeni bir olumlu etkile\u015fim modeli olu\u015fturma amac\u0131yla d\u00fczenlenen Ruhun Yelkenleri etkinlikleri, Mersin\u2019in Silifke il\u00e7esine ba\u011fl\u0131 Ta\u015fucu mahallesinde yap\u0131ld\u0131. Uluslararas\u0131 yat yar\u0131\u015f\u0131, \u00e7evre kampanyas\u0131, b\u00f6lgede toplanan \u00e7\u00f6plerden bir sanat eseri yarat\u0131lmas\u0131 ve kapsay\u0131c\u0131 bir m\u00fcrettebatla denize a\u00e7\u0131lman\u0131n da dahil oldu\u011fu yo\u011fun bir programa sahip olan Ruhun Yelkenleri etkinlikleri, Rusya Devlet Atom Enerjisi Kurumu\u2019nun deste\u011fiyle yap\u0131ld\u0131.<\/h2>\n<p><strong>Uluslararas\u0131 Kapsay\u0131c\u0131 G\u00fcnler<\/strong> \u00e7er\u00e7evesinde, AKKUYU N\u00dcKLEER A.\u015e ve kamu kurulu\u015flar\u0131n\u0131n temsilcileri ile Ruhun Yelkenleri gezisinin <strong>uluslararas\u0131 m\u00fcrettebat\u0131n\u0131n da kat\u0131ld\u0131\u011f\u0131<\/strong> bir<strong> yat yar\u0131\u015f\u0131<\/strong> yap\u0131ld\u0131. <strong>\u00a0Ta\u015fucu, Silifke\u2019de<\/strong> d\u00fczenlenen ve <strong>iki yat\u0131n kat\u0131ld\u0131\u011f\u0131<\/strong> bu yar\u0131\u015fla e\u015f zamanl\u0131 olarak Alman <img loading=\"lazy\" class=\"alignright wp-image-143310\" src=\"https:\/\/www.enerjigazetesi.ist\/wp-content\/uploads\/2021\/10\/yat-yarisi-etkinligi-ruhun-yelkenleri-2021-tasucu-silifkede-yapildi-2.jpg\" alt=\"\" width=\"320\" height=\"240\" srcset=\"https:\/\/www.enerjigazetesi.ist\/wp-content\/uploads\/2021\/10\/yat-yarisi-etkinligi-ruhun-yelkenleri-2021-tasucu-silifkede-yapildi-2.jpg 550w, https:\/\/www.enerjigazetesi.ist\/wp-content\/uploads\/2021\/10\/yat-yarisi-etkinligi-ruhun-yelkenleri-2021-tasucu-silifkede-yapildi-2-300x225.jpg 300w, https:\/\/www.enerjigazetesi.ist\/wp-content\/uploads\/2021\/10\/yat-yarisi-etkinligi-ruhun-yelkenleri-2021-tasucu-silifkede-yapildi-2-500x375.jpg 500w, https:\/\/www.enerjigazetesi.ist\/wp-content\/uploads\/2021\/10\/yat-yarisi-etkinligi-ruhun-yelkenleri-2021-tasucu-silifkede-yapildi-2-67x50.jpg 67w\" sizes=\"(max-width: 320px) 100vw, 320px\" \/>sanat\u00e7\u0131 <strong>Pavel Erlich<\/strong> taraf\u0131ndan denizin dibinden <strong>toplanan at\u0131klardan bir sanat eseri<\/strong> de yarat\u0131ld\u0131.<\/p>\n<p>Yat yar\u0131\u015f\u0131nda <strong>Janis Elerts (Letonya)<\/strong> ve <strong>Johannes Marseille (\u0130sve\u00e7) kaptanl\u0131k<\/strong> yapt\u0131. <strong>1&#8217;incili\u011fi<\/strong> Janis Elerts\u2019in ekibinden Abilympics \u015eampiyonas\u0131 <strong>\u201cmasaj terapisi\u201d yetkinlik<\/strong> alan\u0131nda ulusal ba\u015f uzman Vladislav Melnik (Rusya), g\u00f6rme engelli tarih\u00e7i Evgeny Nelzikov (Rusya), Akdeniz-Mersin Kent Konseyi Engelliler Meclisi Ba\u015fkan\u0131 g\u00f6rme engelli Soner Demir (T\u00fcrkiye) kazan\u0131rken, ikincili\u011fi AKKUYU N\u00dcKLEER A.\u015e Genel M\u00fcd\u00fcr Birinci Yard\u0131mc\u0131s\u0131 ve N\u00fckleer G\u00fc\u00e7 Santrali Yap\u0131 \u0130\u015fleri Direkt\u00f6r\u00fc Sergei Butckikh, AKKKUYU N\u00dcKLEER A.\u015e Halkla \u0130li\u015fkiler ve \u0130leti\u015fim Direkt\u00f6r\u00fc Kiyra Jade Staples ve T\u00fcrkiye G\u00f6rme Engelliler Federasyonu Ba\u015fkan Yard\u0131mc\u0131s\u0131 Dursun Arslan\u2019dan olu\u015fan Johannes Marseille\u2019in tak\u0131m\u0131 elde etti.<\/p>\n<p><strong>Yat yar\u0131\u015f\u0131<\/strong> ile e\u015f zamanl\u0131 d\u00fczenlenen ve <strong>evsel at\u0131klar\u0131n toplanmas\u0131<\/strong>n\u0131 i\u00e7eren <strong>ekoloji etkinli\u011fine<\/strong> ise, AKKUYU N\u00dcKLEER A.\u015e. temsilcileri, Engelliler Derne\u011fi Ba\u015fkan\u0131 ve \u00fcyeleri ile, onlar\u0131n aileleri kat\u0131ld\u0131.<\/p>\n<p>\u00c7\u00f6plerden bir sanat eseri yaratan Alman sanat\u00e7\u0131<strong> Pavel Erlich<\/strong> \u015funlar\u0131 s\u00f6yledi: <em>\u201cBu sanat eserinin en \u00f6nemli \u00f6zelli\u011fi, herkesin buna dahil olmas\u0131yd\u0131. Biri \u00e7\u00f6pleri toplad\u0131, biri dalg\u0131\u00e7lara yard\u0131m etti, biri alan\u0131 d\u00fczenledi. Dalg\u0131\u00e7lara \u00e7ok te\u015fekk\u00fcr ederim, denizin dibinden yakla\u015f\u0131k<strong> 70 y\u0131ll\u0131k bir sandalye<\/strong> gibi \u00e7ok \u00f6zel \u015feyler \u00e7\u0131kard\u0131lar.\u201d<\/em><\/p>\n<p>AKKUYU N\u00dcKLEER A.\u015e. B\u00f6lge \u0130leti\u015fim Birimi uzman\u0131 <strong>Esra Kut<\/strong> da yapt\u0131\u011f\u0131 a\u00e7\u0131klamada \u015funlar\u0131 dile getirdi: \u201cBu etkinli\u011fe ilk kez kat\u0131l\u0131yorum ancak son iki y\u0131ld\u0131r Ruhun Yelkenleri\u2019ni bir\u00e7ok kez duydum. \u00c7evre etkinliklerinin \u00e7ok \u00f6nemli oldu\u011funu d\u00fc\u015f\u00fcn\u00fcyorum. Bu etkinlik de kat\u0131lan herkes i\u00e7in hem \u00f6nemli hem de e\u011flenceliydi. \u00a0Deniz dibinde <strong>evsel at\u0131klar\u0131n yatt\u0131\u011f\u0131n\u0131 ke\u015ffetmek<\/strong> ve bundan<strong> bir sanat eseri yaratmak<\/strong> ilgin\u00e7ti. \u0130nsanlar\u0131n denize bunun gibi \u015feyler atmalar\u0131na \u015fa\u015f\u0131rd\u0131m. Kapsay\u0131c\u0131 etkinliklerin t\u00fcm d\u00fcnyadan insanlar\u0131 bir araya getirmenin iyi bir yolu oldu\u011funu d\u00fc\u015f\u00fcn\u00fcyorum. <strong>Engelliler<\/strong> ve <strong>engelli olmayanlar<\/strong> aras\u0131ndaki s\u0131n\u0131rlar\u0131 kald\u0131rmak, birlikte zaman ge\u00e7irmek \u00f6nemli. <strong>\u00c7evre kampanyas\u0131na<\/strong> kat\u0131lan herkes tek bir tak\u0131m halinde olumlu bi\u00e7imde etkile\u015fim i\u00e7indeydi, her \u015fey \u00e7ok ahenkliydi.\u201d<\/p>\n<p>Etkinlikler \u00e7er\u00e7evesinde ayr\u0131ca, engelli olmayan kat\u0131l\u0131mc\u0131lar\u0131n g\u00f6zleri ba\u011flanarak<strong> y\u00fcr\u00fcy\u00fc\u015fler, hamura \u015fekil verme<\/strong> ve <strong>denizci d\u00fc\u011f\u00fcm\u00fc atma<\/strong> faaliyetleri de ger\u00e7ekle\u015ftirildi. Geziye dahil olan, <strong>gazeteciler<\/strong> ve <strong>yap\u0131m\u0131 devam<\/strong> eden <strong>Akkuyu N\u00fckleer G\u00fc\u00e7 Santrali<\/strong>\u2019ni in\u015fa eden <strong>AKKUYU N\u00dcKLEER A.\u015e\u2019nin<\/strong> temsilcilerinden olu\u015fan yeni ekip de, bu faaliyetlerin y\u00fcr\u00fct\u00fcld\u00fc\u011f\u00fc <strong>ustal\u0131k s\u0131n\u0131flar\u0131na<\/strong> kat\u0131ld\u0131.<\/p>","protected":false},"excerpt":{"rendered":"<p>Sorry, this entry is only available in Turkish. For the sake of viewer convenience, the content is shown below in the alternative language. You may click the link to switch the active language. Engelliler ve toplumun di\u011fer fertleri aras\u0131nda yeni bir olumlu etkile\u015fim modeli olu\u015fturma amac\u0131yla d\u00fczenlenen Ruhun Yelkenleri etkinlikleri, Mersin\u2019in Silifke il\u00e7esine ba\u011fl\u0131 Ta\u015fucu [&hellip;]<\/p>\n","protected":false},"author":1,"featured_media":143311,"comment_status":"open","ping_status":"open","sticky":false,"template":"","format":"standard","meta":[],"categories":[53,43],"tags":[20733,84353,97169,1301,97170,15415,97168,97167],"views":346,"_links":{"self":[{"href":"https:\/\/www.enerjigazetesi.ist\/en\/wp-json\/wp\/v2\/posts\/143308"}],"collection":[{"href":"https:\/\/www.enerjigazetesi.ist\/en\/wp-json\/wp\/v2\/posts"}],"about":[{"href":"https:\/\/www.enerjigazetesi.ist\/en\/wp-json\/wp\/v2\/types\/post"}],"author":[{"embeddable":true,"href":"https:\/\/www.enerjigazetesi.ist\/en\/wp-json\/wp\/v2\/users\/1"}],"replies":[{"embeddable":true,"href":"https:\/\/www.enerjigazetesi.ist\/en\/wp-json\/wp\/v2\/comments?post=143308"}],"version-history":[{"count":0,"href":"https:\/\/www.enerjigazetesi.ist\/en\/wp-json\/wp\/v2\/posts\/143308\/revisions"}],"wp:featuredmedia":[{"embeddable":true,"href":"https:\/\/www.enerjigazetesi.ist\/en\/wp-json\/wp\/v2\/media\/143311"}],"wp:attachment":[{"href":"https:\/\/www.enerjigazetesi.ist\/en\/wp-json\/wp\/v2\/media?parent=143308"}],"wp:term":[{"taxonomy":"category","embeddable":true,"href":"https:\/\/www.enerjigazetesi.ist\/en\/wp-json\/wp\/v2\/categories?post=143308"},{"taxonomy":"post_tag","embeddable":true,"href":"https:\/\/www.enerjigazetesi.ist\/en\/wp-json\/wp\/v2\/tags?post=143308"}],"curies":[{"name":"wp","href":"https:\/\/api.w.org\/{rel}","templated":true}]}}